{"id":1385,"date":"2011-10-07T22:23:20","date_gmt":"2011-10-07T22:23:20","guid":{"rendered":"http:\/\/blog.causeur.fr\/asiledeblog\/?p=1385"},"modified":"2021-04-26T12:57:44","modified_gmt":"2021-04-26T10:57:44","slug":"diner-leger","status":"publish","type":"post","link":"https:\/\/blog.causeur.fr\/asiledeblog\/diner-leger-1385","title":{"rendered":"D\u00eener l\u00e9ger"},"content":{"rendered":"<p><a href=\"http:\/\/blog.causeur.fr\/asiledeblog\/files\/2011\/10\/69.jpg\"><img loading=\"lazy\" decoding=\"async\" class=\"alignleft size-full wp-image-1451\" src=\"http:\/\/blog.causeur.fr\/asiledeblog\/files\/2011\/10\/69.jpg\" alt=\"\" width=\"300\" height=\"201\" \/><\/a>Le 28\u00a0septembre, pour Paris Premi\u00e8re, Guillaume Du\u00adrand recevait chez lui une brochette de personnalit\u00e9s autour d\u2019un bon repas chaud et gratuit. Le concept avait \u00e9t\u00e9 inaugur\u00e9 il y a une petite d\u00e9cennie par Thierry Ardisson avec\u00a0<em>93, Faubourg Saint-Honor\u00e9\u00a0<\/em>; ici, \u00e7a s\u2019appelle tout simplement\u00a0<em>Rive droite<\/em>: Durand ne donne pas son adresse \u00e0 n\u2019importe qui.\u00a0<!--more--><\/p>\n<p>Autre innovation d\u2019importance : l\u2019ambiance, annon\u00e7ait-on, serait r\u00e9solument \u00ab\u00a0rock\u00a0\u00bb. De fait, le g\u00e9n\u00e9rique d\u00e9file sur\u00a0<em>Sympathy for the Devil<\/em>\u00a0des Stones \u2013 et des portraits de Keith Richards occup\u00e9 \u00e0 fumer des p\u00e9tards.<\/p>\n<p>On est presque surpris, du coup, de voir Durand d\u00e9barquer en civil, sans blouson Perfecto ni jean convenablement trou\u00e9. Point non plus de junk food dans les assiettes : la cuisine a \u00e9t\u00e9 confi\u00e9e au chef italien Massimo Mori.<\/p>\n<p>Pendant que le toqu\u00e9 peaufine amoureusement son\u00a0<em>vitello tonnato<\/em>, Guillaume prend l\u2019ap\u00e9ro sans fa\u00e7ons avec Rama Yade, Giesbert et Mademoiselle Agn\u00e8s. Il y est question no\u00adtamment d\u2019\u00ab\u00a0<em>une soir\u00e9e de dingues chez Apicius avec Francis le Belge<\/em>\u00a0\u00bb puis de Marseille, o\u00f9 \u00ab<em>\u00a0\u00e7a pue en ce moment<\/em>\u00a0\u00bb. La gouaille durandienne est communicative, sauf aupr\u00e8s de Rama \u2013 qui exprime m\u00eame ses r\u00e9ticences \u00e0 l\u2019\u00e9gard du tutoiement.<\/p>\n<p>C\u2019est pas qu\u2019on s\u2019ennuie, mais l\u2019arriv\u00e9e du ludion Philippe Tesson va quand m\u00eame corser un peu la conversation. \u00ab<em>\u00a0C\u2019est un mod\u00e8le, ce mec, il a toujours dit merde \u00e0 tout le monde !<\/em>\u00a0\u00bb, balance d\u2019embl\u00e9e FOG. Ravi du compliment, Tesson encha\u00eene en \u00e9vo\u00adquant quelques provocations dont il reste particuli\u00e8rement fier sur la gauche, la droite, m\u00eame le bon Dieu.<\/p>\n<p>C\u2019est le moment ou jamais, et Durand le sait, pour booster sa premi\u00e8re \u00e0 coup de buzz et de zap\u00adping : il lui faut une \u201cpetite phrase\u201d et Tesson est le bon client. Alors il vante l\u2019\u00ab\u00a0<em>ind\u00e9pendance d\u2019esprit\u00a0<\/em>\u00bb de ce sar\u00adkozyste qui a pu traiter Sarkozy de \u00ab\u00a0<em>fou<\/em>\u00a0\u00bb. Et \u00e7a marche ! L\u2019autre confirme : \u00ab\u00a0<em>Il rel\u00e8ve de la psychiatrie<\/em>\u00a0\u00bb, et aussit\u00f4t Guillaume se d\u00e9tend : il la tient, sa petite phrase ! Apr\u00e8s, Tesson pourra toujours nuancer, puis banaliser son propos (genre : \u201cOn est tous fous\u2026\u201d). Qu\u2019importe, le buzz est parti !<\/p>\n<p>Autre \u201cmoment fort\u201d de ce d\u00eener en ville t\u00e9l\u00e9vis\u00e9 : le\u00a0<em>coming out\u00a0<\/em>v\u00e9g\u00e9tarien de Franz-Olivier Giesbert, qui nous vaudra un passionnant \u00e9change :<br \/>\n\u2013 Giesbert : \u00ab\u00a0<em>Les animaux souffrent !<\/em>\u00a0\u00bb<br \/>\n\u2013 Tesson : \u00ab<em>\u00a0Il y a des plantes qui pleurent !<\/em>\u00a0\u00bb<br \/>\n\u2013 Durand : \u00ab\u00a0<em>Et la mort atroce du homard plong\u00e9 dans l\u2019eau bouil\u00adlante ?<\/em>\u00a0\u00bb<\/p>\n<p>Ce n\u2019est pas avec ce genre de br\u00e8ves de comptoir que Durand tiendra la promesse solennelle faite, entre autres, \u00e0\u00a0<em>T\u00e9l\u00e9 Obs\u00a0<\/em>: nous faire partager sa \u00ab\u00a0<em>vision \u00e9clat\u00e9e de l\u2019art et de la culture\u00a0<\/em>\u00bb.<\/p>\n<p>D\u2019ailleurs, une \u00e9mission comme celle-ci rel\u00e8ve moins de la culture, \u201c\u00e9clat\u00e9e\u201d ou pas, que du divertissement \u201ctr\u00e8s parisien\u201d, c\u2019est-\u00e0-dire pas d\u00e9sagr\u00e9able mais dispensable. \u00c0 voir si l\u2019on n\u2019a rien d\u2019urgent \u00e0 faire \u2013 ou juste une chronique t\u00e9l\u00e9.<\/p>\n<p>Publi\u00e9 pour <a href=\"http:\/\/www.valeursactuelles.com\/culture\/t%C3%A9l%C3%A9vision\/d%C3%AEner-l%C3%A9ger20111006.html\">Valeurs Actuelles<\/a>, le 6 septembre<br \/>\nPhoto \u00a9Paris Premi\u00e8re<\/p>\n","protected":false},"excerpt":{"rendered":"<p>Le 28\u00a0septembre, pour Paris Premi\u00e8re, Guillaume Du\u00adrand recevait chez lui une brochette de personnalit\u00e9s autour d\u2019un bon repas chaud et gratuit. Le concept avait \u00e9t\u00e9 inaugur\u00e9 il y a une petite d\u00e9cennie par Thierry Ardisson avec\u00a093, Faubourg Saint-Honor\u00e9\u00a0; ici, \u00e7a s\u2019appelle tout simplement\u00a0Rive droite: Durand ne donne pas son adresse \u00e0 n\u2019importe qui.\u00a0<\/p>\n","protected":false},"author":9,"featured_media":0,"comment_status":"open","ping_status":"open","sticky":false,"template":"","format":"standard","meta":{"footnotes":""},"categories":[11],"tags":[262,172],"class_list":{"0":"post-1385","1":"post","2":"type-post","3":"status-publish","4":"format-standard","6":"category-opinions","7":"tag-guillaume-durand","8":"tag-philippe-tesson"},"_links":{"self":[{"href":"https:\/\/blog.causeur.fr\/asiledeblog\/wp-json\/wp\/v2\/posts\/1385","targetHints":{"allow":["GET"]}}],"collection":[{"href":"https:\/\/blog.causeur.fr\/asiledeblog\/wp-json\/wp\/v2\/posts"}],"about":[{"href":"https:\/\/blog.causeur.fr\/asiledeblog\/wp-json\/wp\/v2\/types\/post"}],"author":[{"embeddable":true,"href":"https:\/\/blog.causeur.fr\/asiledeblog\/wp-json\/wp\/v2\/users\/9"}],"replies":[{"embeddable":true,"href":"https:\/\/blog.causeur.fr\/asiledeblog\/wp-json\/wp\/v2\/comments?post=1385"}],"version-history":[{"count":0,"href":"https:\/\/blog.causeur.fr\/asiledeblog\/wp-json\/wp\/v2\/posts\/1385\/revisions"}],"wp:attachment":[{"href":"https:\/\/blog.causeur.fr\/asiledeblog\/wp-json\/wp\/v2\/media?parent=1385"}],"wp:term":[{"taxonomy":"category","embeddable":true,"href":"https:\/\/blog.causeur.fr\/asiledeblog\/wp-json\/wp\/v2\/categories?post=1385"},{"taxonomy":"post_tag","embeddable":true,"href":"https:\/\/blog.causeur.fr\/asiledeblog\/wp-json\/wp\/v2\/tags?post=1385"}],"curies":[{"name":"wp","href":"https:\/\/api.w.org\/{rel}","templated":true}]}}