{"id":1403,"date":"2011-10-22T14:10:41","date_gmt":"2011-10-22T14:10:41","guid":{"rendered":"http:\/\/blog.causeur.fr\/asiledeblog\/?p=1403"},"modified":"2021-04-26T12:57:43","modified_gmt":"2021-04-26T10:57:43","slug":"leuro-demonetise","status":"publish","type":"post","link":"https:\/\/blog.causeur.fr\/asiledeblog\/leuro-demonetise-1403","title":{"rendered":"L\u2019euro d\u00e9mon\u00e9tis\u00e9 ?"},"content":{"rendered":"<p><a href=\"http:\/\/blog.causeur.fr\/asiledeblog\/files\/2011\/10\/65.jpg\"><img loading=\"lazy\" decoding=\"async\" class=\"alignleft size-full wp-image-1443\" src=\"http:\/\/blog.causeur.fr\/asiledeblog\/files\/2011\/10\/65.jpg\" alt=\"\" width=\"250\" height=\"186\" \/><\/a>Protectionnisme, \u201cd\u00e9mondialisation\u201d, sortie de l\u2019euro : autant d\u2019id\u00e9es qui s\u2019invitent de plus en plus dans le d\u00e9bat politique \u2013 et par cons\u00e9quent \u00e0 la t\u00e9l\u00e9. On l\u2019a vu bien s\u00fbr avec le score aux primaires socialistes d\u2019un Montebourg, pass\u00e9 en quelques mois de 5 % dans les sondages \u00e0 17 % dans ces urnes privatis\u00e9es. Et il est loin d\u2019\u00eatre seul sur le cr\u00e9neau\u2026\u00a0<!--more--><\/p>\n<p>\u00c0 sa gauche, M\u00e9lenchon drague d\u00e9sormais ouvertement ces 456 000 suffrages \u201cmontebourgeois\u201d qui arrondiraient confortablement son p\u00e9cule \u00e9lectoral de tribun du peuple. Quant \u00e0 Nicolas Dupont-Aignan, il n\u2019a attendu personne pour tirer la sonnette d\u2019alarme \u2013 quitte \u00e0 rester, \u00e0 droite, la\u00a0<em>vox clamantis in deserto<\/em>. Mais peu lui chaut : comme il l\u2019expliquait l\u2019autre samedi chez Ruquier, le d\u00e9bat en la mati\u00e8re n\u2019oppose pas droite et gauche, mais\u00a0<em>\u00ab mondialistes et r\u00e9publicains nationaux \u00bb<\/em>.<\/p>\n<p>Le vrai probl\u00e8me, c\u2019est le ch\u00f4mage, explique-t-il, et, pour le r\u00e9soudre, il est indispensable de recouvrer notre libert\u00e9 mon\u00e9taire.<\/p>\n<p>Face \u00e0 lui, le duo Pulvar-Polony semble s\u2019\u00eatre r\u00e9parti les t\u00e2ches :\u00a0<em>\u00ab La sortie de l\u2019euro ne serait-elle pas elle aussi dramatique ? \u00bb<\/em>, s\u2019inqui\u00e8te Natacha ;\u00a0<em>\u00ab Avec qui comptez-vous donc mettre en oeuvre ce programme ? \u00bb<\/em>, ironise Audrey \u2013 qui, \u00e0 ma connaissance, n\u2019a pas pos\u00e9 la m\u00eame question \u00e0 son compagnon Arnaud\u2026<\/p>\n<p>Sauf que la vague protectionniste d\u00e9borde largement la classe politique.<\/p>\n<p>Mardi 11, entre les deux tours des primaires, Anne Hidalgo en fera l\u2019am\u00e8re exp\u00e9rience, dans son r\u00f4le de femme-sandwich de Martine Aubry.<\/p>\n<p>Au d\u00e9but bien s\u00fbr quand Philippe de Saint Robert lance :\u00a0<em>\u00ab Hollande est le candidat centriste par excellence \u00bb<\/em>, elle boit du petit-lait, sans savoir qu\u2019elle mange aussi son pain blanc.\u00a0<em>\u00ab Martine Aubry, c\u2019est le vrai changement ! \u00bb<\/em>, croit-elle pouvoir encha\u00eener, mais d\u00e9j\u00e0 l\u2019\u00e9crivain se moque :\u00a0<em>\u00ab Avec elle, vous allez convaincre M. Barroso de faire l\u2019Europe que vous voulez ? \u00bb<\/em><\/p>\n<p>Et Emmanuel Todd d\u2019enfoncer le clou : libre-\u00e9change et mondialisation ne font d\u00e9cid\u00e9ment pas bon m\u00e9nage, explique cet emp\u00eacheur de penser en rond :\u00a0<em>\u00ab Si l\u2019Europe se convertit au protectionnisme, l\u2019euro est sauvable. Sinon il faut s\u2019en d\u00e9barrasser, parce qu\u2019il fait trop de mal \u00e0 la France ! \u00bb<\/em><\/p>\n<p>Pour moi qui n\u2019entends rien aux \u201csciences \u00e9conomiques\u201d, \u00e7a a au moins le m\u00e9rite d\u2019\u00eatre clair. Aux gens qui parlent d\u00e9j\u00e0 de la France au pass\u00e9, je pr\u00e9f\u00e9rerai toujours ceux qui entrevoient pour elle un avenir \u2013 qu\u2019ils s\u2019appellent Emmanuel ou Marine, Arnaud ou Nicolas.<\/p>\n<p>Publi\u00e9 pour <a href=\"http:\/\/www.valeursactuelles.com\/culture\/t%C3%A9l%C3%A9vision\/l%E2%80%99euro-d%C3%A9mon%C3%A9tis%C3%A920111020.html\">Valeurs Actuelles<\/a>, le 20 octobre 2011<\/p>\n","protected":false},"excerpt":{"rendered":"<p>Protectionnisme, \u201cd\u00e9mondialisation\u201d, sortie de l\u2019euro : autant d\u2019id\u00e9es qui s\u2019invitent de plus en plus dans le d\u00e9bat politique \u2013 et par cons\u00e9quent \u00e0 la t\u00e9l\u00e9. On l\u2019a vu bien s\u00fbr avec le score aux primaires socialistes d\u2019un Montebourg, pass\u00e9 en quelques mois de 5 % dans les sondages \u00e0 17 % dans ces urnes privatis\u00e9es. [&hellip;]<\/p>\n","protected":false},"author":9,"featured_media":0,"comment_status":"open","ping_status":"open","sticky":false,"template":"","format":"standard","meta":{"footnotes":""},"categories":[11],"tags":[295],"class_list":{"0":"post-1403","1":"post","2":"type-post","3":"status-publish","4":"format-standard","6":"category-opinions","7":"tag-nicolas-dupont-aignan"},"_links":{"self":[{"href":"https:\/\/blog.causeur.fr\/asiledeblog\/wp-json\/wp\/v2\/posts\/1403","targetHints":{"allow":["GET"]}}],"collection":[{"href":"https:\/\/blog.causeur.fr\/asiledeblog\/wp-json\/wp\/v2\/posts"}],"about":[{"href":"https:\/\/blog.causeur.fr\/asiledeblog\/wp-json\/wp\/v2\/types\/post"}],"author":[{"embeddable":true,"href":"https:\/\/blog.causeur.fr\/asiledeblog\/wp-json\/wp\/v2\/users\/9"}],"replies":[{"embeddable":true,"href":"https:\/\/blog.causeur.fr\/asiledeblog\/wp-json\/wp\/v2\/comments?post=1403"}],"version-history":[{"count":0,"href":"https:\/\/blog.causeur.fr\/asiledeblog\/wp-json\/wp\/v2\/posts\/1403\/revisions"}],"wp:attachment":[{"href":"https:\/\/blog.causeur.fr\/asiledeblog\/wp-json\/wp\/v2\/media?parent=1403"}],"wp:term":[{"taxonomy":"category","embeddable":true,"href":"https:\/\/blog.causeur.fr\/asiledeblog\/wp-json\/wp\/v2\/categories?post=1403"},{"taxonomy":"post_tag","embeddable":true,"href":"https:\/\/blog.causeur.fr\/asiledeblog\/wp-json\/wp\/v2\/tags?post=1403"}],"curies":[{"name":"wp","href":"https:\/\/api.w.org\/{rel}","templated":true}]}}