{"id":1435,"date":"2011-10-27T17:03:23","date_gmt":"2011-10-27T17:03:23","guid":{"rendered":"http:\/\/blog.causeur.fr\/asiledeblog\/?p=1435"},"modified":"2021-04-26T12:57:43","modified_gmt":"2021-04-26T10:57:43","slug":"grand-duo-pour-petite-chaine","status":"publish","type":"post","link":"https:\/\/blog.causeur.fr\/asiledeblog\/grand-duo-pour-petite-chaine-1435","title":{"rendered":"Grand duo pour petite cha\u00eene"},"content":{"rendered":"<p><a href=\"http:\/\/blog.causeur.fr\/asiledeblog\/files\/2011\/10\/811.png\"><img loading=\"lazy\" decoding=\"async\" class=\"alignleft size-full wp-image-1437\" src=\"http:\/\/blog.causeur.fr\/asiledeblog\/files\/2011\/10\/811.png\" alt=\"\" width=\"300\" height=\"200\" \/><\/a>\u00a0Cinq semaines d\u00e9j\u00e0 que le couple Zemmour-Naulleau, remerci\u00e9 par Ruquier, a trouv\u00e9 asile sur Paris Premi\u00e8re. L\u2019heure d\u2019un premier bilan, aussi subjectif que cette chronique se doit de l\u2019\u00eatre. La bonne nouvelle, c\u2019est que nos deux comp\u00e8res ne se prennent toujours pas trop au s\u00e9rieux.\u00a0<!--more--><\/p>\n<p>T\u00e9moins le titre de leur \u00e9mission, Z&amp;N, que l\u2019on est pri\u00e9 de lire \u00ab\u00a0<em>Zen<\/em>\u00a0\u00bb, et surtout un g\u00e9n\u00e9rique en forme de clin d\u2019\u0153il \u00e0 <em>Amicalement v\u00f4tre<\/em>. La moins bonne, c\u2019est que l\u2019exercice manque un peu d\u2019enjeu\u2006: il consiste essentiellement \u00e0 mettre en sc\u00e8ne leurs d\u00e9saccords \u2013 de moins en moins \u00e9vidents \u2013 face \u00e0 des invit\u00e9s contents d\u2019\u00eatre l\u00e0 quoi qu\u2019il arrive.<\/p>\n<p>Entendons-nous\u2006: je n\u2019accuse personne\u2006! Paris Premi\u00e8re a eu mille fois raison de r\u00e9cup\u00e9rer nos duettistes, et m\u00eame eux d\u2019accepter. N\u2019emp\u00eache que, \u201csortis\u201d de France 2, ils se retrouvent un peu \u00e0 l\u2019\u00e9troit sur cette petite cha\u00eene m\u00eame pas gratuite.<\/p>\n<p>Bref, il manque \u00e0 leur nouvelle \u00e9mission les moyens du service public et la force de la machine Barma \u2013 du nom de la \u201cgrande Catherine\u201d, productrice d\u2019<em>On n\u2019est pas couch\u00e9<\/em>. Faute de cette puissance de feu, Z&amp;N en sont r\u00e9duits \u00e0 recevoir des \u201cdeuxi\u00e8mes couteaux\u201d de l\u2019actualit\u00e9\u2006; autrement dit, des personnalit\u00e9s politiques qui, ces jours-ci, ne sont pas en situation de refuser une invitation \u00e0 la t\u00e9l\u00e9.<\/p>\n<p>Bayrou par exemple, c\u2019est sympa\u2006; mais on aurait pr\u00e9f\u00e9r\u00e9 l\u2019entendre en avril\u00a02007, lorsqu\u2019il pesait 18,5\u00a0% des voix\u2026 Fabius, pourquoi pas\u2006? Mais c\u2019e\u00fbt \u00e9t\u00e9 plus excitant de l\u2019interviewer \u00e0 la fin 2005, quand, apr\u00e8s avoir ferraill\u00e9 contre le trait\u00e9 constitutionnel europ\u00e9en, il avait ralli\u00e9 la majorit\u00e9 du PS sur des bases \u201couiouistes\u201d. Passons rapidement sur le ph\u00e9nom\u00e8ne Villepin, qui a fait \u201cpschitt\u2006!\u201d depuis longtemps. Quant \u00e0 l\u2019immarcescible Jack Lang, on l\u2019a tellement entendu dire n\u2019importe quoi, \u00e0 tout propos et hors de propos, qu\u2019il reste bien le seul \u00e0 s\u2019\u00e9couter encore.<\/p>\n<p>Certes il y a eu Marine Le Pen, cette Mrs. Hyde en voie de jekyl\u00adlisation ; mais face \u00e0 elle, le non-conformisme de Naulleau et les inclinations intellectuelles de Zemmour ne pou\u00advaient donner qu\u2019un \u00e9change \u00e0 fleurets mouchet\u00e9s. La preuve\u2006: apr\u00e8s avoir pass\u00e9 en revue leurs d\u00e9saccords, le plus pol\u00e9mique des deux \u00c9ric ne pourra conclure que sur une pirouette\u2006: \u00ab\u00a0<em>Vous avez une vision parano\u00efaque\u2006! On dirait moi\u2026<\/em>\u00a0\u00bb<\/p>\n<p>J\u2019allais oublier, en deuxi\u00e8me partie de ce programme, son appendice \u201csoci\u00e9tal\u201d \u2013 plus ou moins int\u00e9ressant selon qu\u2019il confronte nos deux chahuteurs aux n\u00e9orobespierristes du site Mediapart, \u00e0 des \u201cindign\u00e9s\u201d choisis au hasard ou \u00e0 tel prof d\u2019EPS \u201cen col\u00e8re\u201d.<\/p>\n<p>In\u00e9vitablement, en passant de l\u2019ar\u00e8ne ruqui\u00e9rienne \u00e0 ce miniplateau, avec son audience restreinte et son public conquis d\u2019avance, Zemmour et Naulleau ont perdu de leur force subversive\u2006; leurs costumes de Supermen de la provoc tous azimuts ont eux aussi r\u00e9tr\u00e9ci au lavage. Mais n\u2019\u00e9tait-ce pas le but\u2006?<\/p>\n<p>Publi\u00e9 pour <a href=\"http:\/\/www.valeursactuelles.com\/culture\/t%C3%A9l%C3%A9vision\/grand-duo-pour-petite-cha%C3%AEne20111027.html\">Valeurs Actuelles<\/a>, 27 octobre 2011<\/p>\n","protected":false},"excerpt":{"rendered":"<p>\u00a0Cinq semaines d\u00e9j\u00e0 que le couple Zemmour-Naulleau, remerci\u00e9 par Ruquier, a trouv\u00e9 asile sur Paris Premi\u00e8re. L\u2019heure d\u2019un premier bilan, aussi subjectif que cette chronique se doit de l\u2019\u00eatre. La bonne nouvelle, c\u2019est que nos deux comp\u00e8res ne se prennent toujours pas trop au s\u00e9rieux.\u00a0<\/p>\n","protected":false},"author":9,"featured_media":0,"comment_status":"open","ping_status":"open","sticky":false,"template":"","format":"standard","meta":{"footnotes":""},"categories":[11],"tags":[657],"class_list":{"0":"post-1435","1":"post","2":"type-post","3":"status-publish","4":"format-standard","6":"category-opinions","7":"tag-zemmour-naulleau"},"_links":{"self":[{"href":"https:\/\/blog.causeur.fr\/asiledeblog\/wp-json\/wp\/v2\/posts\/1435","targetHints":{"allow":["GET"]}}],"collection":[{"href":"https:\/\/blog.causeur.fr\/asiledeblog\/wp-json\/wp\/v2\/posts"}],"about":[{"href":"https:\/\/blog.causeur.fr\/asiledeblog\/wp-json\/wp\/v2\/types\/post"}],"author":[{"embeddable":true,"href":"https:\/\/blog.causeur.fr\/asiledeblog\/wp-json\/wp\/v2\/users\/9"}],"replies":[{"embeddable":true,"href":"https:\/\/blog.causeur.fr\/asiledeblog\/wp-json\/wp\/v2\/comments?post=1435"}],"version-history":[{"count":0,"href":"https:\/\/blog.causeur.fr\/asiledeblog\/wp-json\/wp\/v2\/posts\/1435\/revisions"}],"wp:attachment":[{"href":"https:\/\/blog.causeur.fr\/asiledeblog\/wp-json\/wp\/v2\/media?parent=1435"}],"wp:term":[{"taxonomy":"category","embeddable":true,"href":"https:\/\/blog.causeur.fr\/asiledeblog\/wp-json\/wp\/v2\/categories?post=1435"},{"taxonomy":"post_tag","embeddable":true,"href":"https:\/\/blog.causeur.fr\/asiledeblog\/wp-json\/wp\/v2\/tags?post=1435"}],"curies":[{"name":"wp","href":"https:\/\/api.w.org\/{rel}","templated":true}]}}