{"id":1467,"date":"2011-11-03T22:16:31","date_gmt":"2011-11-03T22:16:31","guid":{"rendered":"http:\/\/blog.causeur.fr\/asiledeblog\/?p=1467"},"modified":"2021-04-26T12:57:43","modified_gmt":"2021-04-26T10:57:43","slug":"brassens-sans-moustache","status":"publish","type":"post","link":"https:\/\/blog.causeur.fr\/asiledeblog\/brassens-sans-moustache-1467","title":{"rendered":"Brassens sans moustache"},"content":{"rendered":"<p><a href=\"http:\/\/blog.causeur.fr\/asiledeblog\/files\/2011\/11\/61.jpg\"><img loading=\"lazy\" decoding=\"async\" class=\"alignleft size-full wp-image-1469\" src=\"http:\/\/blog.causeur.fr\/asiledeblog\/files\/2011\/11\/61.jpg\" alt=\"\" width=\"300\" height=\"223\" \/><\/a>Je croyais en savoir assez sur Georges Brassens pour l\u2019aimer\u2006; eh bien, pas du tout. Il m\u2019aura fallu attendre le trenti\u00e8me anniversaire de sa mort pour d\u00e9couvrir, au-del\u00e0 de son \u0153uvre, la personnalit\u00e9 du bon\u00adhomme, \u00f4 combien atta\u00ad\u00adchant et complexe. La t\u00e9l\u00e9, c\u2019est-\u00e0-dire le service public, m\u2019y a puissamment aid\u00e9. Pas\u00adsons sur la p\u00e9nible fic\u00adtion de France 2, o\u00f9 rien ne manquait, ni pipe ni moustache \u2013 hormis l\u2019\u00e2me du chanteur, et sur le\u00a0<em>Brassens est en nous<\/em>, de France 3, documentaire s\u00e9rieux et exhaustif \u2013 presque trop.\u00a0<!--more--><\/p>\n<p>Et arr\u00eatons-nous, m\u00eame cha\u00eene autre doc, sur<em>\u00a0Brassens et la Jeanne<\/em>. Son auteur, Delphine Deloget, nous y livre un captivant r\u00e9cit\u2006: l\u2019apprentissage de la vie par \u201cJo\u201d, petit S\u00e9tois cancre et limite fripouille, mais d\u00e9j\u00e0 pas\u00adsionn\u00e9 de po\u00e9sie \u2013 et comment il a mu\u00e9 en cet ours chaleureux et tou\u00adjours un peu paum\u00e9, dans la panade comme la gloire.<\/p>\n<p>Ce conte, tout au long, a sa petite musique\u2006: l\u2019inspiration de certaines de ses plus belles chansons, Brassens l\u2019a naturellement puis\u00e9e dans ses pro\u00adpres exp\u00e9riences.<\/p>\n<p>&nbsp;<\/p>\n<p><em>La Mauvaise R\u00e9putation<\/em>, c\u2019est celle qu\u2019il s\u2019est faite d\u00e8s l\u2019adolescence. Entra\u00een\u00e9 par ses copains d\u2019alors, Georges se retrouve condamn\u00e9 pour vol de bijoux \u00e0 six mois avec sursis \u2013 sans par\u00adler de l\u2019opprobre fami\u00adlial. Il y a fort \u00e0 parier que c\u2019est ce juge-l\u00e0 qui inspirera les m\u00e9sa\u00adven\u00adtures de son coll\u00e8gue dans\u00a0<em>le Gorille<\/em>\u2026<\/p>\n<p>Bref, notre repris de justice est contraint de monter \u00e0 Paris et\u00a0<em>l\u2019Auvergnat<\/em>, c\u2019est ce poivrot humaniste de Marcel Planche qui le recueille dans son bouge de l\u2019impasse Florimont, en 1943, quand Georges Brassens d\u00e9serte le STO. La\u00a0<em>Jeanne<\/em>, c\u2019est l\u2019\u00e9pouse du Marcel, tomb\u00e9e folle amoureuse de Georges \u2013 qui est quand m\u00eame de trente ans son cadet. N\u2019emp\u00eache\u2006! Leur histoire d\u2019amour durera quand m\u00eame deux ans et, par la suite, Georges sera toujours l\u00e0 pour elle.<\/p>\n<p>Il faut dire aussi que la Jeanne est la premi\u00e8re \u00e0 croire en lui. Elle casse sa \u00ab\u00a0<em>maigre tirelire<\/em>\u00a0\u00bb (comme dirait Phi\u00adlippe Barthelet), pour publier son Georges \u00e0 compte d\u2019auteur et lui payer une guitare.<\/p>\n<p><em>Mourir pour des id\u00e9es<\/em>\u2006? L\u2019id\u00e9e vient \u00e0 coup s\u00fbr de la fin dramatique du fr\u00e8re de Jeanne, r\u00e9sistant d\u00e9capit\u00e9 par les nazis. Brassens ne se sent aucune vocation pour un tel martyre, il le dira m\u00eame plus frontalement dans les Deux Oncles.<\/p>\n<p>N\u2019emp\u00eache\u2006! Moi, mon colon, celle que je pr\u00e9f\u00e8re, c\u2019est\u00a0<em>la Guerre de 14-18<\/em>\u2006: cette chanson r\u00e9sume \u00e0 elle seule tout ce que j\u2019aime chez Brassens, et pour commencer le sens de la d\u00e9rision.<\/p>\n<p>Voil\u00e0 quand m\u00eame un bouffeur de cur\u00e9s devant l\u2019\u00c9ternel qui n\u2019h\u00e9site pas \u00e0 aller \u00e0 la messe pour faire plaisir\u2006; un antimilitariste trois \u00e9toiles qui sym\u00adpathise avec le g\u00e9n\u00e9ral Bigeard sur le plateau de Pivot\u2026 Au-del\u00e0 de ses opinions, a fortiori des miennes, et plus g\u00e9n\u00e9ralement d\u2019un \u00e9tiquetage qu\u2019il d\u00e9testait, Georges \u00e9tait surtout un mec bien. Modeste, gentil, g\u00e9n\u00e9reux, pond\u00e9r\u00e9. Si seulement tous les centristes \u00e9taient comme \u00e7a\u2026<\/p>\n<p>&nbsp;<\/p>\n<p>Publi\u00e9 pour <a href=\"http:\/\/www.valeursactuelles.com\/culture\/t%C3%A9l%C3%A9vision\/brassens-sans-moustache20111103.html\">Valeurs Actuelles<\/a> le 3 novembre 2011<\/p>\n","protected":false},"excerpt":{"rendered":"<p>Je croyais en savoir assez sur Georges Brassens pour l\u2019aimer\u2006; eh bien, pas du tout. Il m\u2019aura fallu attendre le trenti\u00e8me anniversaire de sa mort pour d\u00e9couvrir, au-del\u00e0 de son \u0153uvre, la personnalit\u00e9 du bon\u00adhomme, \u00f4 combien atta\u00ad\u00adchant et complexe. La t\u00e9l\u00e9, c\u2019est-\u00e0-dire le service public, m\u2019y a puissamment aid\u00e9. Pas\u00adsons sur la p\u00e9nible fic\u00adtion [&hellip;]<\/p>\n","protected":false},"author":9,"featured_media":0,"comment_status":"open","ping_status":"open","sticky":false,"template":"","format":"standard","meta":{"footnotes":""},"categories":[11],"tags":[299],"class_list":{"0":"post-1467","1":"post","2":"type-post","3":"status-publish","4":"format-standard","6":"category-opinions","7":"tag-georges-brassens"},"_links":{"self":[{"href":"https:\/\/blog.causeur.fr\/asiledeblog\/wp-json\/wp\/v2\/posts\/1467","targetHints":{"allow":["GET"]}}],"collection":[{"href":"https:\/\/blog.causeur.fr\/asiledeblog\/wp-json\/wp\/v2\/posts"}],"about":[{"href":"https:\/\/blog.causeur.fr\/asiledeblog\/wp-json\/wp\/v2\/types\/post"}],"author":[{"embeddable":true,"href":"https:\/\/blog.causeur.fr\/asiledeblog\/wp-json\/wp\/v2\/users\/9"}],"replies":[{"embeddable":true,"href":"https:\/\/blog.causeur.fr\/asiledeblog\/wp-json\/wp\/v2\/comments?post=1467"}],"version-history":[{"count":0,"href":"https:\/\/blog.causeur.fr\/asiledeblog\/wp-json\/wp\/v2\/posts\/1467\/revisions"}],"wp:attachment":[{"href":"https:\/\/blog.causeur.fr\/asiledeblog\/wp-json\/wp\/v2\/media?parent=1467"}],"wp:term":[{"taxonomy":"category","embeddable":true,"href":"https:\/\/blog.causeur.fr\/asiledeblog\/wp-json\/wp\/v2\/categories?post=1467"},{"taxonomy":"post_tag","embeddable":true,"href":"https:\/\/blog.causeur.fr\/asiledeblog\/wp-json\/wp\/v2\/tags?post=1467"}],"curies":[{"name":"wp","href":"https:\/\/api.w.org\/{rel}","templated":true}]}}