{"id":1483,"date":"2011-11-25T14:11:46","date_gmt":"2011-11-25T14:11:46","guid":{"rendered":"http:\/\/blog.causeur.fr\/asiledeblog\/?p=1483"},"modified":"2021-04-26T12:57:43","modified_gmt":"2021-04-26T10:57:43","slug":"un-fauteuil-pour-douze","status":"publish","type":"post","link":"https:\/\/blog.causeur.fr\/asiledeblog\/un-fauteuil-pour-douze-1483","title":{"rendered":"Un fauteuil pour douze"},"content":{"rendered":"<p><a href=\"http:\/\/blog.causeur.fr\/asiledeblog\/files\/2011\/11\/67.jpg\"><img loading=\"lazy\" decoding=\"async\" class=\"alignleft size-full wp-image-1485\" src=\"http:\/\/blog.causeur.fr\/asiledeblog\/files\/2011\/11\/67.jpg\" alt=\"\" width=\"250\" height=\"188\" \/><\/a>Mercredi 16 novembre, France 3 nous racontait<em>la Folle Histoire des pr\u00e9sidentielles<\/em>. Une sorte de thriller \u00e0 la\u00a0<em>24 heures<\/em>, sauf qu\u2019ici l\u2019action s\u2019\u00e9tale sur cinquante ans (de 1962 \u00e0 nos jours) et que les gangsters sont remplac\u00e9s par des politiciens.<\/p>\n<p>Les auteurs de ce documentaire en ont-ils mesur\u00e9 toute la force corrosive ? En tout cas, ce ne sont ni des punks ni des n\u00e9opoujadistes. Mme Fr\u00e9d\u00e9rique Bredin, ex-ministre socialiste, s\u2019est entour\u00e9e ici de Jean-J\u00e9r\u00f4me Bertolus, journaliste \u00e0 i-T\u00e9l\u00e9, et de Jean-Michel Royer, sp\u00e9cialiste des archives audiovisuelles. N\u2019emp\u00eache ! Ces gens respectables nous content une histoire qui ne l\u2019est gu\u00e8re. Leur enqu\u00eate, qu\u2019ils l\u2019aient voulu ou non, jette une lumi\u00e8re crue sur l\u2019ab\u00eeme qui s\u00e9pare le scrutin pr\u00e9sidentiel tel qu\u2019il devrait \u00eatre de ce qu\u2019il est.\u00a0<!--more--><\/p>\n<p>Vue des coulisses, aucune campagne pr\u00e9sidentielle depuis de Gaulle n\u2019aura \u00e9t\u00e9 essentiellement un d\u00e9bat d\u2019id\u00e9es \u2013 et \u00e7a ne s\u2019arrange pas. \u00c0 chaque fois, six mois au moins durant, l\u2019amphith\u00e9\u00e2tre d\u00e9mocratique se transforme en ar\u00e8ne romaine pour accueillir les jeux d\u2019un cirque o\u00f9 n\u2019ont part ni le politique ni m\u00eame l\u2019humain.<\/p>\n<p>Un cirque cruel et absurde o\u00f9, pour d\u00e9partager les candidats \u00e0 la fonction supr\u00eame il n\u2019y a, au bout du compte, que le hasard et l\u2019ambition : ceux qui survivent \u00e0 l\u2019un (RIP DSK !) sont d\u00e9partag\u00e9s par l\u2019autre. Pour gagner, c\u2019est bien simple, il faut ne penser qu\u2019\u00e0 \u00e7a \u2013 et pas seulement en se rasant.<\/p>\n<p>Ainsi le documentaire nous raconte-t-il, d\u2019une \u00e9ch\u00e9ance pr\u00e9sidentielle \u00e0 l\u2019autre, le m\u00eame concours g\u00e9n\u00e9ral de ruses et de chausse-trappes, de calculs tordus et de coups bas (\u00e0 moins que ce ne soit l\u2019inverse). Et le vainqueur, quelles que soient ses couleurs, est toujours celui qui jusqu\u2019au bout aura su le mieux sacrifier tout le reste \u00e0 cette ambition \u2013 quitte \u00e0 s\u2019y reprendre \u00e0 trois fois\u2026<\/p>\n<p>Comme de juste, les Fran\u00e7ais de base assistent \u00e0 ces jeux dans un esprit ludique. Et m\u00eame s\u2019ils s\u2019\u00e9chauffent dans la derni\u00e8re ligne droite, c\u2019est plus comme des parieurs de PMU sur la pelouse de Longchamp qu\u2019en citoyens conscients et organis\u00e9s. D\u2019ailleurs, dans cette m\u00eal\u00e9e o\u00f9 ils n\u2019ont pas part, de quoi seraient-ils conscients et pour quoi s\u2019organiser ?<\/p>\n<p>\u00catre pr\u00e9sident, nous souffle ce documentaire, c\u2019est moins une question d\u2019id\u00e9es que de temp\u00e9rament \u2013 celui au nom duquel, le cas \u00e9ch\u00e9ant, il ne faudra pas h\u00e9siter \u00e0 les pi\u00e9tiner\u2026 Rien de plus personnel donc, comme le r\u00e9sume cet \u00e9change \u00e0 distance entre Mitterrand et Delors \u2013 l\u2019homme qui voulut \u00e0 tout prix \u00eatre roi et celui qui ne voulait pas\u2026 Mitterrand \u00e0 propos de Delors :\u00a0<em>\u00ab Pour \u00eatre pr\u00e9sident, il faudrait qu\u2019il soit nomm\u00e9 par arr\u00eat\u00e9 ! \u00bb\u00a0<\/em>Et Delors de r\u00e9pondre comme en \u00e9cho dans le doc :\u00a0<em>\u00ab Il faut \u00eatre fou pour vouloir \u00eatre pr\u00e9sident. \u00bb<\/em><\/p>\n<p><em><\/em>Fou, vraiment ? Une bien mauvaise nouvelle pour notre candidat \u201cnormal\u201d. \u00c0 moins qu\u2019il ne simule, \u00e9videmment.<\/p>\n","protected":false},"excerpt":{"rendered":"<p>Mercredi 16 novembre, France 3 nous racontaitla Folle Histoire des pr\u00e9sidentielles. Une sorte de thriller \u00e0 la\u00a024 heures, sauf qu\u2019ici l\u2019action s\u2019\u00e9tale sur cinquante ans (de 1962 \u00e0 nos jours) et que les gangsters sont remplac\u00e9s par des politiciens. Les auteurs de ce documentaire en ont-ils mesur\u00e9 toute la force corrosive ? En tout cas, [&hellip;]<\/p>\n","protected":false},"author":9,"featured_media":0,"comment_status":"open","ping_status":"open","sticky":false,"template":"","format":"standard","meta":{"footnotes":""},"categories":[11],"tags":[62,83,307,177],"class_list":{"0":"post-1483","1":"post","2":"type-post","3":"status-publish","4":"format-standard","6":"category-opinions","7":"tag-de-gaulle","8":"tag-francois-mitterrand","9":"tag-jacques-delors","10":"tag-presidentielles"},"_links":{"self":[{"href":"https:\/\/blog.causeur.fr\/asiledeblog\/wp-json\/wp\/v2\/posts\/1483","targetHints":{"allow":["GET"]}}],"collection":[{"href":"https:\/\/blog.causeur.fr\/asiledeblog\/wp-json\/wp\/v2\/posts"}],"about":[{"href":"https:\/\/blog.causeur.fr\/asiledeblog\/wp-json\/wp\/v2\/types\/post"}],"author":[{"embeddable":true,"href":"https:\/\/blog.causeur.fr\/asiledeblog\/wp-json\/wp\/v2\/users\/9"}],"replies":[{"embeddable":true,"href":"https:\/\/blog.causeur.fr\/asiledeblog\/wp-json\/wp\/v2\/comments?post=1483"}],"version-history":[{"count":0,"href":"https:\/\/blog.causeur.fr\/asiledeblog\/wp-json\/wp\/v2\/posts\/1483\/revisions"}],"wp:attachment":[{"href":"https:\/\/blog.causeur.fr\/asiledeblog\/wp-json\/wp\/v2\/media?parent=1483"}],"wp:term":[{"taxonomy":"category","embeddable":true,"href":"https:\/\/blog.causeur.fr\/asiledeblog\/wp-json\/wp\/v2\/categories?post=1483"},{"taxonomy":"post_tag","embeddable":true,"href":"https:\/\/blog.causeur.fr\/asiledeblog\/wp-json\/wp\/v2\/tags?post=1483"}],"curies":[{"name":"wp","href":"https:\/\/api.w.org\/{rel}","templated":true}]}}