{"id":1493,"date":"2011-12-04T22:46:09","date_gmt":"2011-12-04T22:46:09","guid":{"rendered":"http:\/\/blog.causeur.fr\/asiledeblog\/?p=1493"},"modified":"2021-04-26T12:57:43","modified_gmt":"2021-04-26T10:57:43","slug":"oublies-du-printemps-arabe","status":"publish","type":"post","link":"https:\/\/blog.causeur.fr\/asiledeblog\/oublies-du-printemps-arabe-1493","title":{"rendered":"Oubli\u00e9s du \u00ab\u00a0printemps arabe\u00a0\u00bb"},"content":{"rendered":"<p><a href=\"http:\/\/blog.causeur.fr\/asiledeblog\/files\/2011\/12\/article_000_Nic524337.jpeg\"><img loading=\"lazy\" decoding=\"async\" class=\"alignleft size-medium wp-image-1499\" src=\"http:\/\/blog.causeur.fr\/asiledeblog\/files\/2011\/12\/article_000_Nic524337-300x218.jpg\" alt=\"\" width=\"300\" height=\"218\" srcset=\"https:\/\/blog.causeur.fr\/asiledeblog\/wp-content\/uploads\/sites\/10\/2011\/12\/article_000_Nic524337-300x218.jpg 300w, https:\/\/blog.causeur.fr\/asiledeblog\/wp-content\/uploads\/sites\/10\/2011\/12\/article_000_Nic524337.jpeg 590w\" sizes=\"auto, (max-width: 300px) 100vw, 300px\" \/><\/a>Lundi 21 novembre, Canal Plus diffusait un num\u00e9ro de\u00a0<em>Sp\u00e9cial Investigation\u00a0<\/em>intitul\u00e9 :\u00a0<em>\u00ab Chr\u00e9tiens d\u2019Orient : l\u2019exil ou la mort ?\u00a0<\/em>\u00bb Bien s\u00fbr je n\u2019ai pas appris grand-chose, pas plus que vous amis lecteurs de\u00a0<em>Valeurs actuelles\u00a0<\/em>(\u00e0 supposer que vous ayez la t\u00e9l\u00e9\u2026) N\u2019emp\u00eache : ce programme est une bonne action ! Hors lendemains d\u2019attentats, nos m\u00e9dias audiovisuels ne s\u2019int\u00e9ressent gu\u00e8re \u00e0 cette minorit\u00e9-l\u00e0.\u00a0<!--more--><\/p>\n<p>C\u2019est bien simple : la plupart des gens ici ne savent m\u00eame pas qu\u2019il y a des chr\u00e9tiens l\u00e0-bas ! Pourtant, ils repr\u00e9sentaient 15 % de la population du Proche-Orient en 1900 \u2013 contre 6 % seulement de nos jours\u2026 Et l\u2019islamisme radical n\u2019explique pas tout, comme le souligne utilement l\u2019enqu\u00eate de Gwena\u00eblle Lenoir.<\/p>\n<p>Voyez l\u2019\u00c9gypte, qui est sous les feux de l\u2019actualit\u00e9. Les premi\u00e8res \u00e9lections libres y seront-elles aussi les derni\u00e8res ? En tout cas les d\u00e9mocrates du cru se m\u00e9fient d\u00e9j\u00e0 de l\u2019arm\u00e9e \u2013 que le documentaire soup\u00e7onne d\u2019ailleurs d\u2019avoir commandit\u00e9 elle-m\u00eame les r\u00e9cents attentats contre les coptes.<\/p>\n<p>Entre ces strat\u00e8ges cyniques et les islamistes en col blanc, donn\u00e9s une fois de plus gagnants, la d\u00e9mocratie, comme prise en sandwich, risque fort de finir aval\u00e9e.<\/p>\n<p>Encore cette d\u00e9mocratie-l\u00e0, en \u00c9gypte pas plus que dans les autres pays du \u201cprintemps arabe\u201d, ne saurait-elle garantir la libert\u00e9 religieuse. De nos jours encore, en pays musulman, la distinction entre \u201ccroyants\u201d et \u201cinfid\u00e8les\u201d structure toute la soci\u00e9t\u00e9 ; comment, dans ces conditions, les chr\u00e9tiens pourraient-ils y \u00eatre trait\u00e9s sur un pied d\u2019\u00e9galit\u00e9 ?<\/p>\n<p>Eh bien, si ! justement, sugg\u00e8re le documentaire sans le dire : c\u2019\u00e9tait le cas en Irak\u2026 sous Saddam Hussein ! Avant l\u2019intervention am\u00e9ricaine, on comptait un million de chr\u00e9tiens en Irak. Depuis la chute du tyran, en moins de dix ans 500 000 d\u2019entre eux ont fui l\u2019enfer des attentats, des pers\u00e9cutions et de la discrimination tous azimuts.<\/p>\n<p>Ce paradoxe pose la question de nos responsabilit\u00e9s dans cette r\u00e9gion du monde : soutenir la \u201cfloraison d\u00e9mocratique\u201d, fort bien \u2013 mais pas au prix de l\u2019\u00e9radication du christianisme ! En janvier dernier, Nicolas Sarkozy d\u00e9non\u00e7ait \u00e0 juste titre l\u2019<em>\u00ab \u00e9puration religieuse \u00bb\u00a0<\/em>actuellement en cours au Proche-Orient. Mais que faire concr\u00e8tement pour \u00e9pargner aux non-musulmans le choix, d\u00e9cid\u00e9ment sinistre, entre la valise et le cercueil ?<\/p>\n<p>C\u2019est compliqu\u00e9, la politique ! Prenez la Syrie par exemple : le monde d\u00e9mocratique tout entier voue aux g\u00e9monies son r\u00e9gime dictatorial et sanglant. Pourtant, pas un mot sur ce pays dans le documentaire, et pour cause : les chr\u00e9tiens y sont plut\u00f4t bien trait\u00e9s.<\/p>\n<p>Ce n\u2019est certes pas une raison suffisante pour souhaiter le maintien au pouvoir de Bachar al-Assad. Mais pas non plus pour encourager indistinctement ses opposants, sans la moindre garantie que ces \u201cd\u00e9mocrates\u201d l\u00e0, une fois au pouvoir, respecteraient vraiment les droits de l\u2019homme \u2013 y compris chr\u00e9tien.<\/p>\n<p>&nbsp;<\/p>\n<p>Publi\u00e9 pour <a href=\"http:\/\/www.valeursactuelles.com\/culture\/t%C3%A9l%C3%A9vision\/oubli%C3%A9s-%E2%80%9Cprintemps-arabe%E2%80%9D20111201.html\">Valeurs Actuelles<\/a>, le 1er d\u00e9cembre<\/p>\n","protected":false},"excerpt":{"rendered":"<p>Lundi 21 novembre, Canal Plus diffusait un num\u00e9ro de\u00a0Sp\u00e9cial Investigation\u00a0intitul\u00e9 :\u00a0\u00ab Chr\u00e9tiens d\u2019Orient : l\u2019exil ou la mort ?\u00a0\u00bb Bien s\u00fbr je n\u2019ai pas appris grand-chose, pas plus que vous amis lecteurs de\u00a0Valeurs actuelles\u00a0(\u00e0 supposer que vous ayez la t\u00e9l\u00e9\u2026) N\u2019emp\u00eache : ce programme est une bonne action ! Hors lendemains d\u2019attentats, nos m\u00e9dias audiovisuels [&hellip;]<\/p>\n","protected":false},"author":9,"featured_media":0,"comment_status":"open","ping_status":"open","sticky":false,"template":"","format":"standard","meta":{"footnotes":""},"categories":[11],"tags":[311,309],"class_list":{"0":"post-1493","1":"post","2":"type-post","3":"status-publish","4":"format-standard","6":"category-opinions","7":"tag-chretiens-dorient","8":"tag-printemps-arabe"},"_links":{"self":[{"href":"https:\/\/blog.causeur.fr\/asiledeblog\/wp-json\/wp\/v2\/posts\/1493","targetHints":{"allow":["GET"]}}],"collection":[{"href":"https:\/\/blog.causeur.fr\/asiledeblog\/wp-json\/wp\/v2\/posts"}],"about":[{"href":"https:\/\/blog.causeur.fr\/asiledeblog\/wp-json\/wp\/v2\/types\/post"}],"author":[{"embeddable":true,"href":"https:\/\/blog.causeur.fr\/asiledeblog\/wp-json\/wp\/v2\/users\/9"}],"replies":[{"embeddable":true,"href":"https:\/\/blog.causeur.fr\/asiledeblog\/wp-json\/wp\/v2\/comments?post=1493"}],"version-history":[{"count":0,"href":"https:\/\/blog.causeur.fr\/asiledeblog\/wp-json\/wp\/v2\/posts\/1493\/revisions"}],"wp:attachment":[{"href":"https:\/\/blog.causeur.fr\/asiledeblog\/wp-json\/wp\/v2\/media?parent=1493"}],"wp:term":[{"taxonomy":"category","embeddable":true,"href":"https:\/\/blog.causeur.fr\/asiledeblog\/wp-json\/wp\/v2\/categories?post=1493"},{"taxonomy":"post_tag","embeddable":true,"href":"https:\/\/blog.causeur.fr\/asiledeblog\/wp-json\/wp\/v2\/tags?post=1493"}],"curies":[{"name":"wp","href":"https:\/\/api.w.org\/{rel}","templated":true}]}}