{"id":150,"date":"2009-04-15T17:18:56","date_gmt":"2009-04-15T15:18:56","guid":{"rendered":"http:\/\/carnet.causeur.fr\/asiledeblog\/?p=150"},"modified":"2021-04-26T12:58:00","modified_gmt":"2021-04-26T10:58:00","slug":"benoit-xvi-athees-0","status":"publish","type":"post","link":"https:\/\/blog.causeur.fr\/asiledeblog\/benoit-xvi-athees-0-150","title":{"rendered":"Benoit XVI, ath\u00e9es 0 !"},"content":{"rendered":"<p><strong>Cette fois, c\u2019est moi qui refais le match\u2026<\/strong><\/p>\n<p><a href=\"http:\/\/blog.causeur.fr\/asiledeblog\/files\/2010\/10\/pape1.jpeg\"><img loading=\"lazy\" decoding=\"async\" class=\"aligncenter size-full wp-image-152\" src=\"http:\/\/blog.causeur.fr\/asiledeblog\/files\/2010\/10\/pape1.jpeg\" alt=\"\" width=\"300\" height=\"228\" \/><\/a><\/p>\n<p>J\u2019ai laiss\u00e9 passer la Semaine Sainte avant de donner libre cours \u00e0 ma col\u00e8re (sainte elle aussi, mais moins quand m\u00eame). Mais enfin, trop c\u2019est trop ! Depuis trois mois on fait la queue dans les m\u00e9dias, et notamment \u00e0 la t\u00e9l\u00e9vision, pour d\u00e9verser sur le pape des tombereaux d\u2019insultes stupides.<\/p>\n<p>Pour \u00eatre ridicule, cet anticatholicisme primaire n\u2019en est pas moins odieux. Mais l\u2019autre mercredi \u00e0 \u00ab\u00a0Ce soir ou jamais\u00a0\u00bb (France 3, 23 heures), c\u2019\u00e9tait quand m\u00eame le ridicule <!--more-->qui l\u2019emportait. Au point que l\u2019animateur, Fr\u00e9d\u00e9ric Tadde\u00ef, semblait parfois avoir quelque difficult\u00e9 \u00e0 garder son s\u00e9rieux. Je le soup\u00e7onne m\u00eame, le bougre, d\u2019avoir organis\u00e9 son plateau expr\u00e8s pour \u00e7a\u2026 Sinon pourquoi, au milieu de sa brochette d\u2019intellectuels antipapistes, aurait-il aussi clairement donn\u00e9 la vedette \u00e0 Andr\u00e9 Comte-Sponville ?<\/p>\n<p>Pour le fun, vous dis-je ! C\u2019est quand m\u00eame \u00e0 ce philosophe de supermarch\u00e9 que l\u2019on doit les meilleurs moments de la soir\u00e9e\u2026 Dans le faux s\u00e9rieux comme dans la dr\u00f4lerie involontaire, l\u2019homme n\u2019a pas son pareil. D\u2019embl\u00e9e, Andr\u00e9 met la barre tr\u00e8s haut, avec sa premi\u00e8re saillie : \u00ab\u00a0Beno\u00eet XVI compte sur la morale pour faire reculer le sida\u2026 C\u2019est de l\u2019ang\u00e9lisme !\u00a0\u00bb L\u2019accusation est grave, en effet, concernant le successeur de Pierre.<\/p>\n<p>Mais ne zappez pas ! Le meilleur est \u00e0 venir\u2026 D\u00e9j\u00e0 une perle nouvelle sort de la m\u00eame hu\u00eetre baillante : \u00ab\u00a0Quel dommage que les Evangiles soient ainsi g\u00e2ch\u00e9s par des querelles purement th\u00e9ologiques !\u00a0\u00bb<\/p>\n<p>L\u2019Evangile ab\u00eem\u00e9 par la th\u00e9ologie : il n\u2019y a que ce Comte de Sponville pour oser encore de telles blagues, et c\u2019est pour \u00e7a qu\u2019on l\u2019aime ! Comme un vieux Polaro\u00efd de notre plate \u00e9poque qui croit survoler les montagnes\u2026<\/p>\n<p>J\u2019aurais pu bien s\u00fbr vous entretenir aussi des autres intervenants de ce soir-l\u00e0\u2026 L\u2019anthropologue Georges Balandier par exemple, venu tout expr\u00e8s d\u00e9noncer en Beno\u00eet XVI le nouveau flic d\u2019une fantasmatique \u00abpolice des corps\u00bb. Ou cette esp\u00e8ce de sociologue nomm\u00e9 Eric Fassin qui, entre autres balan\u00e7oires, accuse l\u2019Eglise d\u2019\u00eatre criminelle : \u00ab\u00a0Avec son discours, elle tue des gens au nom de la vie\u2026\u00a0\u00bb<\/p>\n<p>Mais tout \u00e7a fait bien p\u00e2le figure \u00e0 c\u00f4t\u00e9 de Sponville. Lui seul sait passer du s\u00e9rieux au comique avec un tel naturel qu\u2019il est le seul \u00e0 s\u2019en rendre compte : \u00ab\u00a0Lisez les Evangiles, vous n\u2019y trouverez rien sur les pr\u00e9servatifs\u00a0\u00bb, lance-t-il sans rire, comme s\u2019il r\u00f4dait son prochain one man show.<\/p>\n<p>Dans la foul\u00e9e l\u2019artiste s\u2019en prend \u00e0 Jean-Paul II, coupable \u00e0 ses yeux d\u2019avoir qualifi\u00e9 \u00ab\u00a0dans une encyclique\u00a0\u00bb l\u2019ath\u00e9isme et l\u2019apostasie de \u00ab\u00a0p\u00e9ch\u00e9s mortels\u00a0\u00bb. Ignorant, volontairement ou non, le sens de cette formule th\u00e9ologique, ce nouveau M. Homais triomphe : \u00ab\u00a0Moi je cumule les deux! Me voil\u00e0 donc damn\u00e9 deux fois, sans r\u00e9mission\u2026 Mais je m\u2019en fous, bien s\u00fbr !\u00a0\u00bb<\/p>\n<p>Ainsi, pour le plaisir d\u2019une ultime pirouette, ce funambule de rez-de-chauss\u00e9e d\u00e9truit-il tout son num\u00e9ro. Si d\u00e9cid\u00e9ment il se fout du Bon Dieu, pourquoi diable en parle-t-il ?<\/p>\n<p>C\u2019est un peu la faiblesse de tous ces contempteurs de l\u2019Eglise : \u00ab\u00a0Lib\u00e9rez-nous !\u00a0\u00bb, hurlent-ils de l\u2019ext\u00e9rieur. Mais de quoi se m\u00ealent-ils ? Le pape s\u2019adresse aux catholiques, et personne n\u2019est oblig\u00e9 d\u2019\u00eatre catholique ! Peu importent donc ces Gros-Jean qui en remontrent \u00e0 des cur\u00e9s qui ne sont m\u00eame pas les leurs.<\/p>\n<p>Le pire, vous savez quoi ? Ce sont les \u00ab\u00a0catholiques critiques\u00a0\u00bb, une esp\u00e8ce de poissons-volants dont nos m\u00e9dias raffolent comme Mitterrand des ortolans.<\/p>\n<p>Selon un r\u00e9cent sondage du JDD, ils seraient 43 % de \u00ab\u00a0fid\u00e8les\u00a0\u00bb \u00e0 vouloir \u00ab\u00a0changer de pape\u00a0\u00bb. Un chiffre accueilli comme pain-b\u00e9nit par les grands pr\u00eatres de l\u2019areligion cathodique. La voil\u00e0 bien, la preuve que Beno\u00eet XVI est dans l\u2019erreur : si l\u2019Eglise \u00e9tait une d\u00e9mocratie, il ne serait pas r\u00e9\u00e9lu !<\/p>\n<p>Parmi les porte-parole de ce courant, j\u2019ai eu la p\u00e9nible surprise de trouver, au tout premier rang\u2026 Alain Jupp\u00e9 ! Dieu sait que je n\u2019ai rien contre le bonhomme, surtout ces douze derni\u00e8res ann\u00e9es\u2026 Mais que vient-il faire dans cette gal\u00e8re ? Pourquoi la brebis Jupp\u00e9 b\u00eale-t-elle avec les loups ?<\/p>\n<p>\u00ab\u00a0Ce pape commence \u00e0 poser un vrai probl\u00e8me !\u00a0\u00bb lan\u00e7ait d\u00e9j\u00e0 le mois dernier, \u00e0 la face de tous les micros et cam\u00e9ras, le maire de Bordeaux, avec une autorit\u00e9 d\u2019origine ind\u00e9termin\u00e9e. Et le bon Dr Jupp\u00e9 de poser son diagnostic accablant : Beno\u00eet XVI, afflig\u00e9 d\u2019un \u00ab\u00a0autisme total\u00a0\u00bb, accumule des \u00abcontre-v\u00e9rit\u00e9s\u00bb qui d\u00e9notent chez lui \u00ab\u00a0une absence de charit\u00e9 extraordinaire\u00a0\u00bb. Et comment \u00e7a s\u2019appelle, d\u2019apr\u00e8s vous, un pr\u00e9tendu pape qui tourne ainsi le dos \u00e0 la v\u00e9rit\u00e9 et \u00e0 la charit\u00e9 ? Un Ant\u00e9christ, tout simplement !<\/p>\n<p>Je ne sais pas pourquoi, mais quand c\u2019est un mec \u00ab\u00a0de droite\u00a0\u00bb, soi-disant catho qui prof\u00e8re de telles insanit\u00e9s, \u00e7a m\u2019\u00e9nerve plus que si c\u2019\u00e9tait un vulgaire saucissonneur du Vendredi Saint !<\/p>\n<p>Parce qu\u2019enfin, quand on pense comme \u00e7a, on sort de l\u2019Eglise tout simplement : les portes sont grands ouvertes, dans les deux sens !<\/p>\n<p>A priori, j\u2019aurais song\u00e9 pour Alain \u00e0 une reconversion dans la Religion Pr\u00e9tendument R\u00e9form\u00e9e. Non pas pour les initiales, qui lui ont fait tant de mal, mais pour le \u00ablibre examen\u00bb qui lui sied si bien : \u00ab\u00a0Tout protestant fut pape une Bible \u00e0 la main\u00a0\u00bb, comme disait Bossuet.<\/p>\n<p>Mais dans les circonstances actuelles, peut-\u00eatre le bouddhisme zen serait-il plus appropri\u00e9. Si, comme on le murmure d\u00e9sormais tout haut, Jupp\u00e9 est appel\u00e9 prochainement \u00e0 bosser pour Sarkozy, il aura besoin de s\u00e9r\u00e9nit\u00e9.<\/p>\n<p>En attendant, l\u2019ex-futur a cru bon d\u2019en remettre une couche \u2013 rien que pour m\u2019\u00e9nerver, semble-t-il : par un de ces hasards qui n\u2019existent pas, je suis retomb\u00e9 sur lui mercredi dernier sur France 5 dans l\u2019\u00e9mission \u00ab\u00a0C \u00e0 dire\u00a0\u00bb.<\/p>\n<p>En tourn\u00e9e de promo pour son nouveau bouquin (J\u2019aurai plus la tentation de manger Venise en hiver, ou genre), l\u2019int\u00e9ress\u00e9 a jug\u00e9 bon de faire l\u2019int\u00e9ressant en fulminant un nouvel anath\u00e8me contre le Pape.<\/p>\n<p>Apr\u00e8s avoir rappel\u00e9 qu\u2019il \u00e9tait catholique \u00ab\u00a0\u00e0 titre personnel\u00a0\u00bb (!), Jupp\u00e9 a lanc\u00e9 \u00ab\u00a0J\u2019ai des doutes\u00a0\u00bb \u2013 tel un Raymond Devos qui se voudrait s\u00e9rieux. Au point m\u00eame de les expliciter, ces doutes : \u00ab\u00a0Les gens qui ont des certitudes d\u00e9finitives et p\u00e9remptoires sur la vie et la mort me font un peu peur.\u00a0\u00bb Gageons que ce gar\u00e7on, d\u00e9cid\u00e9ment trop sensible, e\u00fbt \u00e9t\u00e9 effray\u00e9 par un mec comme le Christ, capable de proclamer plut\u00f4t p\u00e9remptoirement : \u00ab\u00a0Je suis la Voie, la V\u00e9rit\u00e9 et la Vie.\u00a0\u00bb<\/p>\n<p>Heureusement, J\u00e9sus a aussi l\u00e9gu\u00e9 \u00e0 la post\u00e9rit\u00e9 d\u2019autres aphorismes plus adapt\u00e9s \u00e0 un Jupp\u00e9 normal, genre : \u00ab\u00a0On ne fait pas boire un \u00e2ne qui n\u2019a pas soif\u2026\u00a0\u00bb<\/p>\n<p>Publi\u00e9 sur <a href=\"http:\/\/www.causeur.fr\/benoit-xvi-athees-0,2266\">Causeur.fr<\/a>, le 15 avril 2009.<\/p>\n","protected":false},"excerpt":{"rendered":"<p>Cette fois, c\u2019est moi qui refais le match\u2026 J\u2019ai laiss\u00e9 passer la Semaine Sainte avant de donner libre cours \u00e0 ma col\u00e8re (sainte elle aussi, mais moins quand m\u00eame). Mais enfin, trop c\u2019est trop ! Depuis trois mois on fait la queue dans les m\u00e9dias, et notamment \u00e0 la t\u00e9l\u00e9vision, pour d\u00e9verser sur le pape [&hellip;]<\/p>\n","protected":false},"author":9,"featured_media":0,"comment_status":"open","ping_status":"closed","sticky":false,"template":"","format":"standard","meta":{"footnotes":""},"categories":[11],"tags":[23,40,48,78,147],"class_list":{"0":"post-150","1":"post","2":"type-post","3":"status-publish","4":"format-standard","6":"category-opinions","7":"tag-alain-juppe","8":"tag-benoit-xvi","9":"tag-catholicisme","10":"tag-evangile","11":"tag-medias"},"_links":{"self":[{"href":"https:\/\/blog.causeur.fr\/asiledeblog\/wp-json\/wp\/v2\/posts\/150","targetHints":{"allow":["GET"]}}],"collection":[{"href":"https:\/\/blog.causeur.fr\/asiledeblog\/wp-json\/wp\/v2\/posts"}],"about":[{"href":"https:\/\/blog.causeur.fr\/asiledeblog\/wp-json\/wp\/v2\/types\/post"}],"author":[{"embeddable":true,"href":"https:\/\/blog.causeur.fr\/asiledeblog\/wp-json\/wp\/v2\/users\/9"}],"replies":[{"embeddable":true,"href":"https:\/\/blog.causeur.fr\/asiledeblog\/wp-json\/wp\/v2\/comments?post=150"}],"version-history":[{"count":0,"href":"https:\/\/blog.causeur.fr\/asiledeblog\/wp-json\/wp\/v2\/posts\/150\/revisions"}],"wp:attachment":[{"href":"https:\/\/blog.causeur.fr\/asiledeblog\/wp-json\/wp\/v2\/media?parent=150"}],"wp:term":[{"taxonomy":"category","embeddable":true,"href":"https:\/\/blog.causeur.fr\/asiledeblog\/wp-json\/wp\/v2\/categories?post=150"},{"taxonomy":"post_tag","embeddable":true,"href":"https:\/\/blog.causeur.fr\/asiledeblog\/wp-json\/wp\/v2\/tags?post=150"}],"curies":[{"name":"wp","href":"https:\/\/api.w.org\/{rel}","templated":true}]}}