{"id":1501,"date":"2011-12-09T16:39:33","date_gmt":"2011-12-09T16:39:33","guid":{"rendered":"http:\/\/blog.causeur.fr\/asiledeblog\/?p=1501"},"modified":"2021-04-26T12:57:43","modified_gmt":"2021-04-26T10:57:43","slug":"1501","status":"publish","type":"post","link":"https:\/\/blog.causeur.fr\/asiledeblog\/1501-1501","title":{"rendered":"L&rsquo;homme selon Jean-Jacques (Semp\u00e9)"},"content":{"rendered":"<p><img loading=\"lazy\" decoding=\"async\" class=\"alignleft\" src=\"http:\/\/static.lexpress.fr\/medias\/321\/1-sempe_405.jpg\" alt=\"\" width=\"363\" height=\"270\" \/>A coup s\u00fbr, Semp\u00e9 est notre plus grand dessinateur d&rsquo;humour fran\u00e7ais vivant. Pas seulement fran\u00e7ais, d&rsquo;ailleurs : traduit en vingt-cinq langues, il donne r\u00e9guli\u00e8rement depuis trente ans des couvertures au chiquissime\u00a0<em>New Yorker<\/em>. \u00c0 l&rsquo;approche de ses 80 ans, la Mairie de Paris lui consacre une exposition tr\u00e8s courue, et Deno\u00ebl publie, pour les f\u00eates du m\u00eame nom, un superbe album de dessins et d&rsquo;entretiens intitul\u00e9\u00a0<em>Enfances<\/em>.\u00a0<!--more--><\/p>\n<p>\u00c0 la t\u00e9l\u00e9, c&rsquo;est surtout France 5 qui s&rsquo;y est coll\u00e9e. Apr\u00e8s un excellent num\u00e9ro de sa collection\u00a0<em>Empreintes\u00a0<\/em>la semaine pass\u00e9e, Jean-Jacques Semp\u00e9 \u00e9tait jeudi dernier l&rsquo;invit\u00e9 de l&rsquo;aimable Fran\u00e7ois Busnel dans sa\u00a0<em>Grande Librairie<\/em>.<\/p>\n<p>Ce n&rsquo;est pas un hasard si tout le monde aime Semp\u00e9 : chacun peut se reconna\u00eetre dans ses personnages. Ces enfants, ou ces tout petits bonshommes perdus dans un univers qui les d\u00e9passe, sont moins ridicules que touchants, et pour cause : ils nous renvoient \u00e0 l&rsquo;absurdit\u00e9 de notre condition humaine.<\/p>\n<p>Comment ne pas les comprendre, ces \u00eatres minuscules, \u00e9cras\u00e9s par l&rsquo;ombre des immeubles et le poids de la vie, qui s&rsquo;\u00e9vadent dans d&rsquo;insolites r\u00eaveries ? Sans parler de ces pauvres riches, rapetiss\u00e9s par leur salon disproportionn\u00e9 &#8211; et ce lustre g\u00e9ant qui pend au-dessus de leur t\u00eate.<\/p>\n<p>Mais tous les g\u00e9nies ont leurs limites, c&rsquo;est m\u00eame \u00e0 \u00e7a qu&rsquo;on les reconna\u00eet. Celle de Semp\u00e9, c&rsquo;est l&rsquo;universalit\u00e9 m\u00eame de son humour. Certes nous sommes tous \u00e0 la naissance parachut\u00e9s dans le m\u00eame monde cruel ; sauf que, chez certains, le parachute ne s&rsquo;ouvre pas. C&rsquo;est m\u00eame pour \u00e7a que Chaval s&rsquo;est crash\u00e9 \u00e0 52 ans. Si je parle de Chaval, c&rsquo;est que Semp\u00e9 le consid\u00e8re comme un ma\u00eetre. Tout le reste, ce qui les s\u00e9pare (long\u00e9vit\u00e9, \u0153uvre, succ\u00e8s), n&rsquo;est qu&rsquo;affaire de temp\u00e9rament. Jean-Jacques se d\u00e9finit comme\u00a0<em>\u00ab inconsolable et gai \u00bb\u00a0<\/em>&#8211; non sans nous apprendre, au passage, que l&rsquo;expression est de Jean Anouilh (et pas de Pascal, comme les cuistres et moi croyions savoir.)<\/p>\n<p>Chaval, quant \u00e0 lui, est trop inconsolable pour faire m\u00eame semblant d&rsquo;\u00eatre gai. Il n&rsquo;en est pas moins dr\u00f4le \u00e0 mes yeux ; juste d&rsquo;une mani\u00e8re un peu plus d\u00e9sesp\u00e9r\u00e9e, comme ce clown qu&rsquo;il dessine perdu dans le cirque de Gavarnie.<\/p>\n<p>Toute la diff\u00e9rence entre Chaval, n\u00e9 Yvan Le Louarn, et son disciple Jean-Jacques tient dans les titres de leurs \u0153uvres. Le premier album solo de Semp\u00e9,\u00a0<em>Rien n&rsquo;est simple<\/em>, r\u00e9sume son art de la litote humaniste. \u00c0 l&rsquo;exact oppos\u00e9, on trouve l&rsquo;apostrophe d\u00e9lib\u00e9r\u00e9ment absurde de Chaval :\u00a0<em>Les oiseaux sont des cons\u00a0<\/em>!<\/p>\n<p>Derri\u00e8re le\u00a0<em>nonsense<\/em>, ce cri de haine \u00ab\u00a0aviphobe\u00a0\u00bb cache une misanthropie douloureuse, parce que l&rsquo;ami Yvan ne s&rsquo;en exclut pas. En sautant du cinqui\u00e8me \u00e9tage, il sait ce qu&rsquo;il fait. Con comme un oiseau peut-\u00eatre, mais pas au point de croire qu&rsquo;il va voler.<\/p>\n<p>&nbsp;<\/p>\n<p>Publi\u00e9 pour <a href=\"http:\/\/www.valeursactuelles.com\/culture\/t%C3%A9l%C3%A9vision\/l039homme-selon-jean-jacques20111208.html\">Valeurs Actuelles<\/a>, le 8 d\u00e9cembre 2011<\/p>\n","protected":false},"excerpt":{"rendered":"<p>A coup s\u00fbr, Semp\u00e9 est notre plus grand dessinateur d&rsquo;humour fran\u00e7ais vivant. Pas seulement fran\u00e7ais, d&rsquo;ailleurs : traduit en vingt-cinq langues, il donne r\u00e9guli\u00e8rement depuis trente ans des couvertures au chiquissime\u00a0New Yorker. \u00c0 l&rsquo;approche de ses 80 ans, la Mairie de Paris lui consacre une exposition tr\u00e8s courue, et Deno\u00ebl publie, pour les f\u00eates du [&hellip;]<\/p>\n","protected":false},"author":9,"featured_media":0,"comment_status":"open","ping_status":"open","sticky":false,"template":"","format":"standard","meta":{"footnotes":""},"categories":[11],"tags":[313],"class_list":{"0":"post-1501","1":"post","2":"type-post","3":"status-publish","4":"format-standard","6":"category-opinions","7":"tag-sempe"},"_links":{"self":[{"href":"https:\/\/blog.causeur.fr\/asiledeblog\/wp-json\/wp\/v2\/posts\/1501","targetHints":{"allow":["GET"]}}],"collection":[{"href":"https:\/\/blog.causeur.fr\/asiledeblog\/wp-json\/wp\/v2\/posts"}],"about":[{"href":"https:\/\/blog.causeur.fr\/asiledeblog\/wp-json\/wp\/v2\/types\/post"}],"author":[{"embeddable":true,"href":"https:\/\/blog.causeur.fr\/asiledeblog\/wp-json\/wp\/v2\/users\/9"}],"replies":[{"embeddable":true,"href":"https:\/\/blog.causeur.fr\/asiledeblog\/wp-json\/wp\/v2\/comments?post=1501"}],"version-history":[{"count":0,"href":"https:\/\/blog.causeur.fr\/asiledeblog\/wp-json\/wp\/v2\/posts\/1501\/revisions"}],"wp:attachment":[{"href":"https:\/\/blog.causeur.fr\/asiledeblog\/wp-json\/wp\/v2\/media?parent=1501"}],"wp:term":[{"taxonomy":"category","embeddable":true,"href":"https:\/\/blog.causeur.fr\/asiledeblog\/wp-json\/wp\/v2\/categories?post=1501"},{"taxonomy":"post_tag","embeddable":true,"href":"https:\/\/blog.causeur.fr\/asiledeblog\/wp-json\/wp\/v2\/tags?post=1501"}],"curies":[{"name":"wp","href":"https:\/\/api.w.org\/{rel}","templated":true}]}}