{"id":155,"date":"2009-02-23T17:29:58","date_gmt":"2009-02-23T15:29:58","guid":{"rendered":"http:\/\/carnet.causeur.fr\/asiledeblog\/?p=155"},"modified":"2021-04-26T12:58:00","modified_gmt":"2021-04-26T10:58:00","slug":"2500-ans-de-solitude","status":"publish","type":"post","link":"https:\/\/blog.causeur.fr\/asiledeblog\/2500-ans-de-solitude-155","title":{"rendered":"2500 ans de solitude"},"content":{"rendered":"<p><strong>L\u2019Iran, ce n\u2019est pas seulement les mollahs plus le nucl\u00e9aire<\/strong><\/p>\n<p><a href=\"http:\/\/blog.causeur.fr\/asiledeblog\/files\/2010\/10\/FileIranian-national-flag-tehran.jpeg\"><img loading=\"lazy\" decoding=\"async\" class=\"size-medium wp-image-156 alignleft\" src=\"http:\/\/carnet.causeur.fr\/asiledeblog\/files\/2010\/10\/FileIranian-national-flag-tehran-206x300.jpg\" alt=\"\" width=\"206\" height=\"300\" srcset=\"https:\/\/blog.causeur.fr\/asiledeblog\/wp-content\/uploads\/sites\/10\/2010\/10\/FileIranian-national-flag-tehran-206x300.jpg 206w, https:\/\/blog.causeur.fr\/asiledeblog\/wp-content\/uploads\/sites\/10\/2010\/10\/FileIranian-national-flag-tehran.jpeg 213w\" sizes=\"auto, (max-width: 206px) 100vw, 206px\" \/><\/a><\/p>\n<p style=\"text-align: justify\">Gr\u00e2ce soit rendue \u00e0 Arte d\u2019avoir consacr\u00e9, l\u2019autre mercredi, une journ\u00e9e sp\u00e9ciale \u00e0 l\u2019Iran \u00e0 l\u2019occasion du trenti\u00e8me anniversaire de la r\u00e9volution islamique. La cha\u00eene a ainsi accompli un salutaire travail d\u2019information sur ce pays toujours aussi m\u00e9connu, depuis qu\u2019il est craint, en tant que successeur de l\u2019Irak dans le r\u00f4le peu enviable d\u2019\u00a0\u00bbaxe du Mal\u00a0\u00bb.<\/p>\n<p style=\"text-align: justify\">Hier, le danger principal pour la paix mondiale, c\u2019\u00e9tait \u2013 n\u2019oublions jamais \u2013 les \u00ab\u00a0armes de destruction massive\u00a0\u00bb du dictateur Saddam Hussein. Demain para\u00eet-il, si l\u2019on n\u2019y prend garde, ce sera la bombe atomique aux mains de l\u2019incontr\u00f4lable d\u00e9magogue Ahmadinejad. Hier la moustache, demain la barbe !<\/p>\n<p><!--more--><\/p>\n<p>En attendant, si j\u2019ose dire, pour comprendre les relations chaotiques de l\u2019Iran avec les puissances occidentales, il n\u2019est pas inutile de se rem\u00e9morer son histoire plurimill\u00e9naire et la culture du m\u00eame m\u00e9tal. Ni de d\u00e9couvrir la soci\u00e9t\u00e9 iranienne actuelle dans son \u00e9tonnante complexit\u00e9 : conservatisme et modernit\u00e9, \u00ab\u00a0d\u00e9sir de r\u00e9forme\u00a0\u00bb et \u00abtentation fondamentaliste\u00bb, comme on dit dans la bonne presse.<\/p>\n<p>Moment fort de cette journ\u00e9e, \u00e0 20 h 45 : le documentaire intitul\u00e9\u00a0<em>Iran, une puissance d\u00e9voil\u00e9e,<\/em> sign\u00e9 par l\u2019excellent Jean-Fran\u00e7ois Colosimo, \u00e9crivain, th\u00e9ologien et esprit libre. Autant lever d\u2019embl\u00e9e le suspense ! Ce film est \u00e0 la hauteur du d\u00e9fi que s\u2019est lanc\u00e9 l\u2019auteur : raconter en quatre-vingt-dix minutes cent ans d\u2019histoire iranienne, de la d\u00e9couverte du p\u00e9trole \u00e0 la crise du nucl\u00e9aire. Un si\u00e8cle de convulsions politiques : coups d\u2019Etat et contre-coups ; purges et assassinats ; occidentalisation \u00e0 marche forc\u00e9e et r\u00e9action nationale-religieuse. Remontant aux sources de la confrontation actuelle entre Iran et Occident, Colosimo ne saurait faire l\u2019\u00e9conomie d\u2019un certain didactisme ; mais apr\u00e8s tout, le m\u00eame soir, on pouvait pr\u00e9f\u00e9rer France-Argentine (TF1) ou\u00a0<em>Ast\u00e9rix aux Jeux Olympiques<\/em> (Canal+).<\/p>\n<p>Comme en exergue, le documentaire s\u2019ouvre sur une phrase de l\u2019ancien pr\u00e9sident Ali Akbar Rafsandjani : \u00ab\u00a0La position g\u00e9ographique de l\u2019Iran est un point sensible au carrefour du monde.\u00a0\u00bb D\u00e9licate litote pour \u00e9voquer la non moins d\u00e9licate situation d\u2019un pays de longtemps coinc\u00e9 entre plusieurs mondes \u2013 et autant d\u2019app\u00e9tits\u2026 Ainsi la r\u00e9volution khomeiniste, qu\u2019on a prise un peu vite pour purement \u00ab\u00a0ayatollesque\u00a0\u00bb, appara\u00eet-elle aussi (surtout ?) comme un sursaut de fiert\u00e9 nationale face aux humiliations subies par le peuple iranien depuis le d\u00e9but du XXe si\u00e8cle.<\/p>\n<p>Je r\u00e9sume pour ceux qui auraient rat\u00e9 Arte (admirons l\u2019allit\u00e9ration). En 1908, la d\u00e9couverte de p\u00e9trole dans le sous-sol iranien suscite \u2013 qui l\u2019e\u00fbt cru \u2013 un regain g\u00e9n\u00e9ral d\u2019int\u00e9r\u00eat pour ce pays. Mais c\u2019est l\u2019Occident (dignement repr\u00e9sent\u00e9 alors par l\u2019Empire britannique) qui remporte le march\u00e9 \u2013 non sans r\u00e9compenser au passage l\u2019Iran en le pla\u00e7ant sous son aile tut\u00e9laire. Ce protectorat en pointill\u00e9 durera jusqu\u2019aux ann\u00e9es 1950. Apr\u00e8s quoi nos amis les Anglais, \u00e9puis\u00e9s comme toute l\u2019Europe par la deuxi\u00e8me guerre civile europ\u00e9enne (39-45), n\u2019auront d\u2019autre choix que de c\u00e9der progressivement la place aux Am\u00e9ricains.<\/p>\n<p>Avec ceux-ci, et leur bras arm\u00e9 la CIA, plus question de pointill\u00e9s. D\u00e8s 1953, chah en poche, ils d\u00e9posent le leader nationaliste Mossadegh et s\u2019emparent de la r\u00e9alit\u00e9 du pouvoir. Ils exp\u00e9rimentent ainsi une \u00ab\u00a0technique du coup d\u2019Etat\u00a0\u00bb, comme disait l\u2019autre, qui sera leur marque de fabrique durant toute la deuxi\u00e8me moiti\u00e9 du XXe si\u00e8cle \u2013 sans compter le cadeau Bonux George W. Bush\u2026 \u00c7a me rappelle la devinette pos\u00e9e par Michelle Bachelet, pr\u00e9sidente du Chili, \u00e0 des journalistes am\u00e9ricains cois : \u00ab Pourquoi n\u2019y a-t-il jamais eu de putsch aux Etats-Unis ? \u2013 Fastoche : parce qu\u2019il n\u2019y a pas d\u2019ambassade am\u00e9ricaine ! \u00bb Pas de contre-coup sans coup. Pas de \u00ab\u00a0r\u00e9volution khomeiniste\u00a0\u00bb en 1979 sans parachutage du chah en 1953. (Action-r\u00e9action ! comme disait le pion Kad Merad dans\u00a0<em>Les Choristes<\/em>.) Telle est l\u2019utilit\u00e9 du documentaire de Colosimo : une remise en perspective qui n\u2019est pas pr\u00e9cis\u00e9ment la sp\u00e9cialit\u00e9 \u2013 ou le \u00ab\u00a0format\u00a0\u00bb, comme dirait l\u2019ami Pujadas \u2013 du 20 heures.<\/p>\n<p>Et depuis trente ans, quelles raisons l\u2019Iran a-t-il eues de renoncer au \u00abnationalisme sourcilleux\u00bb dont on lui fait reproche ? En tout cas, pas la guerre particuli\u00e8rement meurtri\u00e8re que le pays a d\u00fb livrer contre l\u2019Irak apr\u00e8s l\u2019attaque de Saddam Hussein, en septembre 1980. Certes nous l\u2019avons pendu depuis, mais apr\u00e8s usage ! En attendant, et durant ces huit ann\u00e9es de conflit, le dictateur irakien aura b\u00e9n\u00e9fici\u00e9 du soutien unanime et constant de l\u2019Occident cr\u00e9tin.<\/p>\n<p>Et voil\u00e0-t-il pas que, depuis l\u2019\u00abinvasion lib\u00e9ratrice\u00bb de l\u2019Irak par les Etats Unis, l\u2019Iran a \u00e9t\u00e9 appel\u00e9 \u00e0 remplacer au pied lev\u00e9 son adversaire historique dans le r\u00f4le peu gratifiant de \u00ab\u00a0Grand Satan\u00a0\u00bb ? Que voulez-vous? Une bombe atomique, m\u00eame future et putative, c\u2019est quand m\u00eame plus impressionnant que des \u00abADM\u00bb d\u00e9truites avant m\u00eame d\u2019avoir exist\u00e9. Bien s\u00fbr, on peut toujours reprocher \u00e0 Colosimo de ne pas donner la parole aux oppositions iraniennes. Mais tel n\u2019est pas l\u2019objet, d\u00e9j\u00e0 vaste, de son film \u2013 qui lui impose une d\u00e9marche comme qui dirait \u00ab\u00a0gaullienne\u00a0\u00bb. Le G\u00e9n\u00e9ral parlait d\u2019Etat \u00e0 Etat \u2013 et m\u00eame de Russie \u00e9ternelle devant un Politburo brejnevien qui n\u2019en croyait pas son oreillette.\u00a0<em>Mutatis mutandis,<\/em> le Colos adopte une attitude comparable : il nous parle de la nation iranienne ; pas de son r\u00e9gime actuel.<\/p>\n<p>Et puis surtout, il convient de resituer ces quatre-vingt-dix minutes dans les quatorze heures de programmes consacr\u00e9es \u00e0 l\u2019Iran ce jour-l\u00e0 : on y parle de tout, et tout le monde y a la parole ! Le plus impressionnant, \u00e0 cet \u00e9gard : les dix reportages de cinq minutes qui jalonnent cette \u00ab\u00a0Journ\u00e9e sp\u00e9ciale\u00a0\u00bb, sign\u00e9s de la journaliste et cin\u00e9aste Manon Loizeau (prix Albert-Londres en 2006). Chacun s\u2019y exprime en toute libert\u00e9 \u2013 quitte \u00e0 le faire, en cas de n\u00e9cessit\u00e9, sous couvert d\u2019anonymat. (Comme quoi le voile, parfois, c\u2019est bien utile !) On d\u00e9couvre ainsi une soci\u00e9t\u00e9 complexe, travers\u00e9e de courants divers et contradictoires. Ainsi parle un \u00e9tudiant de T\u00e9h\u00e9ran : \u00ab\u00a0Nous avons r\u00e9appris tr\u00e8s jeunes, d\u00e8s l\u2019\u00e9cole des mollahs, \u00e0 ne jamais dire \u00e0 l\u2019ext\u00e9rieur de la maison ce que nous pensons (\u2026) Nous passons notre temps \u00e0 jouer au chat et \u00e0 la souris avec le r\u00e9gime, c\u2019est la seule mani\u00e8re de sauver notre identit\u00e9 et notre peau !\u00a0\u00bb<\/p>\n<p>Et puis, dans la programmation d\u2019Arte, le documentaire de J.-F. Colosimo est encadr\u00e9 par un reportage et un film tout ce qu\u2019il y a de plus critiques \u00e0 l\u2019\u00e9gard du pouvoir en place \u00e0 T\u00e9h\u00e9ran. A 19 h,\u00a0<em>La t\u00e9l\u00e9 des Iraniens.<\/em> On y apprend qu\u2019outre les t\u00e9l\u00e9visions nationales qui mart\u00e8lent le message officiel, il existe en Iran des cha\u00eenes diffus\u00e9es depuis l\u2019\u00e9tranger et capt\u00e9es par des paraboles cach\u00e9es, o\u00f9 l\u2019on peut voir et entendre tout ce que les autorit\u00e9s s\u2019efforcent de censurer. A 23 h,\u00a0<em>Le Cercle,<\/em> de Jafar Panaki, Lion d\u2019or \u00e0 Venise mais censur\u00e9 en Iran : l\u2019histoire de \u00absix femmes proscrites dans un T\u00e9h\u00e9ran aux allures de prison g\u00e9ante\u00bb, comme dit le dossier de presse. Auparavant on avait pu voir aussi un portrait sans complaisance du pr\u00e9sident Ahmadinejad : une sorte de Ren\u00e9 Coty en plus dr\u00f4le ! Les exc\u00e8s de langage de ce d\u00e9magogue ne portent gu\u00e8re \u00e0 cons\u00e9quence, puisqu\u2019il ne d\u00e9tient pas la r\u00e9alit\u00e9 du pouvoir, r\u00e9serv\u00e9e au \u00abGuide supr\u00eame de la R\u00e9volution\u00bb.<\/p>\n<p>Au bout du compte, le grand m\u00e9rite de cette Journ\u00e9e sp\u00e9ciale Iran est de balayer les id\u00e9es simples et les clich\u00e9s voil\u00e9s (si l\u2019on ose ce trait d\u2019esprit), en dessinant par petites touches l\u2019image de l\u2019Iran r\u00e9el. Un pays aux multiples facettes o\u00f9 se c\u00f4toient raffinement culturel et int\u00e9grisme religieux, interdits tous azimuts et soci\u00e9t\u00e9 civile d\u2019une incroyable vitalit\u00e9 \u2013 le tout dans le cadre politique d\u2019une \u00abR\u00e9publique islamique\u00bb, sorte d\u2019oxymoron \u00e0 pattes avec Parlement et turbans coordonn\u00e9s. Et comme le montre admirablement Colosimo, cet Iran-l\u00e0, paradoxal et schizophr\u00e8ne, est avant tout une vieille nation qui, 2500 ans apr\u00e8s Cyrus le Grand, et malgr\u00e9 un si\u00e8cle de vexations et de violences \u00e9trang\u00e8res, cherche \u00e0 persister dans l\u2019\u00eatre par tous les moyens, m\u00eame l\u00e9gaux.<\/p>\n<p>Publi\u00e9 sur <a href=\"http:\/\/www.causeur.fr\/2500-ans-de-solitude,1972\">Causeur.fr<\/a>, le 23 f\u00e9vrier 2009.<\/p>\n","protected":false},"excerpt":{"rendered":"<p>L\u2019Iran, ce n\u2019est pas seulement les mollahs plus le nucl\u00e9aire Gr\u00e2ce soit rendue \u00e0 Arte d\u2019avoir consacr\u00e9, l\u2019autre mercredi, une journ\u00e9e sp\u00e9ciale \u00e0 l\u2019Iran \u00e0 l\u2019occasion du trenti\u00e8me anniversaire de la r\u00e9volution islamique. La cha\u00eene a ainsi accompli un salutaire travail d\u2019information sur ce pays toujours aussi m\u00e9connu, depuis qu\u2019il est craint, en tant que [&hellip;]<\/p>\n","protected":false},"author":9,"featured_media":0,"comment_status":"open","ping_status":"closed","sticky":false,"template":"","format":"standard","meta":{"footnotes":""},"categories":[11],"tags":[106,199],"class_list":{"0":"post-155","1":"post","2":"type-post","3":"status-publish","4":"format-standard","6":"category-opinions","7":"tag-islam","8":"tag-saddam-hussein"},"_links":{"self":[{"href":"https:\/\/blog.causeur.fr\/asiledeblog\/wp-json\/wp\/v2\/posts\/155","targetHints":{"allow":["GET"]}}],"collection":[{"href":"https:\/\/blog.causeur.fr\/asiledeblog\/wp-json\/wp\/v2\/posts"}],"about":[{"href":"https:\/\/blog.causeur.fr\/asiledeblog\/wp-json\/wp\/v2\/types\/post"}],"author":[{"embeddable":true,"href":"https:\/\/blog.causeur.fr\/asiledeblog\/wp-json\/wp\/v2\/users\/9"}],"replies":[{"embeddable":true,"href":"https:\/\/blog.causeur.fr\/asiledeblog\/wp-json\/wp\/v2\/comments?post=155"}],"version-history":[{"count":0,"href":"https:\/\/blog.causeur.fr\/asiledeblog\/wp-json\/wp\/v2\/posts\/155\/revisions"}],"wp:attachment":[{"href":"https:\/\/blog.causeur.fr\/asiledeblog\/wp-json\/wp\/v2\/media?parent=155"}],"wp:term":[{"taxonomy":"category","embeddable":true,"href":"https:\/\/blog.causeur.fr\/asiledeblog\/wp-json\/wp\/v2\/categories?post=155"},{"taxonomy":"post_tag","embeddable":true,"href":"https:\/\/blog.causeur.fr\/asiledeblog\/wp-json\/wp\/v2\/tags?post=155"}],"curies":[{"name":"wp","href":"https:\/\/api.w.org\/{rel}","templated":true}]}}