{"id":1551,"date":"2012-01-27T12:48:19","date_gmt":"2012-01-27T12:48:19","guid":{"rendered":"http:\/\/blog.causeur.fr\/asiledeblog\/?p=1551"},"modified":"2021-04-26T12:57:43","modified_gmt":"2021-04-26T10:57:43","slug":"hessel-et-les-gens-bons","status":"publish","type":"post","link":"https:\/\/blog.causeur.fr\/asiledeblog\/hessel-et-les-gens-bons-1551","title":{"rendered":"Hessel et les gens bons"},"content":{"rendered":"<p><img loading=\"lazy\" decoding=\"async\" class=\"alignleft\" src=\"http:\/\/www.valeursactuelles.com\/photos\/3922\/65.png\" alt=\"\" width=\"300\" height=\"169\" \/>Soir\u00e9e sp\u00e9ciale \u201cindignation\u201d, vendredi dernier sur France 5 : Franz-Olivier Giesbert consacrait \u00e0 cet int\u00e9ressant ph\u00e9nom\u00e8ne le troisi\u00e8me num\u00e9ro de sa mensuelle,\u00a0<em>2012 : les grandes questions<\/em>. Le concept de l\u2019\u00e9mission, selon les propres termes de son patron :\u00a0<em>\u00ab mettre les grandes id\u00e9es \u00e0 l\u2019\u00e9preuve des faits \u00bb<\/em>. S\u00fbr qu\u2019avec l\u2019\u201cindignation\u201d, \u00e7a allait \u00eatre coton.\u00a0<!--more--><\/p>\n<p>Invit\u00e9 vedette de la soir\u00e9e, naturellement, St\u00e9phane Hessel,\u00a0<em>\u00ab le pape de l\u2019indignation, notre tr\u00e9sor national \u00bb<\/em>, comme le pr\u00e9sente Giesbert avec une emphase nettement teint\u00e9e d\u2019ironie. Pour parler de son grand oeuvre, l\u2019int\u00e9ress\u00e9, lui, a le triomphe presque trop modeste : Ce\u00a0<em>\u00ab petit livre \u00bb\u00a0<\/em>au\u00a0<em>\u00ab succ\u00e8s exag\u00e9r\u00e9 \u00bb<\/em>\u2026 minaude-t-il.<\/p>\n<p>Autour du grand homme et de son \u201cpetit livre\u201d, donc, FOG a r\u00e9uni un plateau prestigieux : pas moins de trois philosophes, plus une \u00e9conomiste et m\u00eame un neurobiologiste (pour parler du \u201csi\u00e8ge de l\u2019indignation dans le cerveau\u201d !).<\/p>\n<p>Mais que p\u00e8sent tous ces experts et leurs arguties face \u00e0 la statue du Commandeur Hessel, avec ses chiffres qui parlent pour elle : 30 pages dont 15 de texte, 4 millions d\u2019exemplaires vendus sur les 5 continents et 94 ans \u2013\u00a0<em>\u00ab bient\u00f4t 95 \u00bb<\/em>, pr\u00e9cise le coquet.<\/p>\n<p>Car cette statue-l\u00e0 aussi parle, sauf qu\u2019elle ne sait que r\u00e9p\u00e9ter en boucle le m\u00eame mantra :\u00a0<em>\u00ab Indignez-vous avec moi du Mal au nom du Bien \u00bb<\/em>. Qui dit mieux ?<\/p>\n<p>Pour lancer ce cri primal, \u00e0 vrai dire, m\u00eame quinze pages \u00e7a fait beaucoup. Mais la na\u00efvet\u00e9 du message hesselien n\u2019emp\u00eache pas la rouerie du messager, qui sait par coeur comment plaire : ne jamais se f\u00e2cher, si possible sourire \u2013 et toujours faire mine de donner raison \u00e0 son contradicteur, quitte \u00e0 sugg\u00e9rer, dans la foul\u00e9e, qu\u2019on a juste pens\u00e9 un peu plus profond.<\/p>\n<p>Ainsi notre pape ira-t-il jusqu\u2019\u00e0 renier trois fois son dogme fondateur : oui, conc\u00e8de-t-il volontiers, l\u2019indignation en soi est vaine si elle ne d\u00e9bouche pas sur l\u2019engagement. (Mais alors, que n\u2019a-t-il intitul\u00e9 sa brochure \u201cEngagez-vous !\u201d ? )<\/p>\n<p>Seul parmi ses interlocuteurs, Finkielkraut pense exactement le contraire : entre cette \u00e9motion que sont l\u2019indignation et l\u2019engagement, il est recommand\u00e9 de passer par la pens\u00e9e\u2026 \u00c0 d\u00e9faut, on risque de se tromper d\u2019ennemi, de probl\u00e8me et donc de solution ; bref, de faire n\u2019importe quoi.<\/p>\n<p>Pour Finky, l\u2019urgence est d\u2019en finir avec le\u00a0<em>\u00ab triple paradoxe de notre intelligentsia \u00bb\u00a0<\/em>qui consiste \u00e0 remplacer\u00a0<em>\u00ab l\u2019intelligence par l\u2019indignation ; la morale de responsabilit\u00e9 par la morale de conviction ; la complexit\u00e9 du monde par la simplification extatique des probl\u00e8mes \u00bb<\/em>, suivez son regard\u2026<\/p>\n<p>Il a raison, Alain le stylite : le succ\u00e8s du manich\u00e9isme compassionnel qui tient lieu de doctrine \u00e0 Sa Saintet\u00e9 St\u00e9phane Ier t\u00e9moigne d\u2019une inqui\u00e9tante r\u00e9gression de l\u2019esprit public et du d\u00e9bat d\u00e9mocratique, qui n\u2019avaient pas besoin de \u00e7a.<\/p>\n<p>Publi\u00e9 pour <a href=\"http:\/\/www.valeursactuelles.com\/culture\/television\/20120125.html\">Valeurs Actuelles<\/a>, le 26 janvier 2012<\/p>\n","protected":false},"excerpt":{"rendered":"<p>Soir\u00e9e sp\u00e9ciale \u201cindignation\u201d, vendredi dernier sur France 5 : Franz-Olivier Giesbert consacrait \u00e0 cet int\u00e9ressant ph\u00e9nom\u00e8ne le troisi\u00e8me num\u00e9ro de sa mensuelle,\u00a02012 : les grandes questions. Le concept de l\u2019\u00e9mission, selon les propres termes de son patron :\u00a0\u00ab mettre les grandes id\u00e9es \u00e0 l\u2019\u00e9preuve des faits \u00bb. S\u00fbr qu\u2019avec l\u2019\u201cindignation\u201d, \u00e7a allait \u00eatre coton.\u00a0<\/p>\n","protected":false},"author":9,"featured_media":0,"comment_status":"open","ping_status":"open","sticky":false,"template":"","format":"standard","meta":{"footnotes":""},"categories":[1],"tags":[22,84],"class_list":{"0":"post-1551","1":"post","2":"type-post","3":"status-publish","4":"format-standard","6":"category-non-classe","7":"tag-alain-finkielkraut","8":"tag-franz-olivier-giesbert"},"_links":{"self":[{"href":"https:\/\/blog.causeur.fr\/asiledeblog\/wp-json\/wp\/v2\/posts\/1551","targetHints":{"allow":["GET"]}}],"collection":[{"href":"https:\/\/blog.causeur.fr\/asiledeblog\/wp-json\/wp\/v2\/posts"}],"about":[{"href":"https:\/\/blog.causeur.fr\/asiledeblog\/wp-json\/wp\/v2\/types\/post"}],"author":[{"embeddable":true,"href":"https:\/\/blog.causeur.fr\/asiledeblog\/wp-json\/wp\/v2\/users\/9"}],"replies":[{"embeddable":true,"href":"https:\/\/blog.causeur.fr\/asiledeblog\/wp-json\/wp\/v2\/comments?post=1551"}],"version-history":[{"count":0,"href":"https:\/\/blog.causeur.fr\/asiledeblog\/wp-json\/wp\/v2\/posts\/1551\/revisions"}],"wp:attachment":[{"href":"https:\/\/blog.causeur.fr\/asiledeblog\/wp-json\/wp\/v2\/media?parent=1551"}],"wp:term":[{"taxonomy":"category","embeddable":true,"href":"https:\/\/blog.causeur.fr\/asiledeblog\/wp-json\/wp\/v2\/categories?post=1551"},{"taxonomy":"post_tag","embeddable":true,"href":"https:\/\/blog.causeur.fr\/asiledeblog\/wp-json\/wp\/v2\/tags?post=1551"}],"curies":[{"name":"wp","href":"https:\/\/api.w.org\/{rel}","templated":true}]}}