{"id":1575,"date":"2012-02-23T14:48:36","date_gmt":"2012-02-23T14:48:36","guid":{"rendered":"http:\/\/blog.causeur.fr\/asiledeblog\/?p=1575"},"modified":"2021-04-26T12:57:43","modified_gmt":"2021-04-26T10:57:43","slug":"le-vilain-petit-journal","status":"publish","type":"post","link":"https:\/\/blog.causeur.fr\/asiledeblog\/le-vilain-petit-journal-1575","title":{"rendered":"Le vilain \u201cPetit Journal\u201d"},"content":{"rendered":"<p><img loading=\"lazy\" decoding=\"async\" class=\"alignleft\" src=\"http:\/\/www.valeursactuelles.com\/photos\/3926\/65.png\" alt=\"\" width=\"300\" height=\"180\" \/>L<em>e Petit Journal<\/em>, vous connaissez ? C\u2019est tous les soirs \u00e0 20 h 05 sur Canal+. Oui je sais, \u201cvous n\u2019avez pas la t\u00e9l\u00e9\u201d ; mais vous lisez bien une gazette ? Sachez en tout cas, mon cousin, que tout Paris n\u2019est bruit que de ce programme satirique, dans les r\u00e9dactions, les \u00e9tats-majors et les cours de r\u00e9cr\u00e9.<\/p>\n<p>La campagne pr\u00e9sidentielle inspire visiblement l\u2019animateur Yann Barth\u00e8s et ses complices, qui adorent d\u00e9monter les rouages de la communication politique pour mieux nous montrer ce que les JT n\u2019ont pas vu, ou \u201cne sauraient voir\u201d.\u00a0<!--more--><\/p>\n<p>Tout le monde en prend pour son grade : c\u2019est Sarkozy resservant, \u00e0 six mois d\u2019\u00e9cart, le m\u00eame discours \u00e0 la virgule pr\u00e8s. C\u2019est, au sortir d\u2019une r\u00e9union commune, Hollande et Aubry r\u00e9citant tour \u00e0 tour la fiche argumentaire qui leur a \u00e9t\u00e9 distribu\u00e9e. C\u2019est Fran\u00e7ois Bayrou s\u2019engouffrant dans une Audi apr\u00e8s avoir martel\u00e9 :\u00a0<em>\u00ab Produisons fran\u00e7ais ! \u00bb\u00a0<\/em>C\u2019est Jean- Luc M\u00e9lenchon \u00e9cumant les plateaux t\u00e9l\u00e9 pour temp\u00eater partout qu\u2019on ne l\u2019invite nulle part !<\/p>\n<p>Parfois aussi, c\u2019est de la pure mauvaise foi. Ainsi de ce reportage faisant passer les partisans de Nicolas Dupont-Aignan pour des buses, qui n\u2019ont rien compris au discours de leur chef : on les a interview\u00e9s avant, tout simplement ! Il faudra du temps \u00e0 nos petits Zorro du bidonnage pour admettre le leur \u2013 qu\u2019ils pr\u00e9f\u00e9reront d\u2019ailleurs appeler \u201cerreur\u201d\u2026<\/p>\n<p>Mais bon, dans l\u2019ensemble c\u2019est dr\u00f4le, parfois instructif, et \u00e7a ne mange pas de pain. Parce que enfin, si quelqu\u2019un change d\u2019avis apr\u00e8s avoir vu cette \u00e9mission, c\u2019est qu\u2019il n\u2019en avait pas !<\/p>\n<p>Alors pourquoi r\u00e9clame-t-on soudain ici et l\u00e0, et surtout \u00e0 gauche, que la carte de presse soit retir\u00e9e au\u00a0<em>Petit Journal\u00a0<\/em>? Au nom du\u00a0<em>\u00ab respect des faits, base du journalisme \u00bb<\/em>, figurez-vous. Tr\u00eave d\u2019hypocrisie ! La presse, ce n\u2019est pas l\u2019AFP. S\u00e9lectionner les faits, les hi\u00e9rarchiser, c\u2019est d\u00e9j\u00e0 poser sur eux un regard subjectif, avant tout commentaire. Autant dire que la \u201cloi\u201d de s\u00e9paration quasi la\u00efque entre faits et commentaires est aussi irr\u00e9aliste que son anc\u00eatre la fameuse \u201cobjectivit\u00e9\u201d journalistique.<\/p>\n<p>Au-del\u00e0 de ce faux proc\u00e8s, ce qui tarabuste et divise le \u201ccamp du progr\u00e8s\u201d, c\u2019est la vraie nature du m\u00e9lange des genres barth\u00e9sien : rafra\u00eechissante impertinence ou n\u00e9o-n\u00e9opoujadisme d\u00e9mobilisateur ?<\/p>\n<p>Ph\u00e9nom\u00e8ne g\u00e9n\u00e9rationnel, en tout cas. Apr\u00e8s les engag\u00e9s et les enrag\u00e9s, les d\u00e9\u00e7us et les d\u00e9sengag\u00e9s, voici une nouvelle g\u00e9n\u00e9ration r\u00e9solument d\u00e9gag\u00e9e. Ces jeunes gens sont revenus de tout sans m\u00eame avoir eu besoin d\u2019aller quelque part : leurs parents l\u2019avaient fait pour eux.<\/p>\n<p>Le dandysme indiff\u00e9rentiste affich\u00e9 par\u00a0<em>le Petit Journal\u00a0<\/em>est un pur produit de l\u2019\u00e9poque. Mais apr\u00e8s tout, mieux vaut ne croire \u00e0 rien qu\u2019\u00e0 n\u2019importe quoi ! Si \u00e7a se trouve, ce progr\u00e8s dialectique restera m\u00eame dans l\u2019Histoire comme le seul dont puisse se pr\u00e9valoir le XXIe si\u00e8cle par rapport \u00e0 ses pr\u00e9d\u00e9cesseurs.<\/p>\n<p>Photo \u00a9 Production<\/p>\n<p>Publi\u00e9 pour <a href=\"http:\/\/www.valeursactuelles.com\/culture\/t%C3%A9l%C3%A9vision\/vilain-%E2%80%9Cpetit-journal%E2%80%9D20120222.html\">Valeurs Actuelles<\/a>, le 23.02.12<\/p>\n","protected":false},"excerpt":{"rendered":"<p>Le Petit Journal, vous connaissez ? C\u2019est tous les soirs \u00e0 20 h 05 sur Canal+. Oui je sais, \u201cvous n\u2019avez pas la t\u00e9l\u00e9\u201d ; mais vous lisez bien une gazette ? Sachez en tout cas, mon cousin, que tout Paris n\u2019est bruit que de ce programme satirique, dans les r\u00e9dactions, les \u00e9tats-majors et les [&hellip;]<\/p>\n","protected":false},"author":9,"featured_media":0,"comment_status":"open","ping_status":"open","sticky":false,"template":"","format":"standard","meta":{"footnotes":""},"categories":[11],"tags":[343],"class_list":{"0":"post-1575","1":"post","2":"type-post","3":"status-publish","4":"format-standard","6":"category-opinions","7":"tag-le-petit-journal"},"_links":{"self":[{"href":"https:\/\/blog.causeur.fr\/asiledeblog\/wp-json\/wp\/v2\/posts\/1575","targetHints":{"allow":["GET"]}}],"collection":[{"href":"https:\/\/blog.causeur.fr\/asiledeblog\/wp-json\/wp\/v2\/posts"}],"about":[{"href":"https:\/\/blog.causeur.fr\/asiledeblog\/wp-json\/wp\/v2\/types\/post"}],"author":[{"embeddable":true,"href":"https:\/\/blog.causeur.fr\/asiledeblog\/wp-json\/wp\/v2\/users\/9"}],"replies":[{"embeddable":true,"href":"https:\/\/blog.causeur.fr\/asiledeblog\/wp-json\/wp\/v2\/comments?post=1575"}],"version-history":[{"count":0,"href":"https:\/\/blog.causeur.fr\/asiledeblog\/wp-json\/wp\/v2\/posts\/1575\/revisions"}],"wp:attachment":[{"href":"https:\/\/blog.causeur.fr\/asiledeblog\/wp-json\/wp\/v2\/media?parent=1575"}],"wp:term":[{"taxonomy":"category","embeddable":true,"href":"https:\/\/blog.causeur.fr\/asiledeblog\/wp-json\/wp\/v2\/categories?post=1575"},{"taxonomy":"post_tag","embeddable":true,"href":"https:\/\/blog.causeur.fr\/asiledeblog\/wp-json\/wp\/v2\/tags?post=1575"}],"curies":[{"name":"wp","href":"https:\/\/api.w.org\/{rel}","templated":true}]}}