{"id":1611,"date":"2011-12-15T16:04:16","date_gmt":"2011-12-15T16:04:16","guid":{"rendered":"http:\/\/blog.causeur.fr\/asiledeblog\/?p=1611"},"modified":"2021-04-26T12:57:43","modified_gmt":"2021-04-26T10:57:43","slug":"pourquoi-je-ne-ferai-pas-de-discours","status":"publish","type":"post","link":"https:\/\/blog.causeur.fr\/asiledeblog\/pourquoi-je-ne-ferai-pas-de-discours-1611","title":{"rendered":"Pourquoi je ne ferai pas de discours"},"content":{"rendered":"<p><strong>Allocution de Basile de Koch \u00e0 l\u2019occasion du cocktail-d\u00e9bat organis\u00e9 par la Soci\u00e9t\u00e9 d\u2019Appr\u00e9ciation de Basile de Koch sur le th\u00e8me : \u00ab Qu\u2019en pensent les march\u00e9s ? \u00bb<\/strong><\/p>\n<p><strong><\/strong>Apr\u00e8s r\u00e9flexion, je ne m\u2019exprimerai pas ce soir et pour trois raisons au moins.<br \/>\nD\u2019abord parce que la crise, ses tenants et ses aboutissants sont un sujet compliqu\u00e9.<\/p>\n<p>Non que je craigne de me colleter aux difficult\u00e9s \u00e9conomiques et financi\u00e8res que nous traversons ! J\u2019en ai connu d\u2019autres, ne serait-ce qu\u2019\u00e0 la maison.<\/p>\n<p>C\u2019est une question de responsabilit\u00e9. Dans une situation complexe, parler simplement \u2013 et Dieu sait que je l\u2019aurai fait pour vous \u2013 c\u2019est prendre le risque de faire le jeu des populistes !<\/p>\n<p>Tous les populistes, de Mme Le Pen \u00e0 MM. Montebourg, M\u00e9lenchon et Poutou ! D\u2019Emmanuel Todd \u00e0 Jean-Jacques Bourdin !<br \/>\nDerri\u00e8re la clart\u00e9 apparente du discours s\u2019avancent trop souvent les forces obscures en leur sinistre cort\u00e8ge. Je ne prendrai pas le risque de les rejoindre !<\/p>\n<p>Et puis je ne prendrai pas la parole parce que, dans les circonstances actuelles, la dignit\u00e9 voudrait que je m\u2019exprime en allemand et que j\u2019en suis totalement infoutu.<\/p>\n<p>Oui, il faudrait parler leur langue, la langue de Goethe et de Tokio Hotel, pour r\u00e9affirmer \u00e0 nos amis d\u2019outre-Rhin notre solidarit\u00e9, dans ce climat d\u00e9l\u00e9t\u00e8re de germanophobie et d\u2019anti-bismarckisme primaire.<\/p>\n<p>Parce qu\u2019enfin, on commence par parler fran\u00e7ais et puis on se met \u00e0 parler de produire fran\u00e7ais comme Le Pen, d\u2019acheter fran\u00e7ais comme Bayrou \u2013 et on finit par penser fran\u00e7ais comme Chev\u00e8nement !<\/p>\n<p>Troisi\u00e8me raison de ne pas m\u2019exprimer ce soir : le patriotisme, tout simplement ! Parler, je me connais, ce serait aggraver encore l\u2019inqui\u00e9tude des march\u00e9s et par l\u00e0, contribuer au plus grand danger qui menace la France : perdre son triple A !<\/p>\n<p>Enfin, dernier avantage \u00e0 ne pas prononcer de discours ce soir, c\u2019est qu\u2019il ne risque pas de d\u00e9boucher sur un d\u00e9bat !<\/p>\n<p>Tout d\u00e9bat tendrait naturellement \u00e0 nous diviser, alors que la division est le contraire de l\u2019Union plus que jamais n\u00e9cessaire en ces temps d\u2019\u00e9preuve pour l\u2019Europe.<\/p>\n<p>Surtout s\u2019il s\u2019agit encore et toujours des questions oiseuses agit\u00e9es par les ennemis de l\u2019Union, ces con-f\u00e9d\u00e9r\u00e9s !<\/p>\n<p>Est-il s\u00e9rieux de d\u00e9battre sur les abandons de souverainet\u00e9 budg\u00e9taire indispensables non seulement pour sauver notre triple A, mais aussi pour rassurer les march\u00e9s ?<\/p>\n<p>Qui sont-ils donc, ces Pal\u00e9ofran\u00e7ais pour s\u2019acharner contre ce bon accord difficultueusement trouv\u00e9, sous la houlette d\u2019Angela et Nicolas, par les 26 Etats les moins l\u00e2ches d\u2019Europe ?<\/p>\n<p>Voil\u00e0, mes chers amis, pourquoi vous ne m\u2019entendrez pas ce soir.<\/p>\n","protected":false},"excerpt":{"rendered":"<p>Allocution de Basile de Koch \u00e0 l\u2019occasion du cocktail-d\u00e9bat organis\u00e9 par la Soci\u00e9t\u00e9 d\u2019Appr\u00e9ciation de Basile de Koch sur le th\u00e8me : \u00ab Qu\u2019en pensent les march\u00e9s ? \u00bb Apr\u00e8s r\u00e9flexion, je ne m\u2019exprimerai pas ce soir et pour trois raisons au moins. D\u2019abord parce que la crise, ses tenants et ses aboutissants sont un [&hellip;]<\/p>\n","protected":false},"author":9,"featured_media":0,"comment_status":"open","ping_status":"open","sticky":false,"template":"","format":"standard","meta":{"footnotes":""},"categories":[11],"tags":[],"class_list":{"0":"post-1611","1":"post","2":"type-post","3":"status-publish","4":"format-standard","6":"category-opinions"},"_links":{"self":[{"href":"https:\/\/blog.causeur.fr\/asiledeblog\/wp-json\/wp\/v2\/posts\/1611","targetHints":{"allow":["GET"]}}],"collection":[{"href":"https:\/\/blog.causeur.fr\/asiledeblog\/wp-json\/wp\/v2\/posts"}],"about":[{"href":"https:\/\/blog.causeur.fr\/asiledeblog\/wp-json\/wp\/v2\/types\/post"}],"author":[{"embeddable":true,"href":"https:\/\/blog.causeur.fr\/asiledeblog\/wp-json\/wp\/v2\/users\/9"}],"replies":[{"embeddable":true,"href":"https:\/\/blog.causeur.fr\/asiledeblog\/wp-json\/wp\/v2\/comments?post=1611"}],"version-history":[{"count":0,"href":"https:\/\/blog.causeur.fr\/asiledeblog\/wp-json\/wp\/v2\/posts\/1611\/revisions"}],"wp:attachment":[{"href":"https:\/\/blog.causeur.fr\/asiledeblog\/wp-json\/wp\/v2\/media?parent=1611"}],"wp:term":[{"taxonomy":"category","embeddable":true,"href":"https:\/\/blog.causeur.fr\/asiledeblog\/wp-json\/wp\/v2\/categories?post=1611"},{"taxonomy":"post_tag","embeddable":true,"href":"https:\/\/blog.causeur.fr\/asiledeblog\/wp-json\/wp\/v2\/tags?post=1611"}],"curies":[{"name":"wp","href":"https:\/\/api.w.org\/{rel}","templated":true}]}}