{"id":1621,"date":"2012-04-12T15:45:32","date_gmt":"2012-04-12T15:45:32","guid":{"rendered":"http:\/\/blog.causeur.fr\/asiledeblog\/?p=1621"},"modified":"2021-04-26T12:57:42","modified_gmt":"2021-04-26T10:57:42","slug":"1621","status":"publish","type":"post","link":"https:\/\/blog.causeur.fr\/asiledeblog\/1621-1621","title":{"rendered":"D\u00e9fense de rire !"},"content":{"rendered":"<p><img loading=\"lazy\" decoding=\"async\" class=\"alignleft\" src=\"http:\/\/www.valeursactuelles.com\/photos\/3933\/65.png\" alt=\"\" width=\"250\" height=\"154\" \/>Amusant accrochage, l\u2019autre samedi \u00e0\u00a0<em>On n\u2019est pas couch\u00e9<\/em>, entre Audrey Pulvar et un humoriste r\u00e9pondant au nom de \u201ccomte de Bouderbala\u201d,\u00a0<em>alias\u00a0<\/em>Sami Ameziane.<\/p>\n<p>Dame Pulvar a cru d\u00e9busquer, dans le spectacle de l\u2019int\u00e9ress\u00e9, un sketch\u00a0<em>\u00ab stigmatisant les Roms \u00bb\u00a0<\/em>qu\u2019elle ne saurait laisser passer. Entendez-la bien : Audrey n\u2019a rien contre l\u2019humour\u00a0<em>a priori\u00a0<\/em>; mais en l\u2019esp\u00e8ce, le\u00a0<em>\u00ab manque de bienveillance \u00bb<\/em>manifest\u00e9 par ce comte-l\u00e0 envers les Roms passe les bornes qui s\u00e9parent le rire de bon aloi de la gaudriole\u00a0<em>\u00ab naus\u00e9abonde \u00bb<\/em>.\u00a0<!--more--><\/p>\n<p>Face \u00e0 ce r\u00e9quisitoire, l\u2019ami Sami reste scotch\u00e9. De fait, la situation est piquante : lui, le comique\u00a0<em>\u00ab issu de la diversit\u00e9 \u00bb<\/em>, fils d\u2019Alg\u00e9riens \u00e9lev\u00e9 en Seine-Saint-Denis, se voit taxer de discrimination raciale, et par qui ? Une journaliste en vue, issue de la meilleure bourgeoisie martiniquaise, qui a moins souffert du racisme dans toute sa vie que, depuis deux ans, de sa fr\u00e9quentation d\u2019un homme politique \u00e9galement en vue.<\/p>\n<p>D\u00e9stabilis\u00e9, le pauvre comte se d\u00e9fend comme il peut :\u00a0<em>\u00ab Quand m\u00eame on peut en dire plus sur sc\u00e8ne, devant un public averti, qu\u2019\u00e0 la t\u00e9l\u00e9 \u00bb\u00a0<\/em>plaide-t-il. Argutie rejet\u00e9e par son impitoyable procureur(e) : c\u2019est une question de principe !\u00a0<em>\u00ab Mais dans mes spectacles<\/em>, tente encore l\u2019accus\u00e9,\u00a0<em>tout le monde en prend pour son grade, Arabes et Noirs, Gaulois et Chinois ; pourquoi vous ne retenez que les Roms ? \u00bb\u00a0<\/em>Eh bien, \u00e7a a heurt\u00e9 la conscience de Mme Pulvar, voil\u00e0 tout.<\/p>\n<p>Est-elle vraiment sinc\u00e8re sur ce coup, ou fait-elle juste un peu de z\u00e8le dans son r\u00f4le de \u201cconscience\u201d du Ruquier show ? ou les deux ? Elle-m\u00eame, le sait-elle ? Allez savoir.<\/p>\n<p>C\u2019est un peu \u00e7a le probl\u00e8me avec la \u201cgauche morale\u201d, qu\u2019Audrey Pulvar incarne plut\u00f4t pas mal. On n\u2019est jamais s\u00fbr si ces gens-l\u00e0 plaisantent, ou s\u2019ils \u201cs\u2019indignent\u201d vraiment pour tout et n\u2019importe quoi.<\/p>\n<p>Ce soir-l\u00e0 en tout cas, sur le plateau d\u2019<em>On est pas couch\u00e9<\/em>, personne ne semble prendre la philippique antiraciste d\u2019Audrey au s\u00e9rieux. Ni sa coll\u00e8gue Natacha, ni son chef Laurent, ni aucun des autres invit\u00e9s pr\u00e9sents \u2013 pourtant vari\u00e9s \u00e0 souhait.<\/p>\n<p>De fait, il suffit de voir la t\u00eate de ce Bouderbala-l\u00e0, qui pose sur ses affiches avec un chapeau de bouffon \u00e0 grelots, pour deviner aussi son profil : un\u00a0<em>serial\u00a0<\/em>blagueur qui, loin de choisir ses cibles, tire dans le tas !<\/p>\n<p>Seule contre tous, Audrey Pulvar persiste \u00e0 parler s\u00e9rieusement de ce qui manifestement ne l\u2019est pas :\u00a0<em>\u00ab Il n\u2019est pas interdit de rire<\/em>, insiste-t-elle sans rire,\u00a0<em>pourvu que le rire soit citoyen \u00bb.<\/em><\/p>\n<p><em><\/em>Autant dire qu\u2019il vaudrait mieux l\u2019encadrer, ce rire ! Et pourquoi pas un minist\u00e8re \u201cde la Rigolade\u201d, comme dans la chanson de G\u00e9rard Lenorman \u2013 dont on confierait bien s\u00fbr la responsabilit\u00e9 \u00e0 Mme Pulvar ?<\/p>\n<p>&nbsp;<\/p>\n<p>Publi\u00e9 pour <a href=\"http:\/\/www.valeursactuelles.com\/culture\/t%C3%A9l%C3%A9vision\/d%C3%A9fense-de-rire20120411.html\">Valeurs Actuelles<\/a>, le 12 avril 2012<\/p>\n","protected":false},"excerpt":{"rendered":"<p>Amusant accrochage, l\u2019autre samedi \u00e0\u00a0On n\u2019est pas couch\u00e9, entre Audrey Pulvar et un humoriste r\u00e9pondant au nom de \u201ccomte de Bouderbala\u201d,\u00a0alias\u00a0Sami Ameziane. Dame Pulvar a cru d\u00e9busquer, dans le spectacle de l\u2019int\u00e9ress\u00e9, un sketch\u00a0\u00ab stigmatisant les Roms \u00bb\u00a0qu\u2019elle ne saurait laisser passer. Entendez-la bien : Audrey n\u2019a rien contre l\u2019humour\u00a0a priori\u00a0; mais en l\u2019esp\u00e8ce, le\u00a0\u00ab [&hellip;]<\/p>\n","protected":false},"author":9,"featured_media":0,"comment_status":"open","ping_status":"open","sticky":false,"template":"","format":"standard","meta":{"footnotes":""},"categories":[11],"tags":[],"class_list":{"0":"post-1621","1":"post","2":"type-post","3":"status-publish","4":"format-standard","6":"category-opinions"},"_links":{"self":[{"href":"https:\/\/blog.causeur.fr\/asiledeblog\/wp-json\/wp\/v2\/posts\/1621","targetHints":{"allow":["GET"]}}],"collection":[{"href":"https:\/\/blog.causeur.fr\/asiledeblog\/wp-json\/wp\/v2\/posts"}],"about":[{"href":"https:\/\/blog.causeur.fr\/asiledeblog\/wp-json\/wp\/v2\/types\/post"}],"author":[{"embeddable":true,"href":"https:\/\/blog.causeur.fr\/asiledeblog\/wp-json\/wp\/v2\/users\/9"}],"replies":[{"embeddable":true,"href":"https:\/\/blog.causeur.fr\/asiledeblog\/wp-json\/wp\/v2\/comments?post=1621"}],"version-history":[{"count":0,"href":"https:\/\/blog.causeur.fr\/asiledeblog\/wp-json\/wp\/v2\/posts\/1621\/revisions"}],"wp:attachment":[{"href":"https:\/\/blog.causeur.fr\/asiledeblog\/wp-json\/wp\/v2\/media?parent=1621"}],"wp:term":[{"taxonomy":"category","embeddable":true,"href":"https:\/\/blog.causeur.fr\/asiledeblog\/wp-json\/wp\/v2\/categories?post=1621"},{"taxonomy":"post_tag","embeddable":true,"href":"https:\/\/blog.causeur.fr\/asiledeblog\/wp-json\/wp\/v2\/tags?post=1621"}],"curies":[{"name":"wp","href":"https:\/\/api.w.org\/{rel}","templated":true}]}}