{"id":1628,"date":"2012-04-19T14:49:18","date_gmt":"2012-04-19T14:49:18","guid":{"rendered":"http:\/\/blog.causeur.fr\/asiledeblog\/?p=1628"},"modified":"2021-04-26T12:57:42","modified_gmt":"2021-04-26T10:57:42","slug":"vatican-2-rome-3","status":"publish","type":"post","link":"https:\/\/blog.causeur.fr\/asiledeblog\/vatican-2-rome-3-1628","title":{"rendered":"Vatican 2, Rome 3"},"content":{"rendered":"<p><a href=\"http:\/\/www.valeursactuelles.com\/photos\/3934\/65.png\"><img loading=\"lazy\" decoding=\"async\" class=\"alignleft\" src=\"http:\/\/www.valeursactuelles.com\/photos\/3934\/65.png\" alt=\"\" width=\"250\" height=\"160\" \/><\/a>L<em>a Guerre perdue du Vatican<\/em>, documentaire diffus\u00e9 l\u2019autre lundi par France 3, appartient au genre du thriller historique \u00e0 th\u00e8se. Truff\u00e9 de rebondissements mais tout entier guid\u00e9 par une id\u00e9e directrice : Rome a trahi Vatican II !\u00a0<!--more--><\/p>\n<p>C\u00f4t\u00e9 suspense, on est servi. Ce concile, pr\u00e9vu \u00e0 l\u2019origine pour durer quinze jours, va s\u2019\u00e9taler sur trois ans et d\u00e9clencher dans l\u2019\u00c9glise une guerre d\u2019un demi-si\u00e8cle. Nouveaut\u00e9s liturgiques, pastorales, dogmatiques et pataphysiques se succ\u00e8dent dans le bouillonnement de ce Mai 68 en chasuble.\u00a0<em>\u00ab Les p\u00e8res conciliaires r\u00e9volutionnent deux mille ans de christianisme \u00bb<\/em>, s\u2019enthousiasme la voix off.<\/p>\n<p>Apr\u00e8s avoir interdit le latin et relook\u00e9 la messe, proclam\u00e9 l\u2019oe\u0153cum\u00e9nisme et le salut hors de l\u2019\u00c9glise, ils en viennent tout naturellement \u00e0 remettre en cause la morale sexuelle de l\u2019\u00c9glise et l\u2019infaillibilit\u00e9 pontificale\u2026<\/p>\n<p>Il est temps pour le Vatican de r\u00e9agir \u2013 et cette \u201cr\u00e9action\u201d dure encore, d\u00e9plore le doc. Paul VI brise l\u2019\u00e9lan de l\u2019\u00c9glise postconciliaire, dans laquelle il croit percevoir les\u00a0<em>\u00ab fum\u00e9es de Satan \u00bb<\/em>.<\/p>\n<p>Jean-Paul II, sous ses airs lib\u00e9raux, traque la \u201cth\u00e9ologie de la lib\u00e9ration\u201d et fraye avec la redoutable Opus Dei. Mais le pire, c\u2019est ce Beno\u00eet XVI qui n\u2019h\u00e9site pas \u00e0 r\u00e9int\u00e9grer les int\u00e9gristes ! Rien d\u2019\u00e9tonnant, nous explique-t-on : ce diable d\u2019homme-l\u00e0\u00a0<em>\u00ab n\u2019a jamais v\u00e9ritablement accept\u00e9 le concile \u00bb<\/em>, \u00e0 propos duquel il se demandait, d\u00e8s 1966 :\u00a0<em>\u00ab Ne tourne-t-il pas le dos \u00e0 la conversion pour aller vers la perversion ? \u00bb<\/em><\/p>\n<p>Tous les cathos tradis qui rel\u00e8vent aujourd\u2019hui dangereusement la t\u00eate ne sont que les fils naturels du pape actuel, qui a lev\u00e9 leur excommunication ! Regardez-les d\u00e9filer, avec leurs soutanes, leurs scouts en grand uniforme et leurs inqui\u00e9tantes oriflammes ; \u00e9coutez-les chanter sans vergogne en latin et vilipender le \u201cmodernisme\u201d avec les mots m\u00eame de Pie IX !<\/p>\n<p>Comment ne pas mettre en parall\u00e8le ces images et d\u2019autres, vieilles de cinquante ans et en noir et blanc ? On y voit une classe de jeunes-pr\u00eatres-progressistes en AG \u00e0 la Sorbonne, en grand uniforme la\u00efc garanti sans signe distinctif, planchant sur le th\u00e8me \u201cLib\u00e9rer l\u2019\u00c9glise pour lib\u00e9rer le monde\u201d. Las ! Cinquante ans plus tard, non seulement ce beau r\u00eave s\u2019est \u00e9vanoui mais, dans l\u2019\u00c9glise d\u2019aujourd\u2019hui, l\u2019avenir semble \u00eatre au pass\u00e9 !<\/p>\n<p>Comment expliquer ce ph\u00e9nom\u00e8ne, contraire au plus \u00e9l\u00e9mentaire sens de l\u2019Histoire ? L\u2019auteur n\u2019est s\u00fbr que d\u2019une chose : ce retour de la R\u00e9action est une victoire \u00e0 la Pyrrhus ; l\u2019\u00c9glise ne l\u2019emportera pas au paradis !\u00a0<em>\u00ab Vieillissante et concurrenc\u00e9e par les mouvements \u00e9vang\u00e9liques, elle est plus que jamais en crise ! \u00bb<\/em>, conclut la voix off sur un ton objectif qui cache mal sa joie.<\/p>\n<p>Est-ce si s\u00fbr ? O\u00f9 en serait l\u2019\u00c9glise aujourd\u2019hui si, poussant au bout sa logique conciliaire, elle en \u00e9tait venue \u00e0 admettre qu\u2019entre les religions il n\u2019y a pas de diff\u00e9rence de substance ? M\u2019est avis qu\u2019elle se serait autodissoute dans la mare de son \u201clib\u00e9ralisme\u201d, au sens de Pie IX toujours !<\/p>\n<p>Publi\u00e9 pour <a href=\"http:\/\/www.valeursactuelles.com\/culture\/t%C3%A9l%C3%A9vision\/vatican-2-rome-320120417.html\">Valeurs Actuelles<\/a>, le 19.04.12<\/p>\n","protected":false},"excerpt":{"rendered":"<p>La Guerre perdue du Vatican, documentaire diffus\u00e9 l\u2019autre lundi par France 3, appartient au genre du thriller historique \u00e0 th\u00e8se. Truff\u00e9 de rebondissements mais tout entier guid\u00e9 par une id\u00e9e directrice : Rome a trahi Vatican II !\u00a0<\/p>\n","protected":false},"author":9,"featured_media":0,"comment_status":"open","ping_status":"open","sticky":false,"template":"","format":"standard","meta":{"footnotes":""},"categories":[11],"tags":[40,370],"class_list":{"0":"post-1628","1":"post","2":"type-post","3":"status-publish","4":"format-standard","6":"category-opinions","7":"tag-benoit-xvi","8":"tag-mai-68"},"_links":{"self":[{"href":"https:\/\/blog.causeur.fr\/asiledeblog\/wp-json\/wp\/v2\/posts\/1628","targetHints":{"allow":["GET"]}}],"collection":[{"href":"https:\/\/blog.causeur.fr\/asiledeblog\/wp-json\/wp\/v2\/posts"}],"about":[{"href":"https:\/\/blog.causeur.fr\/asiledeblog\/wp-json\/wp\/v2\/types\/post"}],"author":[{"embeddable":true,"href":"https:\/\/blog.causeur.fr\/asiledeblog\/wp-json\/wp\/v2\/users\/9"}],"replies":[{"embeddable":true,"href":"https:\/\/blog.causeur.fr\/asiledeblog\/wp-json\/wp\/v2\/comments?post=1628"}],"version-history":[{"count":0,"href":"https:\/\/blog.causeur.fr\/asiledeblog\/wp-json\/wp\/v2\/posts\/1628\/revisions"}],"wp:attachment":[{"href":"https:\/\/blog.causeur.fr\/asiledeblog\/wp-json\/wp\/v2\/media?parent=1628"}],"wp:term":[{"taxonomy":"category","embeddable":true,"href":"https:\/\/blog.causeur.fr\/asiledeblog\/wp-json\/wp\/v2\/categories?post=1628"},{"taxonomy":"post_tag","embeddable":true,"href":"https:\/\/blog.causeur.fr\/asiledeblog\/wp-json\/wp\/v2\/tags?post=1628"}],"curies":[{"name":"wp","href":"https:\/\/api.w.org\/{rel}","templated":true}]}}