{"id":163,"date":"2009-12-06T17:36:35","date_gmt":"2009-12-06T15:36:35","guid":{"rendered":"http:\/\/carnet.causeur.fr\/asiledeblog\/?p=163"},"modified":"2021-04-26T12:58:00","modified_gmt":"2021-04-26T10:58:00","slug":"limpossible-monsieur-bebe","status":"publish","type":"post","link":"https:\/\/blog.causeur.fr\/asiledeblog\/limpossible-monsieur-bebe-163","title":{"rendered":"L\u2019impossible Monsieur B\u00e9b\u00e9"},"content":{"rendered":"<p><a href=\"http:\/\/blog.causeur.fr\/asiledeblog\/files\/2010\/10\/2553179_Jean-d-Ormesson.jpeg\"><img loading=\"lazy\" decoding=\"async\" class=\"aligncenter size-medium wp-image-164\" src=\"http:\/\/carnet.causeur.fr\/asiledeblog\/files\/2010\/10\/2553179_Jean-d-Ormesson-300x173.jpg\" alt=\"\" width=\"300\" height=\"173\" srcset=\"https:\/\/blog.causeur.fr\/asiledeblog\/wp-content\/uploads\/sites\/10\/2010\/10\/2553179_Jean-d-Ormesson-300x173.jpg 300w, https:\/\/blog.causeur.fr\/asiledeblog\/wp-content\/uploads\/sites\/10\/2010\/10\/2553179_Jean-d-Ormesson.jpeg 345w\" sizes=\"auto, (max-width: 300px) 100vw, 300px\" \/><\/a><\/p>\n<p>Jean d\u2019Ormesson revient, et il est toujours aussi content\u00a0! On le serait \u00e0 moins\u00a0: son dernier bouquin est un des \u00ab\u00a0blockbusters\u00a0\u00bb de la rentr\u00e9e litt\u00e9raire. Po\u00e9tiquement intitul\u00e9 <em>C\u2019est une chose \u00e9trange \u00e0 la fin que le monde<\/em>, et modestement sous-titr\u00e9 \u00ab\u00a0roman\u00a0\u00bb, ce livre se veut en fait le r\u00e9cit des aventures du Monde, depuis l\u2019origine des origines et jusqu\u2019aux fins derni\u00e8res\u00a0; rien de moins.<!--more--><\/p>\n<p>Difficile, ces derniers temps, d\u2019\u00e9chapper \u00e0 son plan promo tous azimuts. Et d\u2019ailleurs, \u00e0 quoi bon y \u00e9chapper\u00a0? Ce fut au contraire, pour moi, une nouvelle chance de r\u00e9pondre \u00e0 la question qui me taraudait depuis longtemps : pourquoi ce Jean-l\u00e0 m\u2019agace-t-il tant\u00a0?<\/p>\n<p>L\u2019homme est pourtant intelligent, vif comme un gardon, p\u00e9tillant comme un mousseux des Lumi\u00e8res\u2026 Et puis si \u00e9l\u00e9gant, n\u2019est-ce pas, avec son port famili\u00e8rement altier, ses yeux bleu d\u00e9lav\u00e9 et ses tweeds coordonn\u00e9s.<\/p>\n<p>Alors, jalousie, envie, ressentiment\u00a0? Malaise en tout cas, face \u00e0 cet Immortel de quatre-vingt cinq ans d\u2019\u00e2ge, cro\u00fblant sous les honneurs et qui n\u2019en pose pas moins au jeune homme rebelle et toujours vert. Il fallait le voir, jeudi dernier \u00e0 <em>La Grande Librairie<\/em> de Fran\u00e7ois Busnel (France 5, 20h35), vendre sa compilation m\u00e9taphysique \u00e0 force de contorsions\u00a0: <em>\u00ab\u00a0C\u2019est un livre ambitieux<\/em> (pause m\u00e9ditative) \u2026<em>Il n\u2019est pas tout \u00e0 fait exclu que j\u2019aie p\u00e9t\u00e9 plus haut que mon cul\u00a0!\u00bb<\/em><\/p>\n<p>Succ\u00e8s garanti\u00a0: Busnel, flairant le \u00ab\u00a0zapping\u00a0\u00bb, fait mine d\u2019avoir mal entendu, l\u2019autre se r\u00e9p\u00e8te complaisamment, et tout le monde est content\u00a0! Apr\u00e8s une telle sortie, l\u2019Ormesson est ma\u00eetre du jeu\u00a0: il peut dire ce qu\u2019il veut. L\u2019ennui, c\u2019est qu\u2019il a d\u00e9j\u00e0 tout dit\u00a0! Notre acad\u00e9micien p\u00e9tomane n\u2019a \u00e0 vendre que lui-m\u00eame.<\/p>\n<p>Cette saillie de CM1 restera d\u2019ailleurs sa seule audace intellectuelle de la soir\u00e9e\u00a0; pour le reste, ce qu\u2019il distribue avec talent, c\u2019est du chewing gum pour l\u2019\u00e2me. A une triste banalit\u00e9 <em>(\u00ab\u00a0Nous allons tous mourir\u00a0\u00bb) <\/em>succ\u00e8de un joyeux paradoxe en plastique\u00a0:<em> (\u00ab\u00a0Il n\u2019y a que les vivants qui meurent\u00a0!\u00a0\u00bb)\u2026 <\/em><\/p>\n<p>Tout \u00e7a pour d\u00e9boucher sur une m\u00e9taphysique de \u00ab\u00a0tenue blanche\u00a0\u00bb ma\u00e7onnique\u00a0:<em> \u00ab\u00a0Je suis un agnostique, entour\u00e9 de gens qui croient savoir que Dieu existe et d\u2019autres qui sont s\u00fbrs que Dieu n\u2019existe pas\u00a0!\u00a0\u00bb <\/em>ose l\u2019ami Jean \u2013 qui devrait sortir plus souvent\u2026 Aujourd\u2019hui en Occident, tout le monde est agnostique comme lui. Mieux\u00a0: la question m\u00eame de l\u2019existence de Dieu n\u2019int\u00e9resse plus grand-monde. Il faudrait peut \u00eatre pr\u00e9venir son attach\u00e9e de presse\u2026<\/p>\n<p>Mais qui suis-je pour critiquer ce noble acad\u00e9micien \u2013 dont je pourrais \u00eatre appel\u00e9 un jour \u00e0 faire l\u2019\u00e9loge quai Conti\u00a0? Peut-\u00eatre aurais-je souhait\u00e9 qu\u2019il nous indique la voie de la Sagesse; mais bon, s\u2019il pr\u00e9f\u00e8re s\u2019amuser, c\u2019est son droit\u00a0!<\/p>\n<p>A quoi bon s\u2019\u00e9nerver tout seul, face au charmant babil d\u2019un \u00e9ternel enfant? Lorsque Jeannot para\u00eet, <em>\u00ab <\/em>le cercle de famille applaudit \u00e0 grands cris\u00a0<em>\u00bb\u2026 <\/em>Je ne voudrais surtout pas g\u00e2cher l\u2019ambiance.<\/p>\n<p>Publi\u00e9 dans <a href=\"http:\/\/www.valeursactuelles.com\/\">Valeurs Actuelles<\/a>, le 16 septembre 2010.<\/p>\n","protected":false},"excerpt":{"rendered":"<p>Jean d\u2019Ormesson revient, et il est toujours aussi content\u00a0! On le serait \u00e0 moins\u00a0: son dernier bouquin est un des \u00ab\u00a0blockbusters\u00a0\u00bb de la rentr\u00e9e litt\u00e9raire. Po\u00e9tiquement intitul\u00e9 C\u2019est une chose \u00e9trange \u00e0 la fin que le monde, et modestement sous-titr\u00e9 \u00ab\u00a0roman\u00a0\u00bb, ce livre se veut en fait le r\u00e9cit des aventures du Monde, depuis l\u2019origine [&hellip;]<\/p>\n","protected":false},"author":9,"featured_media":0,"comment_status":"open","ping_status":"closed","sticky":false,"template":"","format":"standard","meta":{"footnotes":""},"categories":[11],"tags":[112,123],"class_list":{"0":"post-163","1":"post","2":"type-post","3":"status-publish","4":"format-standard","6":"category-opinions","7":"tag-jean-dormesson","8":"tag-la-grande-librairie"},"_links":{"self":[{"href":"https:\/\/blog.causeur.fr\/asiledeblog\/wp-json\/wp\/v2\/posts\/163","targetHints":{"allow":["GET"]}}],"collection":[{"href":"https:\/\/blog.causeur.fr\/asiledeblog\/wp-json\/wp\/v2\/posts"}],"about":[{"href":"https:\/\/blog.causeur.fr\/asiledeblog\/wp-json\/wp\/v2\/types\/post"}],"author":[{"embeddable":true,"href":"https:\/\/blog.causeur.fr\/asiledeblog\/wp-json\/wp\/v2\/users\/9"}],"replies":[{"embeddable":true,"href":"https:\/\/blog.causeur.fr\/asiledeblog\/wp-json\/wp\/v2\/comments?post=163"}],"version-history":[{"count":0,"href":"https:\/\/blog.causeur.fr\/asiledeblog\/wp-json\/wp\/v2\/posts\/163\/revisions"}],"wp:attachment":[{"href":"https:\/\/blog.causeur.fr\/asiledeblog\/wp-json\/wp\/v2\/media?parent=163"}],"wp:term":[{"taxonomy":"category","embeddable":true,"href":"https:\/\/blog.causeur.fr\/asiledeblog\/wp-json\/wp\/v2\/categories?post=163"},{"taxonomy":"post_tag","embeddable":true,"href":"https:\/\/blog.causeur.fr\/asiledeblog\/wp-json\/wp\/v2\/tags?post=163"}],"curies":[{"name":"wp","href":"https:\/\/api.w.org\/{rel}","templated":true}]}}