{"id":1644,"date":"2012-05-19T10:45:43","date_gmt":"2012-05-19T10:45:43","guid":{"rendered":"http:\/\/blog.causeur.fr\/asiledeblog\/?p=1644"},"modified":"2021-04-26T12:57:42","modified_gmt":"2021-04-26T10:57:42","slug":"paris-pas-stupide","status":"publish","type":"post","link":"https:\/\/blog.causeur.fr\/asiledeblog\/paris-pas-stupide-1644","title":{"rendered":"Paris pas stupide"},"content":{"rendered":"<p><img loading=\"lazy\" decoding=\"async\" class=\"alignleft\" src=\"http:\/\/www.valeursactuelles.com\/photos\/3938\/65.png\" alt=\"\" width=\"300\" height=\"169\" \/>M<em>\u00e9tronome<\/em>, c\u2019est d\u2019abord un livre publi\u00e9 par Lor\u00e1nt Deutsch en 2009. Le\u00a0<em>pitch<\/em>, comme dirait Ardisson : un promeneur parisien passionn\u00e9 d\u2019histoire nous emm\u00e8ne, au fil des stations de m\u00e9tro, visiter le pass\u00e9 de la France. Un succ\u00e8s de librairie aussi foudroyant qu\u2019inattendu : l\u2019\u00e9diteur avait pr\u00e9vu un premier tirage de 7 500 exemplaires ; il s\u2019en vendra un million et demi.<\/p>\n<p>Puis sort la version illustr\u00e9e et, en avril dernier, une s\u00e9rie documentaire sur France 5. \u201c\u00c0 quand la com\u00e9die musicale ? \u201d, diront les ricaneurs. Eh bien, je n\u2019en suis pas ! Au contraire, je vous recommande pour patienter le coffret de DVD \u00e9dit\u00e9 par France T\u00e9l\u00e9visions.\u00a0<!--more--><\/p>\n<p>Pour le petit \u00e9cran, l\u2019ami Lor\u00e1nt a d\u00fb caser en quatre \u00e9missions de 52 minutes deux mille ans d\u2019histoire. Pas de probl\u00e8me ! Il a d\u00e9coup\u00e9 tout simplement le g\u00e2teau en quatre tranches de 500 ans, et \u00e7a se tient.<\/p>\n<p>L\u2019histoire de Paris, puis de la France, s\u2019\u00e9crit d\u2019abord au sud avec les Romains de 0 \u00e0 500, puis au nord avec les Francs jusqu\u2019\u00e0 l\u2019an mille, enfin au centre et \u00e0 l\u2019est avec les Cap\u00e9tiens. \u00c0 partir de 1500, le pays entre dans sa p\u00e9riode moderne, cavali\u00e8rement intitul\u00e9e \u201cDe Fran\u00e7ois Ier \u00e0 de Gaulle\u201d.<\/p>\n<p>Un peu rapide ! grommelleront les \u00e9rudits. Mais une promenade n\u2019a pas vocation \u00e0 \u00eatre exhaustive, et celle-ci nous apprend d\u00e9j\u00e0 plein de choses. Saviez-vous, par exemple, que la premi\u00e8re Lut\u00e8ce fut fond\u00e9e par la tribu des Parisii \u00e0\u2026 Nanterre ? Ce n\u2019est que bien plus tard qu\u2019elle fut d\u00e9localis\u00e9e dans l\u2019\u00eele de la Cit\u00e9 par les Gallo-Romains. De quoi frimer dans les d\u00eeners en ville, non ?<\/p>\n<p>Gr\u00e2ce \u00e0 la palette graphique mani\u00e9e par le r\u00e9alisateur Fabrice Hourlier, \u00e0 qui l\u2019on doit d\u00e9j\u00e0\u00a0<em>le Destin de Rome<\/em>, les vestiges du pass\u00e9 reprennent forme et vie : l\u2019ancienne forteresse du Louvre et celle de la Bastille, les ruelles anim\u00e9es du proto-Quartier latin au VIIe si\u00e8cle et le si\u00e8ge de Lut\u00e8ce par les drakkars vikings.<\/p>\n<p>Ici m\u00eame, dans vos programmes, Isabelle Cottenceau attribuait \u00e0 cette s\u00e9rie deux \u00e9toiles. J\u2019en ajouterais bien une troisi\u00e8me, rien que pour saluer cet ovni culturel, sympathique et \u201cbon esprit\u201d.<\/p>\n<p>J\u2019aime l\u2019insolence de ce Gavroche qui se compare l\u2019air de rien \u00e0 Michelet :\u00a0<em>\u00ab Son<\/em>Histoire de France\u00a0<em>\u00e9tait tr\u00e8s subjective\u2026 Pourquoi ne pas raconter ma propre vision de la France ? \u00bb<\/em><\/p>\n<p><em><\/em>J\u2019aime le patriotisme de ce Deutsch au papa hongrois qui nous dit que\u00a0<em>\u00ab l\u2019histoire de France c\u2019est notre album de famille \u00bb<\/em>, et la fait remonter vingt si\u00e8cles avant Jack Lang.<\/p>\n<p>J\u2019aime sa noble r\u00e9v\u00e9rence envers l\u2019\u00c9glise et les rois qui, on aura beau dire, ont fait la France, et ses incessantes piques contre la R\u00e9volution fran\u00e7aise dans sa brutalit\u00e9 aveugle.<\/p>\n<p>Ces gens-l\u00e0, s\u2019indigne-t-il, sont all\u00e9s jusqu\u2019\u00e0 calomnier l\u2019excellent roi Dagobert, dans une chanson subrepticement destin\u00e9e \u00e0 moquer Louis XVI\u2026<\/p>\n<p>T\u2019as raison, Lor\u00e1nt ! \u00c7a plus la Terreur, \u00e7a suffit \u00e0 condamner la R\u00e9volution \u201cen bloc\u201d, comme disait Clemenceau.<\/p>\n","protected":false},"excerpt":{"rendered":"<p>M\u00e9tronome, c\u2019est d\u2019abord un livre publi\u00e9 par Lor\u00e1nt Deutsch en 2009. Le\u00a0pitch, comme dirait Ardisson : un promeneur parisien passionn\u00e9 d\u2019histoire nous emm\u00e8ne, au fil des stations de m\u00e9tro, visiter le pass\u00e9 de la France. Un succ\u00e8s de librairie aussi foudroyant qu\u2019inattendu : l\u2019\u00e9diteur avait pr\u00e9vu un premier tirage de 7 500 exemplaires ; il [&hellip;]<\/p>\n","protected":false},"author":9,"featured_media":0,"comment_status":"open","ping_status":"open","sticky":false,"template":"","format":"standard","meta":{"footnotes":""},"categories":[11],"tags":[134,375],"class_list":{"0":"post-1644","1":"post","2":"type-post","3":"status-publish","4":"format-standard","6":"category-opinions","7":"tag-lorant-deutsch","8":"tag-paris"},"_links":{"self":[{"href":"https:\/\/blog.causeur.fr\/asiledeblog\/wp-json\/wp\/v2\/posts\/1644","targetHints":{"allow":["GET"]}}],"collection":[{"href":"https:\/\/blog.causeur.fr\/asiledeblog\/wp-json\/wp\/v2\/posts"}],"about":[{"href":"https:\/\/blog.causeur.fr\/asiledeblog\/wp-json\/wp\/v2\/types\/post"}],"author":[{"embeddable":true,"href":"https:\/\/blog.causeur.fr\/asiledeblog\/wp-json\/wp\/v2\/users\/9"}],"replies":[{"embeddable":true,"href":"https:\/\/blog.causeur.fr\/asiledeblog\/wp-json\/wp\/v2\/comments?post=1644"}],"version-history":[{"count":0,"href":"https:\/\/blog.causeur.fr\/asiledeblog\/wp-json\/wp\/v2\/posts\/1644\/revisions"}],"wp:attachment":[{"href":"https:\/\/blog.causeur.fr\/asiledeblog\/wp-json\/wp\/v2\/media?parent=1644"}],"wp:term":[{"taxonomy":"category","embeddable":true,"href":"https:\/\/blog.causeur.fr\/asiledeblog\/wp-json\/wp\/v2\/categories?post=1644"},{"taxonomy":"post_tag","embeddable":true,"href":"https:\/\/blog.causeur.fr\/asiledeblog\/wp-json\/wp\/v2\/tags?post=1644"}],"curies":[{"name":"wp","href":"https:\/\/api.w.org\/{rel}","templated":true}]}}