{"id":1649,"date":"2012-06-08T11:28:13","date_gmt":"2012-06-08T11:28:13","guid":{"rendered":"http:\/\/blog.causeur.fr\/asiledeblog\/?p=1649"},"modified":"2021-04-26T12:57:42","modified_gmt":"2021-04-26T10:57:42","slug":"made-in-ailleurs","status":"publish","type":"post","link":"https:\/\/blog.causeur.fr\/asiledeblog\/made-in-ailleurs-1649","title":{"rendered":"\u00ab\u00a0Made in ailleurs\u00a0\u00bb"},"content":{"rendered":"<p><img loading=\"lazy\" decoding=\"async\" class=\"alignleft\" src=\"http:\/\/www.valeursactuelles.com\/photos\/3941\/65.png\" alt=\"\" width=\"250\" height=\"181\" \/>Avec son documentaire \u201cMade in France<em>, la grande illusion\u00a0\u00bb<\/em>, diffus\u00e9 sur France 5, Delphine Parickmiller a lanc\u00e9 un sacr\u00e9 pav\u00e9 dans la mare : \u00e0 l\u2019heure o\u00f9 tout le monde ne parle plus que de \u201cproduire fran\u00e7ais\u201d, l\u2019appellation\u00a0<em>made in France\u00a0<\/em>est bidon, tout simplement !<\/p>\n<p>Entendons-nous : il ne s\u2019agit pas de r\u00e9server ce label aux produits int\u00e9gralement fabriqu\u00e9s dans l\u2019Hexagone \u2013 qui viendrait vite \u00e0 manquer, dans cette hypoth\u00e8se, de coton pour les v\u00eatements et d\u2019alligators pour les sacs.\u00a0<!--more--><\/p>\n<p>Mais l\u00e0, franchement, il y a de l\u2019abus dans l\u2019air : de nombreux industriels n\u2019h\u00e9sitent pas \u00e0 vendre sous l\u2019\u00e9tiquette\u00a0<em>made in France\u00a0<\/em>des produits enti\u00e8rement fabriqu\u00e9s \u00e0 l\u2019\u00e9tranger. La loi \u00e9tant muette sur cette affaire, le vide juridique est harmonieusement combl\u00e9 par un flou r\u00e9glementaire dont tout le monde a tendance \u00e0 profiter.<\/p>\n<p>Tout le monde ? Non, car on rencontre aussi des producteurs fiers de leur appellation et pr\u00eats \u00e0 se battre pour qu\u2019elle soit contr\u00f4l\u00e9e, c\u2019est-\u00e0-dire prot\u00e9g\u00e9e. Voici le patron de la seule vraie savonnerie de Marseille, qui nous montre avec m\u00e9pris des piles de pr\u00e9tendu \u201csavon de Mar seille\u201d provenant de n\u2019importe o\u00f9, et m\u00eame de nulle part.<\/p>\n<p>Sans difficult\u00e9 mais non sans frais, il a obtenu aupr\u00e8s de l\u2019administration le droit \u00e0 cette \u201cappellation prot\u00e9g\u00e9e\u201d qui ne fait qu\u2019enregistrer une \u00e9vidence.<\/p>\n<p>Un qui a plus de mal \u00e0 faire reconna\u00eetre officiellement son travail, c\u2019est ce jeune couturier parisien cr\u00e9ant amoureusement ses cravates \u00e0 la main, avec les tissus les plus rares, dans son studio atelier. \u00c0 80 euros la pi\u00e8ce, y compris la main-d\u2019oeuvre, l\u2019artiste ne peut pas sortir comme \u00e7a les 3 500 euros que l\u2019administration lui r\u00e9clame pour prendre en compte sa d\u00e9marche.<\/p>\n<p>Pas rancunier, ce Belge bien h\u00e9ro\u00efque brandit plus haut que jamais l\u2019\u00e9tendard du tissu fran\u00e7ais, imprimant m\u00eame fi\u00e8rement sur chaque cravate \u201cPhilippe Gaber,\u00a0<em>made in Paris<\/em>\u201d !<\/p>\n<p>En face il y a les profiteurs du syst\u00e8me, qui souvent jouent dans la cour des grands. Voyez cette c\u00e9l\u00e8bre marque de chaussures que l\u2019on ne citera pas, r\u00e9put\u00e9e notamment pour ses ballerines. \u00c7a tombe bien parce que, selon l\u2019enqu\u00eate, lesdits chaussons de danse sont les seuls produits de la marque \u00e0 \u00eatre \u201cassembl\u00e9s\u201d en France. Tout le reste provient d\u2019un ailleurs ind\u00e9termin\u00e9, et nous arrive d\u00e9j\u00e0 griff\u00e9\u00a0<em>made in France<\/em>\u2026<\/p>\n<p>Selon les normes vaguement en vigueur, apprend-on, il est licite d\u2019\u00e9tiqueter ainsi tout article dont la valeur ajout\u00e9e en France repr\u00e9sente au moins 45 % du co\u00fbt total du produit. \u00c0 ce tarif, il suffit d\u2019int\u00e9grer les frais de promotion et la marge b\u00e9n\u00e9ficiaire pour faire fabriquer \u00e0 peu pr\u00e8s n\u2019importe quoi en Tunisie et l\u2019estampiller fran\u00e7ais !<\/p>\n<p>Bref, il n\u2019y a pas en France de politique du\u00a0<em>made in France<\/em>. Heureusement, maintenant, il y a Arnaud Montebourg ! S\u2019il est un secteur qui a besoin de son fameux \u201credressement productif \u201d, c\u2019est bien le produit-en-France, qui h\u00e9las n\u2019est souvent qu\u2019un emballage.<\/p>\n<p><a href=\"http:\/\/www.valeursactuelles.com\/culture\/t%C3%A9l%C3%A9vision\/%E2%80%9Cmade-ailleurs%E2%80%9D20120605.html\">Publi\u00e9 pour Valeurs Actuelles, le 7 juin 2012<\/a><\/p>\n","protected":false},"excerpt":{"rendered":"<p>Avec son documentaire \u201cMade in France, la grande illusion\u00a0\u00bb, diffus\u00e9 sur France 5, Delphine Parickmiller a lanc\u00e9 un sacr\u00e9 pav\u00e9 dans la mare : \u00e0 l\u2019heure o\u00f9 tout le monde ne parle plus que de \u201cproduire fran\u00e7ais\u201d, l\u2019appellation\u00a0made in France\u00a0est bidon, tout simplement ! Entendons-nous : il ne s\u2019agit pas de r\u00e9server ce label aux [&hellip;]<\/p>\n","protected":false},"author":9,"featured_media":0,"comment_status":"open","ping_status":"open","sticky":false,"template":"","format":"standard","meta":{"footnotes":""},"categories":[11],"tags":[380],"class_list":{"0":"post-1649","1":"post","2":"type-post","3":"status-publish","4":"format-standard","6":"category-opinions","7":"tag-arnaud-montebourg"},"_links":{"self":[{"href":"https:\/\/blog.causeur.fr\/asiledeblog\/wp-json\/wp\/v2\/posts\/1649","targetHints":{"allow":["GET"]}}],"collection":[{"href":"https:\/\/blog.causeur.fr\/asiledeblog\/wp-json\/wp\/v2\/posts"}],"about":[{"href":"https:\/\/blog.causeur.fr\/asiledeblog\/wp-json\/wp\/v2\/types\/post"}],"author":[{"embeddable":true,"href":"https:\/\/blog.causeur.fr\/asiledeblog\/wp-json\/wp\/v2\/users\/9"}],"replies":[{"embeddable":true,"href":"https:\/\/blog.causeur.fr\/asiledeblog\/wp-json\/wp\/v2\/comments?post=1649"}],"version-history":[{"count":0,"href":"https:\/\/blog.causeur.fr\/asiledeblog\/wp-json\/wp\/v2\/posts\/1649\/revisions"}],"wp:attachment":[{"href":"https:\/\/blog.causeur.fr\/asiledeblog\/wp-json\/wp\/v2\/media?parent=1649"}],"wp:term":[{"taxonomy":"category","embeddable":true,"href":"https:\/\/blog.causeur.fr\/asiledeblog\/wp-json\/wp\/v2\/categories?post=1649"},{"taxonomy":"post_tag","embeddable":true,"href":"https:\/\/blog.causeur.fr\/asiledeblog\/wp-json\/wp\/v2\/tags?post=1649"}],"curies":[{"name":"wp","href":"https:\/\/api.w.org\/{rel}","templated":true}]}}