{"id":1653,"date":"2012-06-16T16:43:17","date_gmt":"2012-06-16T16:43:17","guid":{"rendered":"http:\/\/blog.causeur.fr\/asiledeblog\/?p=1653"},"modified":"2021-04-26T12:57:42","modified_gmt":"2021-04-26T10:57:42","slug":"un-avion-taxi-pour-tobrouk","status":"publish","type":"post","link":"https:\/\/blog.causeur.fr\/asiledeblog\/un-avion-taxi-pour-tobrouk-1653","title":{"rendered":"Un avion-taxi pour Tobrouk"},"content":{"rendered":"<p style=\"text-align: center\"><img loading=\"lazy\" decoding=\"async\" class=\"aligncenter\" src=\"http:\/\/www.elac-committees.org\/wp-content\/uploads\/image\/BHL%20chez%20ruquier%203.JPG\" alt=\"\" width=\"398\" height=\"224\" \/><\/p>\n<p style=\"text-align: left\">L\u2019autre samedi chez Ruquier, BHL \u00e9tait l\u2019invit\u00e9 d\u2019honneur, et pour cause : une heure trente, c\u2019est d\u00e9j\u00e0 un peu juste pour faire le tour du monde des \u00ab devoirs d\u2019ing\u00e9rence \u00bb \u00e0 bord de sa montgolfi\u00e8re.<\/p>\n<p>En ce moment, c\u2019est \u00ab sa \u00bb guerre de Libye que notre Malraux coiff\u00e9 n\u2019en finit pas de nous raconter \u2013 \u00ab la premi\u00e8re guerre de l\u2019Histoire d\u00e9cid\u00e9e au caf\u00e9 de Flore \u00bb, disait plaisamment le quotidien italien Il Foglio.<\/p>\n<p>La saison pass\u00e9e, Bernard-Henri publiait La guerre sans l\u2019aimer, le r\u00e9cit de son \u00e9pop\u00e9e. Eh bien si vous avez aim\u00e9 le livre, vous allez adorer le film ! \u00c7a s\u2019appelle <em>Le serment de Tobrouk<\/em>, et le titre dit tout du lyrisme qui souffle sur cette autoglorification \u00e0 grand spectacle (avec, dans les seconds r\u00f4les, Kadhafi, Sarkozy, Obama et autre demi-sels.)<\/p>\n<p><!--more-->Sur le plateau, comme d\u2019hab\u2019, on ne se prive pas de titiller la star des philosophes sur son infatuation. Sans succ\u00e8s, comme d\u2019hab\u2019. Rien qu\u2019\u00e0 voir la bande-annonce, les questions de Laurent Ruquier, on se les pose ; mais BHL leur oppose, sur un ton toujours plus s\u00e9rieux, des r\u00e9ponses de plus en plus ubuesques.<\/p>\n<p>Pourquoi, dans son film, est-il tout le temps \u00e0 l\u2019\u00e9cran ? C\u2019est qu\u2019ici, \u00ab le sujet filmant constitue lui-m\u00eame l\u2019objet film\u00e9 \u00bb. (Ah bon, on croyait que c\u2019\u00e9tait sur la Libye). Et comment peut-il \u00eatre film\u00e9 d\u00e8s le d\u00e9but, alors qu\u2019il \u00e9tait parti pour un reportage photo ? Facile : \u00ab Au d\u00e9but, j\u2019ai \u00e9t\u00e9 film\u00e9 \u00e0 mon insu par mon photographe, avec un de ces petits appareils modernes qui font les deux\u2026 \u00bb Ben voyons ! Et quand il a pass\u00e9 ce fameux coup de fil d\u00e9cisif \u00e0 Sarkozy, il \u00e9tait film\u00e9 \u00e0 son insu aussi ? La r\u00e9ponse est toute pr\u00eate, et il n\u2019y manque pas une invraisemblance : \u00ab Quand j\u2019appelle le Pr\u00e9sident, je ne sais pas si le photographe sait \u00e0 qui je t\u00e9l\u00e9phone, et moi, je crois qu\u2019il prend des photos \u00bb. Qui \u00e7a, le Pr\u00e9sident ?<\/p>\n<p>Apr\u00e8s leur boss, Mlles Polony et Pulvar tenteront sans plus de succ\u00e8s de faire toucher du doigt \u00e0 notre h\u00e9ros-de-guerre son ridicule, par n\u2019importe quel bout ; autant vouloir mouiller l\u2019eau.<\/p>\n<p>En fait de m\u00e9taphore, BHL pr\u00e9f\u00e8re se dire \u00ab ignifug\u00e9 \u00bb face au feu des critiques qui, a-t-il remarqu\u00e9, viennent toujours \u00ab des cyniques ou des ricaneurs \u00bb. C\u2019est m\u00eame dans cette derni\u00e8re cat\u00e9gorie qu\u2019il range assez arbitrairement Mlle Pulvar \u2013 \u00e0 peu pr\u00e8s aussi ricaneuse qu\u2019il est s\u00e9rieux.<\/p>\n<p>Mais qu\u2019importe! Du haut de l\u2019Aventin de sa conscience, il ne lui en veut m\u00eame pas ! Ses souvenirs admirables ont \u00ab balay\u00e9 tout \u00e7a \u00bb : \u00ab La joie des gens de Misrata quand ils nous ont vus d\u00e9barquer, mes amis et moi \u00bb ; l\u2019\u00e9motion palpable des \u00ab 30 ou 40.000 personnes devant lesquels, \u00e0 Benghazi, j\u2019ai improvis\u00e9 un discours \u00bb\u2026 Tout \u00e7a est si grand et beau que \u00ab \u00e7a efface toutes les petites chicaneries parisiennes \u00bb dit BHL, qui s\u2019y conna\u00eet.<\/p>\n<p>Au point o\u00f9 il en est, Bernard-Henri ne devrait jamais se d\u00e9placer sans une pancarte pr\u00e9cisant : \u00ab Intellectuel en train de sauver le monde. Ne pas d\u00e9ranger ! \u00bb<\/p>\n","protected":false},"excerpt":{"rendered":"<p>L\u2019autre samedi chez Ruquier, BHL \u00e9tait l\u2019invit\u00e9 d\u2019honneur, et pour cause : une heure trente, c\u2019est d\u00e9j\u00e0 un peu juste pour faire le tour du monde des \u00ab devoirs d\u2019ing\u00e9rence \u00bb \u00e0 bord de sa montgolfi\u00e8re. En ce moment, c\u2019est \u00ab sa \u00bb guerre de Libye que notre Malraux coiff\u00e9 n\u2019en finit pas de nous [&hellip;]<\/p>\n","protected":false},"author":9,"featured_media":0,"comment_status":"open","ping_status":"open","sticky":false,"template":"","format":"standard","meta":{"footnotes":""},"categories":[11],"tags":[315,383,382],"class_list":{"0":"post-1653","1":"post","2":"type-post","3":"status-publish","4":"format-standard","6":"category-opinions","7":"tag-bhl","8":"tag-kadhafi","9":"tag-libye"},"_links":{"self":[{"href":"https:\/\/blog.causeur.fr\/asiledeblog\/wp-json\/wp\/v2\/posts\/1653","targetHints":{"allow":["GET"]}}],"collection":[{"href":"https:\/\/blog.causeur.fr\/asiledeblog\/wp-json\/wp\/v2\/posts"}],"about":[{"href":"https:\/\/blog.causeur.fr\/asiledeblog\/wp-json\/wp\/v2\/types\/post"}],"author":[{"embeddable":true,"href":"https:\/\/blog.causeur.fr\/asiledeblog\/wp-json\/wp\/v2\/users\/9"}],"replies":[{"embeddable":true,"href":"https:\/\/blog.causeur.fr\/asiledeblog\/wp-json\/wp\/v2\/comments?post=1653"}],"version-history":[{"count":0,"href":"https:\/\/blog.causeur.fr\/asiledeblog\/wp-json\/wp\/v2\/posts\/1653\/revisions"}],"wp:attachment":[{"href":"https:\/\/blog.causeur.fr\/asiledeblog\/wp-json\/wp\/v2\/media?parent=1653"}],"wp:term":[{"taxonomy":"category","embeddable":true,"href":"https:\/\/blog.causeur.fr\/asiledeblog\/wp-json\/wp\/v2\/categories?post=1653"},{"taxonomy":"post_tag","embeddable":true,"href":"https:\/\/blog.causeur.fr\/asiledeblog\/wp-json\/wp\/v2\/tags?post=1653"}],"curies":[{"name":"wp","href":"https:\/\/api.w.org\/{rel}","templated":true}]}}