{"id":1665,"date":"2012-08-01T17:20:19","date_gmt":"2012-08-01T17:20:19","guid":{"rendered":"http:\/\/blog.causeur.fr\/asiledeblog\/?p=1665"},"modified":"2021-04-26T12:57:21","modified_gmt":"2021-04-26T10:57:21","slug":"avis-aux-residents-et-visiteurs","status":"publish","type":"post","link":"https:\/\/blog.causeur.fr\/asiledeblog\/avis-aux-residents-et-visiteurs-1665","title":{"rendered":"Avis aux r\u00e9sidents et visiteurs"},"content":{"rendered":"<h2 style=\"text-align: justify\">L&rsquo;Asile sera ferm\u00e9 jusqu&rsquo;\u00e0 la fin ao\u00fbt pour cause de vacance intellectuelle.<\/h2>\n<h2 style=\"text-align: justify\">En cas d&rsquo;urgence ou d&rsquo;\u00e9tat de manque, me consulter sur Facebook.<\/h2>\n<h2 style=\"text-align: justify\">Le directeur de l&rsquo;\u00e9tablissement,<\/h2>\n<h4 style=\"text-align: justify\">Basile de Koch<\/h4>\n","protected":false},"excerpt":{"rendered":"<p>L&rsquo;Asile sera ferm\u00e9 jusqu&rsquo;\u00e0 la fin ao\u00fbt pour cause de vacance intellectuelle. En cas d&rsquo;urgence ou d&rsquo;\u00e9tat de manque, me consulter sur Facebook. Le directeur de l&rsquo;\u00e9tablissement, Basile de Koch<\/p>\n","protected":false},"author":9,"featured_media":0,"comment_status":"open","ping_status":"open","sticky":false,"template":"","format":"standard","meta":{"footnotes":""},"categories":[11],"tags":[],"class_list":{"0":"post-1665","1":"post","2":"type-post","3":"status-publish","4":"format-standard","6":"category-opinions"},"_links":{"self":[{"href":"https:\/\/blog.causeur.fr\/asiledeblog\/wp-json\/wp\/v2\/posts\/1665","targetHints":{"allow":["GET"]}}],"collection":[{"href":"https:\/\/blog.causeur.fr\/asiledeblog\/wp-json\/wp\/v2\/posts"}],"about":[{"href":"https:\/\/blog.causeur.fr\/asiledeblog\/wp-json\/wp\/v2\/types\/post"}],"author":[{"embeddable":true,"href":"https:\/\/blog.causeur.fr\/asiledeblog\/wp-json\/wp\/v2\/users\/9"}],"replies":[{"embeddable":true,"href":"https:\/\/blog.causeur.fr\/asiledeblog\/wp-json\/wp\/v2\/comments?post=1665"}],"version-history":[{"count":0,"href":"https:\/\/blog.causeur.fr\/asiledeblog\/wp-json\/wp\/v2\/posts\/1665\/revisions"}],"wp:attachment":[{"href":"https:\/\/blog.causeur.fr\/asiledeblog\/wp-json\/wp\/v2\/media?parent=1665"}],"wp:term":[{"taxonomy":"category","embeddable":true,"href":"https:\/\/blog.causeur.fr\/asiledeblog\/wp-json\/wp\/v2\/categories?post=1665"},{"taxonomy":"post_tag","embeddable":true,"href":"https:\/\/blog.causeur.fr\/asiledeblog\/wp-json\/wp\/v2\/tags?post=1665"}],"curies":[{"name":"wp","href":"https:\/\/api.w.org\/{rel}","templated":true}]}}