{"id":1696,"date":"2012-10-15T14:08:28","date_gmt":"2012-10-15T14:08:28","guid":{"rendered":"http:\/\/blog.causeur.fr\/asiledeblog\/?p=1696"},"modified":"2021-04-26T12:57:21","modified_gmt":"2021-04-26T10:57:21","slug":"esprits-frappeurs","status":"publish","type":"post","link":"https:\/\/blog.causeur.fr\/asiledeblog\/esprits-frappeurs-1696","title":{"rendered":"Esprits frappeurs"},"content":{"rendered":"<p><a href=\"http:\/\/blog.causeur.fr\/asiledeblog\/files\/2012\/10\/73.png\"><img loading=\"lazy\" decoding=\"async\" class=\"alignleft size-thumbnail wp-image-1697\" src=\"http:\/\/blog.causeur.fr\/asiledeblog\/files\/2012\/10\/73-150x150.png\" alt=\"\" width=\"150\" height=\"150\" \/><\/a>Excellent num\u00e9ro du duo Zemmour-Naulleau, dans l\u2019\u00e9mission \u00e9ponyme de l\u2019autre vendredi. Tout \u00e9tait dans le casting, id\u00e9al pour stimuler leurs verves crois\u00e9es.<br \/>\nAu menu en entr\u00e9e, Jean-Vincent Plac\u00e9, l\u2019Edgar Faure des Verts, capable de vous justifier sans ciller, sinon sans sourire, toutes les palinodies de son parti. La derni\u00e8re vaut son pesant d\u2019OGM : voter contre le pacte budg\u00e9taire europ\u00e9en port\u00e9 par le premier ministre tout en restant dans son gouvernement, il faut le faire. \u00ab Vous voulez profiter \u00e0 la fois des ors de la R\u00e9publique et du confort de l\u2019opposition \u00bb, r\u00e9sume Naulleau ; et Zemmour d\u2019ironiser : \u00ab Vous avez invent\u00e9 la participation sans soutien ! \u00bb <!--more--><br \/>\nComme plat de r\u00e9sistance, ils nous livrent sur leur plateau deux des signataires d\u2019une tribune qui a fait grand bruit : l\u2019appel aux \u201cjeunes de France\u201d sobrement intitul\u00e9 \u00ab Barrez-vous ! \u00bb La France, expliquent l\u2019homme d\u2019affaires F\u00e9lix Marquardt et le rappeur Mokless, est une \u00ab g\u00e9rontocratie scl\u00e9ros\u00e9e, incapable d\u2019offrir un avenir \u00e0 sa jeunesse \u00bb.<br \/>\nCe n\u2019est pas tant le diagnostic qui choque les deux \u00c9ric que le rem\u00e8de sugg\u00e9r\u00e9 et le ton m\u00eame de l\u2019ordonnance : \u00ab un ramassis de poncifs, d\u2019arrogance et de d\u00e9magogie \u00bb, analyse Zemmour. Une \u00ab g\u00e9nuflexion \u00bb devant la langue et la culture am\u00e9ricaines, rench\u00e9rit Naulleau : \u00ab Que les petits Fran\u00e7ais apprennent d\u2019abord le fran\u00e7ais ! \u00bb<br \/>\nLa r\u00e9plique du \u201clobbyiste\u201d Marquardt se veut cinglante : \u00ab \u00c0 l\u2019heure des grands bouleversements plan\u00e9taires, vous restez enferm\u00e9s dans vos petits d\u00e9bats gaulois ! \u00bb \u00ab Cosmopolitisme de pacotille ! r\u00e9torque aussi sec Zemmour. Vous \u00eates les idiots utiles du capitalisme mondialis\u00e9. \u00bb Pas rancuniers, nos p\u00e9titionnaires offriront aux deux \u00c9ric de superbes tee-shirts Barrez-vous !, avant de se barrer eux-m\u00eames.<br \/>\nEn dessert, la maison Z&amp;N ne s\u2019est pas moqu\u00e9e de nous non plus : Alain Minc en personne, et son trente-quatri\u00e8me livre,<em> l\u2019\u00c2me des nations<\/em>. Apr\u00e8s trente ans de r\u00e9flexion, notre Attali de droite a fini par s\u2019en persuader : les nations europ\u00e9ennes ont bel et bien une \u00e2me \u2013 difficilement soluble \u00e0 vue humaine dans le magma f\u00e9d\u00e9raliste dont il avait r\u00eav\u00e9.<br \/>\nD\u2019o\u00f9 son ralliement au concept delorsien de \u201cf\u00e9d\u00e9ration d\u2019\u00c9tats nations\u201d. \u00ab Oxymore ! \u00bb, souligne Zemmour citant de Gaulle : \u00ab On ne fait pas d\u2019omelette f\u00e9d\u00e9raliste en cassant les oeufs durs des \u00c9tats nations. \u00bb<br \/>\n\u00c0 l\u2019origine, ce duo Zemmour-Naulleau avait \u00e9t\u00e9 con\u00e7u par Ruquier pour prendre en tenailles ses invit\u00e9s d\u2019On n\u2019est pas couch\u00e9 : apr\u00e8s les amabilit\u00e9s d\u2019usage, il les livrait \u00e0 ses deux m\u00e2choires de gauche et de droite.<br \/>\nNon seulement le couple a surv\u00e9cu \u00e0 son d\u00e9part de l\u2019\u00e9mission qui lui avait servi de \u201cMeetic\u201d, mais il en est sorti renforc\u00e9. Livr\u00e9s \u00e0 eux-m\u00eames, les pseudo-adversaires d\u2019hier s\u2019av\u00e8rent volontiers complices. Ils ne sont jamais aussi bons que quand ils alternent ainsi les r\u00f4les du gentil et du m\u00e9chant flic, face \u00e0 une brochette de d\u00e9linquants intellectuels invit\u00e9s \u00e8s qualit\u00e9s.<br \/>\nPhoto \u00a9 SIPA<br \/>\nPubli\u00e9 sur <a href=\"http:\/\/www.valeursactuelles.com\/culture\/t%C3%A9l%C3%A9vision\/esprits-frappeurs20121004.html\"><em>Valeurs Actuelles<\/em><\/a>, \u00a0le 11 octobre 2012<\/p>\n","protected":false},"excerpt":{"rendered":"<p>Excellent num\u00e9ro du duo Zemmour-Naulleau, dans l\u2019\u00e9mission \u00e9ponyme de l\u2019autre vendredi. Tout \u00e9tait dans le casting, id\u00e9al pour stimuler leurs verves crois\u00e9es. Au menu en entr\u00e9e, Jean-Vincent Plac\u00e9, l\u2019Edgar Faure des Verts, capable de vous justifier sans ciller, sinon sans sourire, toutes les palinodies de son parti. La derni\u00e8re vaut son pesant d\u2019OGM : voter [&hellip;]<\/p>\n","protected":false},"author":9,"featured_media":0,"comment_status":"open","ping_status":"open","sticky":false,"template":"","format":"standard","meta":{"footnotes":""},"categories":[1],"tags":[],"class_list":{"0":"post-1696","1":"post","2":"type-post","3":"status-publish","4":"format-standard","6":"category-non-classe"},"_links":{"self":[{"href":"https:\/\/blog.causeur.fr\/asiledeblog\/wp-json\/wp\/v2\/posts\/1696","targetHints":{"allow":["GET"]}}],"collection":[{"href":"https:\/\/blog.causeur.fr\/asiledeblog\/wp-json\/wp\/v2\/posts"}],"about":[{"href":"https:\/\/blog.causeur.fr\/asiledeblog\/wp-json\/wp\/v2\/types\/post"}],"author":[{"embeddable":true,"href":"https:\/\/blog.causeur.fr\/asiledeblog\/wp-json\/wp\/v2\/users\/9"}],"replies":[{"embeddable":true,"href":"https:\/\/blog.causeur.fr\/asiledeblog\/wp-json\/wp\/v2\/comments?post=1696"}],"version-history":[{"count":0,"href":"https:\/\/blog.causeur.fr\/asiledeblog\/wp-json\/wp\/v2\/posts\/1696\/revisions"}],"wp:attachment":[{"href":"https:\/\/blog.causeur.fr\/asiledeblog\/wp-json\/wp\/v2\/media?parent=1696"}],"wp:term":[{"taxonomy":"category","embeddable":true,"href":"https:\/\/blog.causeur.fr\/asiledeblog\/wp-json\/wp\/v2\/categories?post=1696"},{"taxonomy":"post_tag","embeddable":true,"href":"https:\/\/blog.causeur.fr\/asiledeblog\/wp-json\/wp\/v2\/tags?post=1696"}],"curies":[{"name":"wp","href":"https:\/\/api.w.org\/{rel}","templated":true}]}}