{"id":1710,"date":"2012-10-30T16:12:55","date_gmt":"2012-10-30T16:12:55","guid":{"rendered":"http:\/\/blog.causeur.fr\/asiledeblog\/?p=1710"},"modified":"2021-04-26T12:57:21","modified_gmt":"2021-04-26T10:57:21","slug":"dans-leglise-point-de-salut","status":"publish","type":"post","link":"https:\/\/blog.causeur.fr\/asiledeblog\/dans-leglise-point-de-salut-1710","title":{"rendered":"Dans l\u2019Eglise, point de salut !"},"content":{"rendered":"<p><em><a href=\"http:\/\/blog.causeur.fr\/asiledeblog\/files\/2012\/10\/69.png\"><img loading=\"lazy\" decoding=\"async\" class=\"alignleft size-full wp-image-1711\" src=\"http:\/\/blog.causeur.fr\/asiledeblog\/files\/2012\/10\/69.png\" alt=\"\" width=\"300\" height=\"169\" \/><\/a>Ainsi soient-ils<\/em>, ou les m\u00e9saventures de cinq jeunes s\u00e9minaristes confront\u00e9s au \u201cmonde r\u00e9el\u201d : tel est le pitch de la s\u00e9rie \u00e9v\u00e9nement que nous propose Arte. Apr\u00e8s\u00a0<em>Inquisitio<\/em>, s\u00e9rie \u00e9v\u00e9nement de l\u2019\u00e9t\u00e9 dernier sur France 2, voil\u00e0 une confirmation de l\u2019int\u00e9r\u00eat nouveau port\u00e9 par la t\u00e9l\u00e9vision publique \u00e0 ma religion priv\u00e9e \u2013 qui, pourtant, ne date pas d\u2019hier.<br \/>\n<!--more--><\/p>\n<p>Faut-il s\u2019en r\u00e9jouir ? Oui, r\u00e9pond d\u2019une seule voix la bonne presse, couvrant le feuilleton d\u2019\u00e9loges aussi unanimes que vari\u00e9s.\u00a0<em>\u00ab Sacr\u00e9e s\u00e9rie ! \u00bb<\/em>, s\u2019emballe\u00a0<em>le Monde<\/em>, pour lequel cette\u00a0<em>\u00ab plong\u00e9e r\u00e9ussie dans le monde de la foi\u00a0<\/em>[\u2026]\u00a0<em>ne manque pas de gr\u00e2ce \u00bb<\/em>. Tout aussi enthousiaste,\u00a0<em>le Nouvel Obs\u00a0<\/em>a plut\u00f4t vu le c\u00f4t\u00e9 obscur de la farce. Nulle trace de gr\u00e2ce, \u00e0 l\u2019en croire, dans ces\u00a0<em>\u00ab crises de foi \u00bb\u00a0<\/em>\u00e0 r\u00e9p\u00e9tition, au terme desquelles\u00a0<em>\u00ab une question se pose : pourquoi ces jeunes gens restent-ils ? \u00bb<\/em><\/p>\n<p>\u00c0 cause du suspense, comme nous \u2013 tranche\u00a0<em>T\u00e9l\u00e9rama<\/em>, applaudissant des deux pages \u00e0 ce thriller en soutane o\u00f9\u00a0<em>\u00ab les tourments d\u2019aspirants pr\u00eatres sont aussi palpitants que les tribulations de Jack Bauer dans\u00a0<\/em>24 heures chrono\u00a0<em>\u00bb<\/em>!<\/p>\n<p>En vrai, au d\u00e9but, ce serait plut\u00f4t \u201c240 heures\u201d, tant les premiers \u00e9pisodes tra\u00eenent en longueur. Mais c\u2019est qu\u2019il faut le temps d\u2019installer les personnages, surtout quand ils sont aussi arch\u00e9typiques.<\/p>\n<p>Bienvenue dans le \u201ccatho-spaghetti\u201d : ici le \u201cbon\u201d est forc\u00e9ment un catho-de-gauche, ex-pr\u00eatre-ouvrier mais toujours ouvert \u00e0 tous \u2013 et compassionnel comme c\u2019est pas permis. Surtout pas dans sa hi\u00e9rarchie, o\u00f9 le vieux cardinal-archev\u00eaque cumule harmonieusement les r\u00f4les de \u201cbrute\u201d et de \u201ctruand\u201d. Ce pr\u00e9lat-l\u00e0, qui, bien s\u00fbr, ne croit qu\u2019en lui-m\u00eame, est capable de toutes les vilenies pour pr\u00e9server sa pourpre, voire la changer en blanc.<\/p>\n<p>Entre les deux se retrouve coinc\u00e9 une sorte de Club des cinq s\u00e9minaristes. Au fil des \u00e9pisodes on voit, sans surprise excessive, ces id\u00e9alistes na\u00effs tomber l\u2019un apr\u00e8s l\u2019autre du c\u00f4t\u00e9 o\u00f9 le sc\u00e9nario les faisait pencher.<\/p>\n<p>Les voil\u00e0 donc, les \u201crebondissements\u201d tant pris\u00e9s par\u00a0<em>T\u00e9l\u00e9rama\u00a0<\/em>: le fils de bourge couche avec la femme de son meilleur ami, figurez-vous ; l\u2019ex-meurtrier converti finit avec deux balles dans la peau ; et le puceau ang\u00e9lique cr\u00e8ve d\u2019une overdose dans les bras d\u2019une rockeuse. Les plus raisonnables, somme toute, ne sont-ils pas les deux derniers de la bande, qui finissent ensemble ?<\/p>\n<p>Et Dieu, dans tout \u00e7a ? Eh bien, il est aux abonn\u00e9s absents, comme on pouvait s\u2019y attendre de la part d\u2019auteurs qui revendiquent\u00a0<em>\u00ab un regard ath\u00e9e sur le fait religieux \u00bb\u00a0<\/em>; autrement dit, un regard aveugle \u00e0 ce qu\u2019il est cens\u00e9 nous montrer.<\/p>\n<p>Mais si c\u2019est juste pour raconter \u00e7a, les gars, pas besoin de 8 x 52 minutes ! L\u00e9on Bloy avait fait plus court et mieux en \u00e9voquant\u00a0<em>\u00ab l\u2019infernale dis gr\u00e2ce de subsister, sans groin, dans un monde sans Dieu\u00a0<\/em>\u00bb.<\/p>\n<p>Article paru dans<a href=\"http:\/\/www.valeursactuelles.com\/culture\/t%C3%A9l%C3%A9vision\/l%E2%80%99eglise-point-de-salut20121025.html\"> Valeurs Actuelles<\/a>, le 25 octobre 2012.<\/p>\n","protected":false},"excerpt":{"rendered":"<p>Ainsi soient-ils, ou les m\u00e9saventures de cinq jeunes s\u00e9minaristes confront\u00e9s au \u201cmonde r\u00e9el\u201d : tel est le pitch de la s\u00e9rie \u00e9v\u00e9nement que nous propose Arte. Apr\u00e8s\u00a0Inquisitio, s\u00e9rie \u00e9v\u00e9nement de l\u2019\u00e9t\u00e9 dernier sur France 2, voil\u00e0 une confirmation de l\u2019int\u00e9r\u00eat nouveau port\u00e9 par la t\u00e9l\u00e9vision publique \u00e0 ma religion priv\u00e9e \u2013 qui, pourtant, ne date [&hellip;]<\/p>\n","protected":false},"author":9,"featured_media":0,"comment_status":"open","ping_status":"open","sticky":false,"template":"","format":"standard","meta":{"footnotes":""},"categories":[1],"tags":[400],"class_list":{"0":"post-1710","1":"post","2":"type-post","3":"status-publish","4":"format-standard","6":"category-non-classe","7":"tag-inquisitio"},"_links":{"self":[{"href":"https:\/\/blog.causeur.fr\/asiledeblog\/wp-json\/wp\/v2\/posts\/1710","targetHints":{"allow":["GET"]}}],"collection":[{"href":"https:\/\/blog.causeur.fr\/asiledeblog\/wp-json\/wp\/v2\/posts"}],"about":[{"href":"https:\/\/blog.causeur.fr\/asiledeblog\/wp-json\/wp\/v2\/types\/post"}],"author":[{"embeddable":true,"href":"https:\/\/blog.causeur.fr\/asiledeblog\/wp-json\/wp\/v2\/users\/9"}],"replies":[{"embeddable":true,"href":"https:\/\/blog.causeur.fr\/asiledeblog\/wp-json\/wp\/v2\/comments?post=1710"}],"version-history":[{"count":0,"href":"https:\/\/blog.causeur.fr\/asiledeblog\/wp-json\/wp\/v2\/posts\/1710\/revisions"}],"wp:attachment":[{"href":"https:\/\/blog.causeur.fr\/asiledeblog\/wp-json\/wp\/v2\/media?parent=1710"}],"wp:term":[{"taxonomy":"category","embeddable":true,"href":"https:\/\/blog.causeur.fr\/asiledeblog\/wp-json\/wp\/v2\/categories?post=1710"},{"taxonomy":"post_tag","embeddable":true,"href":"https:\/\/blog.causeur.fr\/asiledeblog\/wp-json\/wp\/v2\/tags?post=1710"}],"curies":[{"name":"wp","href":"https:\/\/api.w.org\/{rel}","templated":true}]}}