{"id":1717,"date":"2012-11-12T17:03:44","date_gmt":"2012-11-12T17:03:44","guid":{"rendered":"http:\/\/blog.causeur.fr\/asiledeblog\/?p=1717"},"modified":"2021-04-26T12:57:21","modified_gmt":"2021-04-26T10:57:21","slug":"les-experts-hopper","status":"publish","type":"post","link":"https:\/\/blog.causeur.fr\/asiledeblog\/les-experts-hopper-1717","title":{"rendered":"Les experts Hopper"},"content":{"rendered":"<p><a href=\"http:\/\/blog.causeur.fr\/asiledeblog\/files\/2012\/11\/712.png\"><img loading=\"lazy\" decoding=\"async\" class=\"alignleft size-full wp-image-1720\" src=\"http:\/\/blog.causeur.fr\/asiledeblog\/files\/2012\/11\/712.png\" alt=\"\" width=\"250\" height=\"185\" \/><\/a>A ma courte honte, je dois l\u2019avouer : jusqu\u2019\u00e0 la rentr\u00e9e derni\u00e8re, je n\u2019avais gu\u00e8re fr\u00e9quent\u00e9 l\u2019oeuvre d\u2019Edward Hopper. M\u00eame le c\u00e9l\u00e9brissime Night Hawks n\u2019\u00e9voquait pour moi que la couverture d\u2019un polar souvent vu, mais jamais lu.<\/p>\n<p>Quand, soudain, avec l\u2019expo du Grand Palais, Hopper devint \u201cincontournable\u201d, m\u00eame par moi : dans les d\u00eeners en ville et les rubriques culturelles des m\u00e9dias, il n\u2019\u00e9tait plus question que de lui.<br \/>\n<!--more--><br \/>\nAlors, pour n\u2019\u00eatre pas ridicule en soci\u00e9t\u00e9, j\u2019ai lu et regard\u00e9 tout ce qui me tombait sous les yeux, et une \u00e9vidence s\u2019est vite impos\u00e9e : pour des raisons certes vari\u00e9es, tout le monde ne jurait que par \u00ab ce peintre mythique du XXe si\u00e8cle \u00bb (Valeurs actuelles n\u00b0 3959).<\/p>\n<p>A priori, rien ne me para\u00eet plus suspect que les enthousiasmes unanimes. C\u2019est donc avec le plus grand int\u00e9r\u00eat que j\u2019ai suivi, l\u2019autre mardi, le num\u00e9ro de Ce soir (ou jamais !) o\u00f9 Tadde\u00ef posait une question iconoclaste bien dans sa mani\u00e8re : \u00ab Edward Hopper est-il un grand peintre ? \u00bb<\/p>\n<p>Pour en d\u00e9battre, deux critiques d\u2019art aux opinions heureusement oppos\u00e9es et, comme pour les d\u00e9partager, un universitaire chinois.<\/p>\n<p>\u00ab Bien s\u00fbr que Hopper est un grand artiste ! \u00bb, s\u2019enthousiasme d\u2019embl\u00e9e Didier Semin, invoquant notamment cette \u00ab maladresse sublime qui fait son g\u00e9nie \u00bb.<\/p>\n<p>\u00ab Si c\u2019\u00e9tait un grand artiste, Hopper ne peindrait pas aussi mal ! \u00bb, r\u00e9torque aussi sec Hector Obalk, poussant la provoc jusqu\u2019\u00e0 comparer certaines de ses toiles \u00e0 \u00ab la cro\u00fbte de Thierry Lhermitte dans Le P\u00e8re No\u00ebl est une ordure \u00bb !<\/p>\n<p>\u00ab Si Hopper avait \u00e9t\u00e9 un grand peintre, il n\u2019aurait pas \u00e9t\u00e9 un grand artiste ! ose alors Semin : peindre la m\u00e9lancolie et l\u2019\u00e9chec avec gourmandise, c\u2019\u00e9tait bon pour les \u201cpompiers\u201d ! \u00bb<\/p>\n<p>D\u00e9marr\u00e9 sur les chapeaux de roues, ce d\u00e9bat d\u2019experts n\u2019en mena\u00e7ait pas moins de tourner en rond. Des go\u00fbts et des couleurs, on ne discute point, n\u2019est-ce pas ? \u2013 sauf peut-\u00eatre dans le cadre d\u2019une \u00e9tude de civilisations compar\u00e9es.<\/p>\n<p>Tel est le sens de la pr\u00e9sence, sur ce plateau, du Pr Wu Hongmiao, co-auteur d\u2019un tout r\u00e9cent essai intitul\u00e9 \u00c0 quoi pensent les Chinois en regardant Mona Lisa ?<\/p>\n<p>En regardant Hopper en tout cas, c\u2019est tout l\u2019Occident moderne que voit le professeur ; et \u00e0 l\u2019\u00e9couter, c\u2019est pas beau \u00e0 voir ! \u00ab Il n\u2019y a pas de vie dans la peinture de Hopper, parce qu\u2019il n\u2019y en a pas dans l\u2019univers qu\u2019il d\u00e9crit. \u00bb<\/p>\n<p>C\u2019est m\u00eame pour \u00e7a que son oeuvre nous parle tant, insiste M. Wu sans se d\u00e9partir de son aimable sourire : \u00ab Vous regardez la nature comme la t\u00e9l\u00e9vision ; nous en faisons partie ! \u00bb, conclut-il, et l\u2019on songe que ce Chinois-l\u00e0 est rudement content d\u2019\u00eatre chinois.<\/p>\n<p>Une chose est s\u00fbre : pour relativiser le g\u00e9nie d\u2019Edward Hopper, \u00e7a aide !<\/p>\n<p>Article paru dans Valeurs Actuelles, le 8 novembre 2012<\/p>\n","protected":false},"excerpt":{"rendered":"<p>A ma courte honte, je dois l\u2019avouer : jusqu\u2019\u00e0 la rentr\u00e9e derni\u00e8re, je n\u2019avais gu\u00e8re fr\u00e9quent\u00e9 l\u2019oeuvre d\u2019Edward Hopper. M\u00eame le c\u00e9l\u00e9brissime Night Hawks n\u2019\u00e9voquait pour moi que la couverture d\u2019un polar souvent vu, mais jamais lu. Quand, soudain, avec l\u2019expo du Grand Palais, Hopper devint \u201cincontournable\u201d, m\u00eame par moi : dans les d\u00eeners en [&hellip;]<\/p>\n","protected":false},"author":9,"featured_media":0,"comment_status":"open","ping_status":"open","sticky":false,"template":"","format":"standard","meta":{"footnotes":""},"categories":[1],"tags":[430,433,431,215],"class_list":{"0":"post-1717","1":"post","2":"type-post","3":"status-publish","4":"format-standard","6":"category-non-classe","7":"tag-dennis-hopper","8":"tag-didier-semin","9":"tag-hector-obalk","10":"tag-taddei"},"_links":{"self":[{"href":"https:\/\/blog.causeur.fr\/asiledeblog\/wp-json\/wp\/v2\/posts\/1717","targetHints":{"allow":["GET"]}}],"collection":[{"href":"https:\/\/blog.causeur.fr\/asiledeblog\/wp-json\/wp\/v2\/posts"}],"about":[{"href":"https:\/\/blog.causeur.fr\/asiledeblog\/wp-json\/wp\/v2\/types\/post"}],"author":[{"embeddable":true,"href":"https:\/\/blog.causeur.fr\/asiledeblog\/wp-json\/wp\/v2\/users\/9"}],"replies":[{"embeddable":true,"href":"https:\/\/blog.causeur.fr\/asiledeblog\/wp-json\/wp\/v2\/comments?post=1717"}],"version-history":[{"count":0,"href":"https:\/\/blog.causeur.fr\/asiledeblog\/wp-json\/wp\/v2\/posts\/1717\/revisions"}],"wp:attachment":[{"href":"https:\/\/blog.causeur.fr\/asiledeblog\/wp-json\/wp\/v2\/media?parent=1717"}],"wp:term":[{"taxonomy":"category","embeddable":true,"href":"https:\/\/blog.causeur.fr\/asiledeblog\/wp-json\/wp\/v2\/categories?post=1717"},{"taxonomy":"post_tag","embeddable":true,"href":"https:\/\/blog.causeur.fr\/asiledeblog\/wp-json\/wp\/v2\/tags?post=1717"}],"curies":[{"name":"wp","href":"https:\/\/api.w.org\/{rel}","templated":true}]}}