{"id":1723,"date":"2012-11-16T10:59:20","date_gmt":"2012-11-16T10:59:20","guid":{"rendered":"http:\/\/blog.causeur.fr\/asiledeblog\/?p=1723"},"modified":"2021-04-26T12:57:21","modified_gmt":"2021-04-26T10:57:21","slug":"divorce-chez-les-gays","status":"publish","type":"post","link":"https:\/\/blog.causeur.fr\/asiledeblog\/divorce-chez-les-gays-1723","title":{"rendered":"Divorce chez les gays"},"content":{"rendered":"<p><a href=\"http:\/\/blog.causeur.fr\/asiledeblog\/files\/2012\/11\/Xavier-Bongibault_1.png\"><img loading=\"lazy\" decoding=\"async\" class=\"alignleft size-full wp-image-1724\" src=\"http:\/\/blog.causeur.fr\/asiledeblog\/files\/2012\/11\/Xavier-Bongibault_1.png\" alt=\"\" width=\"300\" height=\"169\" \/><\/a>\u00a0Au <em>Grand Journal<\/em>, c\u2019est bien connu, on parle de tout avec tous et en toute libert\u00e9. Lundi pass\u00e9 par exemple, les Experts Boboland se penchaient sur le \u201cmariage pour tous\u201d, comme ils disent.<br \/>\n<!--more--><br \/>\nPour en d\u00e9battre, Michel Denisot n\u2019est pas peu fier d\u2019annoncer d\u2019embl\u00e9e deux invit\u00e9s aux avis oppos\u00e9s, quoique tous deux homosexuels et membres de l\u2019UMP. Mais bon, on est sur Canal Plus quand m\u00eame, et en clair : tr\u00e8s vite on sait \u00e0 qui on a affaire ! Le gentil, c\u2019est celui qui a droit \u00e0 tous les \u00e9gards : Franck Riester, d\u00e9put\u00e9 de Seine-et-Marne, n\u2019a-t-il pas pris parti hardiment pour cette \u201cavanc\u00e9e soci\u00e9tale\u201d ? <em>\u00ab Le mariage pour tous est une mesure conservatrice<\/em>, explique-t-il sans rire : <em>gr\u00e2ce \u00e0 lui, les valeurs du mariage seront davantage revendiqu\u00e9es par la soci\u00e9t\u00e9. \u00bb <\/em>Bref, notre UMP avanc\u00e9 ose tout, comme dirait Audiard \u2013 sans que ses h\u00f4tes songent m\u00eame \u00e0 le contredire.<\/p>\n<p>\u00c7a, c\u2019est r\u00e9serv\u00e9 au m\u00e9chant : j\u2019ai nomm\u00e9 <a href=\"http:\/\/va-preprod2.fidesio.com\/soci%C3%A9t%C3%A9\/des-gays-contre-mariage20120920.html\" target=\"_blank\" rel=\"noopener\">Xavier Bongibault, cofondateur de l\u2019association Plus gay sans mariage<\/a>, dont <em>Valeurs actuelles <\/em>faisait r\u00e9cemment le portrait. Pour Denisot et les siens, visiblement, un homo hostile au mariage homo, c\u2019est contre-nature !<\/p>\n<p>Alors on prend le gars avec des pincettes : en dix minutes de \u201cd\u00e9bat\u201d, il n\u2019aura droit qu\u2019\u00e0 deux interventions aussit\u00f4t coup\u00e9es. <em>\u00ab Il faut distinguer le sentiment amoureux du mariage, institu\u00e9 pour prot\u00e9ger la famille et les enfants\u2026 \u00bb<\/em>, commence-t-il.<\/p>\n<p><em>Mais le mariage n\u2019est pas fait pour la procr\u00e9ation ! \u00bb <\/em>interrompt Jean-Michel Apathie indign\u00e9.<\/p>\n<p><em>\u00ab Sinon, il faudrait l\u2019interdire aux couples st\u00e9riles ! \u00bb <\/em>encha\u00eene Riester, ravi de sa blague.<\/p>\n<p><em>\u00ab Quand on vous entend, on pourrait douter que vous \u00eates homosexuel\u2026 \u00bb<\/em>, conclut Denisot, qui \u00e9courtera donc d\u2019autorit\u00e9 la seconde intervention de ce \u201cfaux p\u00e9d\u00e9 infiltr\u00e9\u201d. \u00c0 dire vrai, l\u2019acharnement contre lui de tout un plateau de bobos cools laisse surtout entrevoir leur d\u00e9sarroi.<\/p>\n<p>Chez les bien-pensants, on commence \u00e0 se sentir mal. Voil\u00e0 un projet de loi qui devait passer comme papa dans maman, si l\u2019on ose \u00e9crire ; or au contraire, la r\u00e9sistance s\u2019organise, et pas seulement \u00e0 Saint-Nicolas-du-Chardonnet ! Ici et l\u00e0, des militants de gauche et des gays sans complexes, des psys, des repr\u00e9sentants de toutes les religions et m\u00eame des ath\u00e9es normaux font entendre leur voix pour contester l\u2019incontestable \u201cavanc\u00e9e soci\u00e9tale\u201d.<\/p>\n<p>L\u2019opposition au projet monte, et d\u00e9j\u00e0 la gauche s\u2019inqui\u00e8te : \u00e0 ce train l\u00e0, au lieu de r\u00e9gler \u00e7a tranquillement entre soi, dans un Parlement acquis, il va falloir d\u00e9battre, et peut-\u00eatre m\u00eame tenir compte de l\u2019avis des Fran\u00e7ais !<\/p>\n<p>D\u00e9j\u00e0 r\u00f4de le spectre de 1984 (pas Orwell, l\u2019\u00c9cole libre), et nos dirigeants d\u2019enrager : si on ne peut m\u00eame plus chambouler la cellule familiale pour distraire le bon peuple des palinodies \u00e9conomiques et autres plans sociaux, \u00e0 quoi \u00e7a sert d\u2019\u00eatre au pouvoir.<\/p>\n<p>Publi\u00e9 dans Valeurs Actuelles, le 15 novembre 2012<\/p>\n","protected":false},"excerpt":{"rendered":"<p>\u00a0Au Grand Journal, c\u2019est bien connu, on parle de tout avec tous et en toute libert\u00e9. Lundi pass\u00e9 par exemple, les Experts Boboland se penchaient sur le \u201cmariage pour tous\u201d, comme ils disent.<\/p>\n","protected":false},"author":9,"featured_media":0,"comment_status":"open","ping_status":"open","sticky":false,"template":"","format":"standard","meta":{"footnotes":""},"categories":[1],"tags":[436],"class_list":{"0":"post-1723","1":"post","2":"type-post","3":"status-publish","4":"format-standard","6":"category-non-classe","7":"tag-jean-michel-aphatie"},"_links":{"self":[{"href":"https:\/\/blog.causeur.fr\/asiledeblog\/wp-json\/wp\/v2\/posts\/1723","targetHints":{"allow":["GET"]}}],"collection":[{"href":"https:\/\/blog.causeur.fr\/asiledeblog\/wp-json\/wp\/v2\/posts"}],"about":[{"href":"https:\/\/blog.causeur.fr\/asiledeblog\/wp-json\/wp\/v2\/types\/post"}],"author":[{"embeddable":true,"href":"https:\/\/blog.causeur.fr\/asiledeblog\/wp-json\/wp\/v2\/users\/9"}],"replies":[{"embeddable":true,"href":"https:\/\/blog.causeur.fr\/asiledeblog\/wp-json\/wp\/v2\/comments?post=1723"}],"version-history":[{"count":0,"href":"https:\/\/blog.causeur.fr\/asiledeblog\/wp-json\/wp\/v2\/posts\/1723\/revisions"}],"wp:attachment":[{"href":"https:\/\/blog.causeur.fr\/asiledeblog\/wp-json\/wp\/v2\/media?parent=1723"}],"wp:term":[{"taxonomy":"category","embeddable":true,"href":"https:\/\/blog.causeur.fr\/asiledeblog\/wp-json\/wp\/v2\/categories?post=1723"},{"taxonomy":"post_tag","embeddable":true,"href":"https:\/\/blog.causeur.fr\/asiledeblog\/wp-json\/wp\/v2\/tags?post=1723"}],"curies":[{"name":"wp","href":"https:\/\/api.w.org\/{rel}","templated":true}]}}