{"id":1737,"date":"2012-12-06T09:13:30","date_gmt":"2012-12-06T09:13:30","guid":{"rendered":"http:\/\/blog.causeur.fr\/asiledeblog\/?p=1737"},"modified":"2021-04-26T12:57:20","modified_gmt":"2021-04-26T10:57:20","slug":"rehabilitons-nixon","status":"publish","type":"post","link":"https:\/\/blog.causeur.fr\/asiledeblog\/rehabilitons-nixon-1737","title":{"rendered":"R\u00e9habilitons Nixon !"},"content":{"rendered":"<p><a href=\"http:\/\/blog.causeur.fr\/asiledeblog\/files\/2012\/12\/3967-nixon5.png\"><img loading=\"lazy\" decoding=\"async\" class=\"alignleft size-full wp-image-1743\" src=\"http:\/\/blog.causeur.fr\/asiledeblog\/files\/2012\/12\/3967-nixon5.png\" alt=\"\" width=\"294\" height=\"186\" \/><\/a>Le 9 janvier prochain, on f\u00eatera le centenaire de la naissance de Richard Nixon. Enfin moi, parce que, quarante ans plus tard, l\u2019Histoire n\u2019a toujours pas r\u00e9habilit\u00e9 le trente-septi\u00e8me pr\u00e9sident des \u00c9tats-Unis.<\/p>\n<p>Aujourd\u2019hui encore Nixon reste, selon le titre du documentaire rediffus\u00e9 l\u2019autre soir sur la cha\u00eene Histoire, <em>\u00ab l\u2019homme que vous avez aim\u00e9 ha\u00efr \u00bb<\/em>. Aussi absurde que \u00e7a puisse para\u00eetre, ses trente ans de vie politique, dont la moiti\u00e9 \u00e0 la Maison-Blanche, semblent se r\u00e9sumer au scandale du Watergate.<br \/>\n<!--more--><\/p>\n<p>Ce qui int\u00e9resse Patrick Jeudy, \u00e0 juste titre, ce sont les vingt-huit ann\u00e9es d\u2019ascension et de gloire qui ont pr\u00e9c\u00e9d\u00e9 cette chute. Une <em>success story <\/em>100 % am\u00e9ricaine qui voit ce fils d\u2019\u00e9picier devenir tour \u00e0 tour brillant avocat, s\u00e9nateur de Californie, vice-pr\u00e9sident des \u00c9tats-Unis puis pr\u00e9sident lui-m\u00eame.<\/p>\n<p>La seule chose qui cloche, c\u2019est le casting : notre h\u00e9ros n\u2019a ni la gueule ni le profil de l\u2019emploi. La classe politico-m\u00e9diatique n\u2019a jamais cess\u00e9 de le consid\u00e9rer comme un intrus : vingt ans avant le Watergate, elle avait d\u00e9j\u00e0 surnomm\u00e9 Tricky Dicky cet homme qui, somme toute, aura moins trich\u00e9 qu\u2019un Kennedy normal. La diff\u00e9rence, c\u2019est que Nixon, lui, n\u2019a pas la carte. Aux yeux de cette petite \u00e9lite endogame, il restera toujours un plouc \u00e0 la r\u00e9ussite forc\u00e9ment suspecte. Au contraire, elle n\u2019en est que plus m\u00e9ritoire. Avec ses origines modestes, son physique disgraci\u00e9 et son charisme de fonctionnaire, devenir vice-pr\u00e9sident \u00e0 39 ans \u00e7a rel\u00e8ve de l\u2019exploit.<\/p>\n<p>Sept ans plus tard, en 1960, Nixon ne perd la pr\u00e9sidentielle face au s\u00e9millant et t\u00e9l\u00e9g\u00e9nique JFK qu\u2019avec 0,20 % de voix d\u2019\u00e9cart \u2013 et seule la l\u00e9gende transformera ce score \u00e0 la Cocoe en triomphe \u00e0 la C\u00e9sar.<\/p>\n<p>Mais le plus \u00e9tonnant reste \u00e0 venir : enfin \u00e9lu en 1968, tous les historiens s\u00e9rieux s\u2019accordent \u00e0 le reconna\u00eetre, Nixon-le-politicien-retors se mue en homme d\u2019\u00c9tat. Il met ses qualit\u00e9s de ruse et de t\u00e9nacit\u00e9 au service de son pays, et non pas de sa seule r\u00e9\u00e9lection.<\/p>\n<p>Ce n\u2019est certes pas par d\u00e9magogie, ni m\u00eame de gaiet\u00e9 de coeur que cet anticommuniste visc\u00e9ral initie la d\u00e9tente avec l\u2019Union sovi\u00e9tique, met fin \u00e0 une guerre du Vi\u00eatnam devenue ingagnable ou reconna\u00eet, \u00e0 la surprise g\u00e9n\u00e9rale, la Chine populaire.<\/p>\n<p>Nixon est r\u00e9\u00e9lu triomphalement en 1972, mais la roche Tarp\u00e9ienne est pr\u00e8s de la Maison-Blanche comme du Capitole : moins de deux ans plus tard, il est contraint \u00e0 la d\u00e9mission dans le fracas et la honte de l\u2019Affaire\u2026<\/p>\n<p>Inqui\u00e9tante \u00e9tranget\u00e9 du puritanisme am\u00e9ricain, qui pousse un \u00c9tat \u00e0 se d\u00e9capiter aussi l\u00e9g\u00e8rement \u2013 avant de se greffer d\u2019improbables t\u00eates de Ford et de Carter. D\u00e9cid\u00e9ment, malgr\u00e9 Tocqueville, je ne comprends toujours pas tout \u00e0 la d\u00e9mocratie, surtout en Am\u00e9rique.<\/p>\n<p>Chez nous par exemple, c\u2019est bien simple : si on avait d\u00fb changer de pr\u00e9sident \u00e0 chaque broutille genre Watergate, on en serait au moins au cinquanti\u00e8me depuis 1958 !<\/p>\n<p>Publi\u00e9 dans Valeurs Actuelles, le 6 d\u00e9cembre 2012<\/p>\n","protected":false},"excerpt":{"rendered":"<p>Le 9 janvier prochain, on f\u00eatera le centenaire de la naissance de Richard Nixon. Enfin moi, parce que, quarante ans plus tard, l\u2019Histoire n\u2019a toujours pas r\u00e9habilit\u00e9 le trente-septi\u00e8me pr\u00e9sident des \u00c9tats-Unis. Aujourd\u2019hui encore Nixon reste, selon le titre du documentaire rediffus\u00e9 l\u2019autre soir sur la cha\u00eene Histoire, \u00ab l\u2019homme que vous avez aim\u00e9 ha\u00efr [&hellip;]<\/p>\n","protected":false},"author":9,"featured_media":1741,"comment_status":"open","ping_status":"open","sticky":false,"template":"","format":"standard","meta":{"footnotes":""},"categories":[1],"tags":[447],"class_list":{"0":"post-1737","1":"post","2":"type-post","3":"status-publish","4":"format-standard","5":"has-post-thumbnail","7":"category-non-classe","8":"tag-richard-nixon"},"_links":{"self":[{"href":"https:\/\/blog.causeur.fr\/asiledeblog\/wp-json\/wp\/v2\/posts\/1737","targetHints":{"allow":["GET"]}}],"collection":[{"href":"https:\/\/blog.causeur.fr\/asiledeblog\/wp-json\/wp\/v2\/posts"}],"about":[{"href":"https:\/\/blog.causeur.fr\/asiledeblog\/wp-json\/wp\/v2\/types\/post"}],"author":[{"embeddable":true,"href":"https:\/\/blog.causeur.fr\/asiledeblog\/wp-json\/wp\/v2\/users\/9"}],"replies":[{"embeddable":true,"href":"https:\/\/blog.causeur.fr\/asiledeblog\/wp-json\/wp\/v2\/comments?post=1737"}],"version-history":[{"count":0,"href":"https:\/\/blog.causeur.fr\/asiledeblog\/wp-json\/wp\/v2\/posts\/1737\/revisions"}],"wp:featuredmedia":[{"embeddable":true,"href":"https:\/\/blog.causeur.fr\/asiledeblog\/wp-json\/wp\/v2\/media\/1741"}],"wp:attachment":[{"href":"https:\/\/blog.causeur.fr\/asiledeblog\/wp-json\/wp\/v2\/media?parent=1737"}],"wp:term":[{"taxonomy":"category","embeddable":true,"href":"https:\/\/blog.causeur.fr\/asiledeblog\/wp-json\/wp\/v2\/categories?post=1737"},{"taxonomy":"post_tag","embeddable":true,"href":"https:\/\/blog.causeur.fr\/asiledeblog\/wp-json\/wp\/v2\/tags?post=1737"}],"curies":[{"name":"wp","href":"https:\/\/api.w.org\/{rel}","templated":true}]}}