{"id":1750,"date":"2012-12-20T15:29:33","date_gmt":"2012-12-20T15:29:33","guid":{"rendered":"http:\/\/blog.causeur.fr\/asiledeblog\/?p=1750"},"modified":"2021-04-26T12:57:20","modified_gmt":"2021-04-26T10:57:20","slug":"a-lire-avant-la-fin-du-monde","status":"publish","type":"post","link":"https:\/\/blog.causeur.fr\/asiledeblog\/a-lire-avant-la-fin-du-monde-1750","title":{"rendered":"\u00c0 lire avant la Fin du monde"},"content":{"rendered":"<p><a href=\"http:\/\/blog.causeur.fr\/asiledeblog\/files\/2012\/12\/3969-a-lire-avant-la-fin-du-monde.png\"><img loading=\"lazy\" decoding=\"async\" class=\"alignleft size-medium wp-image-1751\" src=\"http:\/\/blog.causeur.fr\/asiledeblog\/files\/2012\/12\/3969-a-lire-avant-la-fin-du-monde-300x199.png\" alt=\"\" width=\"300\" height=\"199\" srcset=\"https:\/\/blog.causeur.fr\/asiledeblog\/wp-content\/uploads\/sites\/10\/2012\/12\/3969-a-lire-avant-la-fin-du-monde-300x199.png 300w, https:\/\/blog.causeur.fr\/asiledeblog\/wp-content\/uploads\/sites\/10\/2012\/12\/3969-a-lire-avant-la-fin-du-monde.png 638w\" sizes=\"auto, (max-width: 300px) 100vw, 300px\" \/><\/a>Hier soir, \u00e0 J \u2013 2 de la fin du-monde-maya, Canal Plus programmait opportun\u00e9ment un num\u00e9ro du magazine <em>Sp\u00e9cial investigation <\/em>consacr\u00e9 aux <em>Gourous de l\u2019Apocalypse<\/em>. Vu l\u2019urgence, je me suis fait porter le DVD.<br \/>\nEntre reportages en cam\u00e9ra cach\u00e9e et images d\u2019archives, Marina Ladous et Rom\u00e9o Langlois nous font revisiter le monde d\u00e9lirant et glauque des sectes, en pleine recrudescence depuis les ann\u00e9es 1990.<br \/>\n<!--more--><\/p>\n<p>Mieux : les t\u00e9moignages d\u2019anciens pros\u00e9lytes \u201crepentis\u201d nous \u00e9clairent utilement sur leurs motivations d\u2019hier et d\u2019aujourd\u2019hui.<\/p>\n<p>Personne n\u2019a oubli\u00e9 les exploits de l\u2019Ordre du temple solaire, sp\u00e9cialis\u00e9 dans le suicide collectif. Cette pratique, joliment rebaptis\u00e9e \u201ctransfert\u201d ou \u201cpassage\u201d, devait conduire tout droit les disciples sur la plan\u00e8te Sirius \u2013 o\u00f9 commence enfin la vraie vie ! Au milieu des ann\u00e9es 1990, ils seront soixante-quatorze \u00e0 effectuer plus ou moins volontairement ce transfert, en deux voyages.<\/p>\n<p>Au m\u00eame moment, prosp\u00e8re dans l\u2019empire du Soleil-Levant la secte Aum, o\u00f9 la fascination de la Fin pousse aussi \u00e0 la pr\u00e9cipiter ; sauf qu\u2019ici, c\u2019est la fin des autres. Pour les fid\u00e8les, il est hors de question de mourir : ils sont m\u00eame cens\u00e9s rester les seuls sur vivants d\u2019un Armageddon chimico-bact\u00e9riologique programm\u00e9 \u00e0 cet effet. L\u2019attentat au gaz sarin dans le m\u00e9tro de Tokyo, en 1995, simple galop d\u2019essai, fera quand m\u00eame douze morts et six mille bless\u00e9s.<\/p>\n<p>Le pire, c\u2019est que ces mouvements mill\u00e9nariste ont surv\u00e9cu \u00e0 leur interdiction \u2013 un peu tardive \u2013 et m\u00eame au changement de mill\u00e9naire ! La secte Aum est ren\u00e9e de ses cendres sous le pseudonyme d\u2019Aleph et, au Canada, un Ordre des ess\u00e9niens aux relents de Temple solaire recrute sur Internet tous les papillons aveugl\u00e9s qui se laissent prendre dans sa Toile.<\/p>\n<p>Quant aux anciens adeptes, m\u00eame vingt ans apr\u00e8s, leur lavage de cerveau semble avoir laiss\u00e9 quelques traces. L\u2019un se demande encore s\u2019il n\u2019a pas rat\u00e9 son examen de \u201cpassage\u201d ; l\u2019autre s\u2019interroge tout haut : et si la crise mondiale, somme toute, \u00e9tait la preuve que son ancien gourou avait raison ? M\u2019est avis que \u00e7a donnerait plut\u00f4t raison \u00e0 Chesterton : <em>\u00ab Quand les hommes cessent de croire en Dieu, ce n\u2019est pas pour croire en rien ; c\u2019est pour croire \u00e0 n\u2019importe quoi. \u00bb <\/em>Autrement dit, l\u2019exacerbation du ph\u00e9nom\u00e8ne sectaire ne serait-elle pas un d\u00e9g\u00e2t collat\u00e9ral du \u201cd\u00e9senchantement du monde\u201d ?<\/p>\n<p>Pour vous faire votre propre opinion, Canal Plus propose une rediffusion, le 25 d\u00e9cembre, \u00e0\u00a0\u00a0\u00a0\u00a0 2 h 30 du matin. \u201cUn peu tard !\u201d, direz-vous. Pour l\u2019horaire, j\u2019en conviens ; mais pour la date, aucun souci : aux derni\u00e8res nouvelles, l\u2019Apocalypse serait report\u00e9e \u00e0 2023. Repentez-vous quand m\u00eame, la Fin des temps est proche !<\/p>\n<p>Publi\u00e9 dans Valeurs Actuelles, le 20 d\u00e9cembre 2012<\/p>\n","protected":false},"excerpt":{"rendered":"<p>Hier soir, \u00e0 J \u2013 2 de la fin du-monde-maya, Canal Plus programmait opportun\u00e9ment un num\u00e9ro du magazine Sp\u00e9cial investigation consacr\u00e9 aux Gourous de l\u2019Apocalypse. Vu l\u2019urgence, je me suis fait porter le DVD. Entre reportages en cam\u00e9ra cach\u00e9e et images d\u2019archives, Marina Ladous et Rom\u00e9o Langlois nous font revisiter le monde d\u00e9lirant et glauque [&hellip;]<\/p>\n","protected":false},"author":9,"featured_media":0,"comment_status":"open","ping_status":"open","sticky":false,"template":"","format":"standard","meta":{"footnotes":""},"categories":[1],"tags":[52,458,457],"class_list":{"0":"post-1750","1":"post","2":"type-post","3":"status-publish","4":"format-standard","6":"category-non-classe","7":"tag-chesterton","8":"tag-ordre-du-temple-solaire","9":"tag-secte-aum"},"_links":{"self":[{"href":"https:\/\/blog.causeur.fr\/asiledeblog\/wp-json\/wp\/v2\/posts\/1750","targetHints":{"allow":["GET"]}}],"collection":[{"href":"https:\/\/blog.causeur.fr\/asiledeblog\/wp-json\/wp\/v2\/posts"}],"about":[{"href":"https:\/\/blog.causeur.fr\/asiledeblog\/wp-json\/wp\/v2\/types\/post"}],"author":[{"embeddable":true,"href":"https:\/\/blog.causeur.fr\/asiledeblog\/wp-json\/wp\/v2\/users\/9"}],"replies":[{"embeddable":true,"href":"https:\/\/blog.causeur.fr\/asiledeblog\/wp-json\/wp\/v2\/comments?post=1750"}],"version-history":[{"count":0,"href":"https:\/\/blog.causeur.fr\/asiledeblog\/wp-json\/wp\/v2\/posts\/1750\/revisions"}],"wp:attachment":[{"href":"https:\/\/blog.causeur.fr\/asiledeblog\/wp-json\/wp\/v2\/media?parent=1750"}],"wp:term":[{"taxonomy":"category","embeddable":true,"href":"https:\/\/blog.causeur.fr\/asiledeblog\/wp-json\/wp\/v2\/categories?post=1750"},{"taxonomy":"post_tag","embeddable":true,"href":"https:\/\/blog.causeur.fr\/asiledeblog\/wp-json\/wp\/v2\/tags?post=1750"}],"curies":[{"name":"wp","href":"https:\/\/api.w.org\/{rel}","templated":true}]}}