{"id":1764,"date":"2013-01-17T09:22:50","date_gmt":"2013-01-17T09:22:50","guid":{"rendered":"http:\/\/blog.causeur.fr\/asiledeblog\/?p=1764"},"modified":"2021-04-26T12:57:20","modified_gmt":"2021-04-26T10:57:20","slug":"la-manif-et-apres","status":"publish","type":"post","link":"https:\/\/blog.causeur.fr\/asiledeblog\/la-manif-et-apres-1764","title":{"rendered":"La Manif, et apr\u00e8s"},"content":{"rendered":"<p><a href=\"http:\/\/blog.causeur.fr\/asiledeblog\/files\/2013\/01\/3973-Manif-pour-tous-de-Koch.png\"><img loading=\"lazy\" decoding=\"async\" class=\"alignleft size-medium wp-image-1765\" src=\"http:\/\/blog.causeur.fr\/asiledeblog\/files\/2013\/01\/3973-Manif-pour-tous-de-Koch-300x171.png\" alt=\"\" width=\"300\" height=\"171\" srcset=\"https:\/\/blog.causeur.fr\/asiledeblog\/wp-content\/uploads\/sites\/10\/2013\/01\/3973-Manif-pour-tous-de-Koch-300x171.png 300w, https:\/\/blog.causeur.fr\/asiledeblog\/wp-content\/uploads\/sites\/10\/2013\/01\/3973-Manif-pour-tous-de-Koch.png 638w\" sizes=\"auto, (max-width: 300px) 100vw, 300px\" \/><\/a>Pour des raisons tant professionnelles que personnelles, je me suis senti l\u00e9gitime \u00e0 commenter le traitement r\u00e9serv\u00e9, dimanche dernier, \u00e0 la \u201cmanif pour tous\u201d par la t\u00e9l\u00e9 pour tous.<\/p>\n<p>La semaine pr\u00e9c\u00e9dente, il m\u2019avait sembl\u00e9 observer une certaine radicalisation du d\u00e9bat m\u00e9diatique sur le sujet. Les adversaires du \u201cmariage pour tous\u201d\u00a9 \u00e9taient d\u2019embl\u00e9e plac\u00e9s sur la sellette, genre : \u201ccomment peut-on encore, en 2013, remettre en question l\u2019\u00e9galit\u00e9 des droits \u00e0 tout pour tous ? \u201d<br \/>\n<!--more--><br \/>\nDans ce contexte, si le moindre incident s\u2019\u00e9tait produit, sur l\u2019un des trois parcours impos\u00e9s par la pr\u00e9fecture \u00e0 cette foule immense, nul doute que les cha\u00eenes se seraient bouscul\u00e9es au portillon pour \u201cavoir les images\u201d. Heureusement, par la gr\u00e2ce de sainte Rita, il n\u2019en fut rien ! Difficile dans ces conditions, pour les \u201cenvoy\u00e9s sp\u00e9ciaux\u201d, de raconter le contraire de ce qu\u2019on voyait derri\u00e8re eux \u00e0 l\u2019\u00e9cran.<\/p>\n<p>Les 20 heures de TF1 et France 2 semblent avoir pris la mesure de cette mobilisation d\u00e9termin\u00e9e et calme, sans haine et sans crainte. <em>\u00ab Pari gagn\u00e9 pour les organisateurs, <\/em>commente le journal de Claire, <em>une foule dense et diverse \u00bb <\/em>\u00e9tait au rendez-vous.<em> \u00ab Forte mobilisation des opposants \u00bb<\/em>, confirme France 2, qui leur donne m\u00eame la parole : certains ont fait dix ou douze heures de car, <em>\u00ab parce que c\u2019est important \u00bb <\/em>; et, pour la plupart, c\u2019est leur premi\u00e8re manifestation.<\/p>\n<p>En fin de journal, voici les commentateurs maison. D\u2019une cha\u00eene \u00e0 l\u2019autre, ils tiennent \u00e0 peu pr\u00e8s le m\u00eame langage : sur ce projet de loi, Hollande ira jusqu\u2019au bout, ne serait-ce que parce qu\u2019il ne peut plus reculer ! \u00c0 son niveau de popularit\u00e9, mieux vaut \u00e9nerver un peu plus ses adversaires que de d\u00e9cevoir une fois encore son propre camp\u2026<\/p>\n<p>En revanche, sugg\u00e8rent nos analystes, attention \u00e0 la suite ! Apr\u00e8s un tel avertissement, est-il bien raisonnable de maintenir pour mars ce nouveau \u201cbond en avant\u201d qu\u2019est la PMA ? Sans doute pas ; mais les voies de la \u201cnormalit\u00e9\u201d sont imp\u00e9n\u00e9trables.<\/p>\n<p>Au-del\u00e0 des consid\u00e9rations politiciennes, il \u00e9tait temps de prendre un peu de hauteur. \u00c0 coups de t\u00e9l\u00e9commande, j\u2019ai donc fini par tomber sur L\u2019ami Zemmour (sur iT\u00e9l\u00e9 \u00e0 22 h 30). <em><\/em><\/p>\n<p><em>\u00ab Il y a toute une population de plus en plus lass\u00e9e par l\u2019\u00e9volution de la soci\u00e9t\u00e9 depuis quarante ans, <\/em>analyse-t-il, <em>et sa contestation n\u2019est pas seulement politique, mais culturelle. \u00bb<\/em><\/p>\n<p>J\u2019allais le dire ! C\u2019est m\u00eame de cette base, crois-je savoir, qu\u2019est partie l\u2019id\u00e9e de la \u201cmanif pour tous\u201d \u2014 avant m\u00eame l\u2019onction officielle de l\u2019\u00c9glise et sans attendre les carabiniers de la politique. De ce c\u00f4t\u00e9-l\u00e0, ass\u00e8ne notre proph\u00e8te de malheur, rien \u00e0 attendre, vu <em>\u00ab la bachelotisation croissante de la droite et m\u00eame de l\u2019extr\u00eame droite \u00bb. <\/em><\/p>\n<p>\u00c0 l\u2019instar du pays selon Maurras, la \u201cdroite l\u00e9gale\u201d serait-elle devenue irr\u00e9conciliable avec la droite r\u00e9elle ?Heureusement, quand Zemmour devient anxiog\u00e8ne \u00e0 ce point, on peut toujours zapper.<\/p>\n<p>&nbsp;<\/p>\n<p>Publi\u00e9 dans Valeurs actuelles, le 17 janvier 2013<\/p>\n","protected":false},"excerpt":{"rendered":"<p>Pour des raisons tant professionnelles que personnelles, je me suis senti l\u00e9gitime \u00e0 commenter le traitement r\u00e9serv\u00e9, dimanche dernier, \u00e0 la \u201cmanif pour tous\u201d par la t\u00e9l\u00e9 pour tous. La semaine pr\u00e9c\u00e9dente, il m\u2019avait sembl\u00e9 observer une certaine radicalisation du d\u00e9bat m\u00e9diatique sur le sujet. Les adversaires du \u201cmariage pour tous\u201d\u00a9 \u00e9taient d\u2019embl\u00e9e plac\u00e9s sur [&hellip;]<\/p>\n","protected":false},"author":9,"featured_media":0,"comment_status":"open","ping_status":"open","sticky":false,"template":"","format":"standard","meta":{"footnotes":""},"categories":[1],"tags":[474,473],"class_list":{"0":"post-1764","1":"post","2":"type-post","3":"status-publish","4":"format-standard","6":"category-non-classe","7":"tag-charles-maurras","8":"tag-pma"},"_links":{"self":[{"href":"https:\/\/blog.causeur.fr\/asiledeblog\/wp-json\/wp\/v2\/posts\/1764","targetHints":{"allow":["GET"]}}],"collection":[{"href":"https:\/\/blog.causeur.fr\/asiledeblog\/wp-json\/wp\/v2\/posts"}],"about":[{"href":"https:\/\/blog.causeur.fr\/asiledeblog\/wp-json\/wp\/v2\/types\/post"}],"author":[{"embeddable":true,"href":"https:\/\/blog.causeur.fr\/asiledeblog\/wp-json\/wp\/v2\/users\/9"}],"replies":[{"embeddable":true,"href":"https:\/\/blog.causeur.fr\/asiledeblog\/wp-json\/wp\/v2\/comments?post=1764"}],"version-history":[{"count":0,"href":"https:\/\/blog.causeur.fr\/asiledeblog\/wp-json\/wp\/v2\/posts\/1764\/revisions"}],"wp:attachment":[{"href":"https:\/\/blog.causeur.fr\/asiledeblog\/wp-json\/wp\/v2\/media?parent=1764"}],"wp:term":[{"taxonomy":"category","embeddable":true,"href":"https:\/\/blog.causeur.fr\/asiledeblog\/wp-json\/wp\/v2\/categories?post=1764"},{"taxonomy":"post_tag","embeddable":true,"href":"https:\/\/blog.causeur.fr\/asiledeblog\/wp-json\/wp\/v2\/tags?post=1764"}],"curies":[{"name":"wp","href":"https:\/\/api.w.org\/{rel}","templated":true}]}}