{"id":1787,"date":"2013-01-21T10:10:44","date_gmt":"2013-01-21T10:10:44","guid":{"rendered":"http:\/\/blog.causeur.fr\/asiledeblog\/?p=1787"},"modified":"2021-04-26T12:57:20","modified_gmt":"2021-04-26T10:57:20","slug":"le-mariage-pour-personne-le-film-6","status":"publish","type":"post","link":"https:\/\/blog.causeur.fr\/asiledeblog\/le-mariage-pour-personne-le-film-6-1787","title":{"rendered":"Le mariage pour personne &#8211; le film"},"content":{"rendered":"<p>Merci \u00e0 l&rsquo;ami r\u00e9alisateur Fran\u00e7ois Godard pour son excellent reportage sur notre \u00ab\u00a0Manif pour personne\u00a0\u00bb (ou presque). \u00c0 signaler notamment les r\u00e9actions vari\u00e9es des \u00ab\u00a0vrais\u00a0\u00bb manifestants, et la connerie min\u00e9rale des membres du S.O. barjotien qui nous ont d\u00e9nonc\u00e9s aux flics &#8211; nous prenant sans doute pour des Femen de Civitas&#8230;<\/p>\n<div>La premi\u00e8re intervention polici\u00e8re mit en fuite d&#8217;embl\u00e9e la moiti\u00e9 de nos maigres troupes, et la deuxi\u00e8me nous signifia carr\u00e9ment l&rsquo;interdiction de notre cort\u00e8ge, qui mettait en p\u00e9ril l&rsquo;ordre public.<br \/>\nHeureusement, nous avions eu le temps de passer en direct sur BFM-TV, et d&rsquo;y \u00e9nerver convenablement Caroline Fourest.<\/div>\n<p><iframe loading=\"lazy\" title=\"&quot; le Mariage pour Personne&quot;\" width=\"696\" height=\"392\" src=\"https:\/\/www.youtube.com\/embed\/2TO115iIJ70?feature=oembed\" frameborder=\"0\" allow=\"accelerometer; autoplay; clipboard-write; encrypted-media; gyroscope; picture-in-picture\" allowfullscreen><\/iframe><\/p>\n","protected":false},"excerpt":{"rendered":"<p>Merci \u00e0 l&rsquo;ami r\u00e9alisateur Fran\u00e7ois Godard pour son excellent reportage sur notre \u00ab\u00a0Manif pour personne\u00a0\u00bb (ou presque). \u00c0 signaler notamment les r\u00e9actions vari\u00e9es des \u00ab\u00a0vrais\u00a0\u00bb manifestants, et la connerie min\u00e9rale des membres du S.O. barjotien qui nous ont d\u00e9nonc\u00e9s aux flics &#8211; nous prenant sans doute pour des Femen de Civitas&#8230; La premi\u00e8re intervention polici\u00e8re [&hellip;]<\/p>\n","protected":false},"author":9,"featured_media":0,"comment_status":"open","ping_status":"open","sticky":false,"template":"","format":"standard","meta":{"footnotes":""},"categories":[1],"tags":[],"class_list":{"0":"post-1787","1":"post","2":"type-post","3":"status-publish","4":"format-standard","6":"category-non-classe"},"_links":{"self":[{"href":"https:\/\/blog.causeur.fr\/asiledeblog\/wp-json\/wp\/v2\/posts\/1787","targetHints":{"allow":["GET"]}}],"collection":[{"href":"https:\/\/blog.causeur.fr\/asiledeblog\/wp-json\/wp\/v2\/posts"}],"about":[{"href":"https:\/\/blog.causeur.fr\/asiledeblog\/wp-json\/wp\/v2\/types\/post"}],"author":[{"embeddable":true,"href":"https:\/\/blog.causeur.fr\/asiledeblog\/wp-json\/wp\/v2\/users\/9"}],"replies":[{"embeddable":true,"href":"https:\/\/blog.causeur.fr\/asiledeblog\/wp-json\/wp\/v2\/comments?post=1787"}],"version-history":[{"count":0,"href":"https:\/\/blog.causeur.fr\/asiledeblog\/wp-json\/wp\/v2\/posts\/1787\/revisions"}],"wp:attachment":[{"href":"https:\/\/blog.causeur.fr\/asiledeblog\/wp-json\/wp\/v2\/media?parent=1787"}],"wp:term":[{"taxonomy":"category","embeddable":true,"href":"https:\/\/blog.causeur.fr\/asiledeblog\/wp-json\/wp\/v2\/categories?post=1787"},{"taxonomy":"post_tag","embeddable":true,"href":"https:\/\/blog.causeur.fr\/asiledeblog\/wp-json\/wp\/v2\/tags?post=1787"}],"curies":[{"name":"wp","href":"https:\/\/api.w.org\/{rel}","templated":true}]}}