{"id":1791,"date":"2013-01-24T12:58:40","date_gmt":"2013-01-24T12:58:40","guid":{"rendered":"http:\/\/blog.causeur.fr\/asiledeblog\/?p=1791"},"modified":"2021-04-26T12:57:20","modified_gmt":"2021-04-26T10:57:20","slug":"le-monde-selon-najat","status":"publish","type":"post","link":"https:\/\/blog.causeur.fr\/asiledeblog\/le-monde-selon-najat-1791","title":{"rendered":"Le monde selon Najat"},"content":{"rendered":"<p><a href=\"http:\/\/blog.causeur.fr\/asiledeblog\/le-monde-selon-najat,001791\/3974-najat-belkacem\" rel=\"attachment wp-att-1792\"><img loading=\"lazy\" decoding=\"async\" class=\"alignleft size-medium wp-image-1792\" src=\"http:\/\/blog.causeur.fr\/asiledeblog\/files\/2013\/01\/3974-Najat-Belkacem-300x166.png\" alt=\"\" width=\"300\" height=\"166\" srcset=\"https:\/\/blog.causeur.fr\/asiledeblog\/wp-content\/uploads\/sites\/10\/2013\/01\/3974-Najat-Belkacem-300x166.png 300w, https:\/\/blog.causeur.fr\/asiledeblog\/wp-content\/uploads\/sites\/10\/2013\/01\/3974-Najat-Belkacem.png 638w\" sizes=\"auto, (max-width: 300px) 100vw, 300px\" \/><\/a>Eclairant d\u00e9bat sur le \u201cmariage pour tous\u201d, l\u2019autre lundi dans l\u2019\u00e9mission <em>Mots crois\u00e9s <\/em>(France 2). En vedette parmi les six invit\u00e9s : Mme Najat Vallaud-Belkacem, \u00e8s qualit\u00e9s de ministre des Droits des femmes, porte-parole du gouvernement et charg\u00e9e par le premier ministre d\u2019une \u201cmission de lutte contre l\u2019homophobie\u201d \u2014 c\u2019est-\u00e0-dire, ces jours-ci, contre les adversaires du projet de loi.<br \/>\n<!--more--><br \/>\nLe moins que l\u2019on puisse dire, c \u2019est que madame la ministresse fait le job. Sur la \u201cmanif pour tous\u201d : <em>\u00ab Le droit \u00e0 manifester est fondamental. Il nous est arriv\u00e9 nous-m\u00eames <\/em>[le camp du progr\u00e8s] <em>d\u2019y recourir ; mais plut\u00f4t pour revendiquer des droits que pour en refuser \u00e0 d\u2019autres. \u00bb <\/em>Et toc !<\/p>\n<p>Sauf qu\u2019en l\u2019occurrence, ch\u00e8re Najat, votre projet tend bel et bien \u00e0 supprimer un droit : celui des enfants \u00e0 avoir un p\u00e8re et une m\u00e8re. Mais il est vrai aussi que les enfants ne votent pas\u2026<\/p>\n<p>Sur les le\u00e7ons \u00e0 tirer de cette d\u00e9monstration de masse : <em>\u00ab Il faut tout prendre en compte, bien s\u00fbr ; mais surtout ces 51,6 % de Fran\u00e7ais qui ont vot\u00e9 pour Fran\u00e7ois Hollande en toute connaissance de cause sur un programme clair, et notamment sur son engagement n\u00b0 31 \u00bb <\/em>(ouvrant le mariage et l\u2019adoption aux couples de m\u00eame sexe).<\/p>\n<p>Foutage de gueule ! On n\u2019a pas souvenir que le candidat Hollande ait jamais mis en avant cet argument de campagne, ni en meeting ni en d\u00e9bat.<\/p>\n<p>Quant \u00e0 consulter le peuple, la porte-parole du gouvernement ne veut m\u00eame pas en entendre parler. <em>Primo<\/em>, ce serait anticonstitutionnel, puisque, comme chacun sait, <em>\u00ab la famille ne rel\u00e8ve pas du social \u00bb<\/em>. Mais surtout, <em>\u00ab au-del\u00e0 de la Constitution <\/em>[<em>sic<\/em>], <em>c\u2019est une question politique : nous ne voulons pas soumettre \u00e0 r\u00e9f\u00e9rendum des textes qui divisent les Fran\u00e7ais ! \u00bb <\/em>dit-elle sans rire. Il ne faudrait donc consulter le peuple que sur les questions qui ne font point d\u00e9bat ? Pierre Dac aurait ador\u00e9 !<\/p>\n<p>Sur la PMA enfin, Najat apaise les inqui\u00e9tudes d\u2019Yves Calvi : non, le projet n\u2019est pas <em>\u00ab enterr\u00e9 \u00bb <\/em>! Il figurera bien en mars dans la <em>\u00ab loi sur la famille \u00bb <\/em>(sic). Mais voil\u00e0 que notre animateur surench\u00e9rit dans l\u2019\u00e9galitarisme : <em>\u00ab Si le droit \u00e0 l\u2019enfant est ouvert aux lesbiennes, pourquoi l\u2019interdire aux gays ? \u00bb \u00ab \u00c7a n\u2019a rien \u00e0 voir ! <\/em>ose Mme Vallaud-Belkacem. <em>Le gouvernement est d\u00e9finitivement oppos\u00e9 \u00e0 la GPA, \u00e0 cause du risque de marchandisation des corps ! \u00bb<\/em><\/p>\n<p>Une envol\u00e9e stopp\u00e9e net par l\u2019abb\u00e9 internaute Grosjean : <em>\u00ab Comment vous croire, alors que sur votre blog vous avez pris position en faveur de la GPA ? \u00bb<\/em><\/p>\n<p>Silence g\u00ean\u00e9 de l\u2019int\u00e9ress\u00e9e, qui pr\u00e9f\u00e8re encore r\u00e9pondre \u00e0 Bruno Gollnisch : <em>\u00ab \u00c0 peine la PMA vot\u00e9e, les homosexuels masculins r\u00e9clameront la GPA ! \u00bb <\/em>pr\u00e9dit-il. <em>\u00ab C\u2019est absurde ! \u00bb<\/em>, r\u00e9torque-t-elle \u00e0 tout hasard, avant de botter en touche avec une comparaison digne du meilleur Monty Python : <em>\u00ab Quand on a vot\u00e9 le droit \u00e0 l\u2019IVG pour les femmes, les hommes ne l\u2019ont pas r\u00e9clam\u00e9e ! \u00bb<\/em><\/p>\n<p>Une chose est s\u00fbre : en cas d\u2019\u00e9chec politique, cette fille-l\u00e0 pourra toujours se recycler dans la <em>stand-up comedy<\/em>.<\/p>\n<p>Publi\u00e9 dans Valeurs Actuelles, le 24 janvier 2013<\/p>\n","protected":false},"excerpt":{"rendered":"<p>Eclairant d\u00e9bat sur le \u201cmariage pour tous\u201d, l\u2019autre lundi dans l\u2019\u00e9mission Mots crois\u00e9s (France 2). En vedette parmi les six invit\u00e9s : Mme Najat Vallaud-Belkacem, \u00e8s qualit\u00e9s de ministre des Droits des femmes, porte-parole du gouvernement et charg\u00e9e par le premier ministre d\u2019une \u201cmission de lutte contre l\u2019homophobie\u201d \u2014 c\u2019est-\u00e0-dire, ces jours-ci, contre les adversaires [&hellip;]<\/p>\n","protected":false},"author":9,"featured_media":0,"comment_status":"open","ping_status":"open","sticky":false,"template":"","format":"standard","meta":{"footnotes":""},"categories":[1],"tags":[],"class_list":{"0":"post-1791","1":"post","2":"type-post","3":"status-publish","4":"format-standard","6":"category-non-classe"},"_links":{"self":[{"href":"https:\/\/blog.causeur.fr\/asiledeblog\/wp-json\/wp\/v2\/posts\/1791","targetHints":{"allow":["GET"]}}],"collection":[{"href":"https:\/\/blog.causeur.fr\/asiledeblog\/wp-json\/wp\/v2\/posts"}],"about":[{"href":"https:\/\/blog.causeur.fr\/asiledeblog\/wp-json\/wp\/v2\/types\/post"}],"author":[{"embeddable":true,"href":"https:\/\/blog.causeur.fr\/asiledeblog\/wp-json\/wp\/v2\/users\/9"}],"replies":[{"embeddable":true,"href":"https:\/\/blog.causeur.fr\/asiledeblog\/wp-json\/wp\/v2\/comments?post=1791"}],"version-history":[{"count":0,"href":"https:\/\/blog.causeur.fr\/asiledeblog\/wp-json\/wp\/v2\/posts\/1791\/revisions"}],"wp:attachment":[{"href":"https:\/\/blog.causeur.fr\/asiledeblog\/wp-json\/wp\/v2\/media?parent=1791"}],"wp:term":[{"taxonomy":"category","embeddable":true,"href":"https:\/\/blog.causeur.fr\/asiledeblog\/wp-json\/wp\/v2\/categories?post=1791"},{"taxonomy":"post_tag","embeddable":true,"href":"https:\/\/blog.causeur.fr\/asiledeblog\/wp-json\/wp\/v2\/tags?post=1791"}],"curies":[{"name":"wp","href":"https:\/\/api.w.org\/{rel}","templated":true}]}}