{"id":1794,"date":"2013-01-31T09:20:13","date_gmt":"2013-01-31T09:20:13","guid":{"rendered":"http:\/\/blog.causeur.fr\/asiledeblog\/?p=1794"},"modified":"2021-04-26T12:57:20","modified_gmt":"2021-04-26T10:57:20","slug":"quand-un-rappeur-derape","status":"publish","type":"post","link":"https:\/\/blog.causeur.fr\/asiledeblog\/quand-un-rappeur-derape-1794","title":{"rendered":"Quand un rappeur \u201cd\u00e9rape\u201d"},"content":{"rendered":"<p><a href=\"http:\/\/blog.causeur.fr\/asiledeblog\/quand-un-rappeur-%e2%80%9cderape%e2%80%9d,001794\/mc-jean-gab1\" rel=\"attachment wp-att-1795\"><img loading=\"lazy\" decoding=\"async\" class=\"alignleft size-medium wp-image-1795\" src=\"http:\/\/blog.causeur.fr\/asiledeblog\/files\/2013\/01\/Mc-Jean-Gab1-300x171.png\" alt=\"\" width=\"300\" height=\"171\" srcset=\"https:\/\/blog.causeur.fr\/asiledeblog\/wp-content\/uploads\/sites\/10\/2013\/01\/Mc-Jean-Gab1-300x171.png 300w, https:\/\/blog.causeur.fr\/asiledeblog\/wp-content\/uploads\/sites\/10\/2013\/01\/Mc-Jean-Gab1.png 638w\" sizes=\"auto, (max-width: 300px) 100vw, 300px\" \/><\/a>Parmi les sujets \u00e9voqu\u00e9s \u00e0 <em>Ce soir (ou jamais !) <\/em>mardi 22 janvier, le \u201cmariage pour tous\u201d. \u201cEncore ? \u201d, diront les ronchons. Mais tout est dans le casting, et j\u2019ai d\u00e9j\u00e0 vant\u00e9 ici le talent du \u201cmaster-chef\u201d Tadde\u00ef pour nous concocter des plateaux t\u00e9l\u00e9 savoureux et originaux.<br \/>\nSa trouvaille, ce soir-l\u00e0 : au milieu d\u2019un ar\u00e9opage de sp\u00e9cialistes et de personnalit\u00e9s engag\u00e9es, il avait cas\u00e9 un v\u00e9ritable ovni en la personne du rappeur MC Jean Gab\u20191 (mais oui). Comme son nom et son CV l\u2019indiquent, ce rappeur-l\u00e0 n\u2019est pas banal. \u00c9lev\u00e9 par la Ddass, il a d\u2019abord exerc\u00e9 la profession de braqueur avant de se reconvertir dans la musique \u2013 qui, semble-t-il, n\u2019a pas enti\u00e8rement adouci ses moeurs.<br \/>\n<!--more--><\/p>\n<p>En quelques ann\u00e9es de carri\u00e8re, avec son franc-parler et son temp\u00e9rament bourru, le gaillard a d\u00e9j\u00e0 r\u00e9ussi \u00e0 se brouiller avec la quasi-totalit\u00e9 de ses coll\u00e8gues rappeurs \u2014 qu\u2019il prenait volontiers \u00e0 parti, notamment dans une chanson explicitement intitul\u00e9e <em>J\u2019t\u2019emmerde<\/em>.<\/p>\n<p>Sur ce plateau, o\u00f9 il ne conna\u00eet visiblement personne, MC Jean Gab\u20191 est plus r\u00e9serv\u00e9, mais nullement intimid\u00e9. Malgr\u00e9 les explications des politologues, sociologues et autres parlologues, c\u2019est bien simple : le mariage homo, il ne comprend toujours pas le concept. <em>\u00ab Un mec et une femme qui se marient et qui font des enfants, c\u2019est la famille normale que je connais ! Bon maintenant, si tu mets ensemble deux gus ou deux meufs, \u00e7a les regarde\u2026 Mais apr\u00e8s, tu fais comment pour les enfants ? \u201cC\u2019est mes p\u00e8res, c\u2019est mes m\u00e8res, c\u2019est mes deux machins\u201d\u2026 Y\u2019en a qui vont p\u00e9ter une durite \u00e0 un moment ! \u00bb<\/em><\/p>\n<p>Bref, toute cette histoire, \u00e7a lui <em>\u00ab passe par-dessus l\u2019\u00e9paule \u00bb <\/em>\u2014 ce qui ne l\u2019emp\u00eache pas d\u2019aggraver son cas en \u00e9voquant un certain lobby homo : <em>\u00ab Dans le show-biz aujourd\u2019hui, quand on veut r\u00e9ussir, il vaut mieux \u00eatre <\/em>gay friendly <em>! \u00bb <\/em>Avec tous ces propos <em>borderline <\/em>au regard du pr\u00eat-\u00e0-penser en vogue, comment notre rappeur fou a-t-il pu \u00e9chapper \u00e0 l\u2019accusation d\u2019\u201chomophobie\u201d si en vogue aujourd\u2019hui ? Myst\u00e8re et boule de gomme ! A-t-il \u00e9t\u00e9 prot\u00e9g\u00e9 de cette infamie en raison de son appartenance \u00e0 une autre minorit\u00e9 ? De fait, son profil ne correspond gu\u00e8re au clich\u00e9 selon lequel l\u2019hostilit\u00e9 au \u201cmariage pour tous\u201d serait l\u2019exclusivit\u00e9 d\u2019une <em>\u00ab France blanche, catholique et de droite \u00bb <\/em>(Nicolas Domenach, de <em>Marianne<\/em>). \u00c0 moins que ses contradicteurs n\u2019aient craint, tout simplement, que ce Gab\u20191-l\u00e0 leur administre un bourre-pif\u2026<\/p>\n<p>En tout cas, auparavant, le pauvre Henri Guaino n\u2019avait pas eu droit aux m\u00eames m\u00e9nagements. Pour des propos plut\u00f4t b\u00e9nins sur les <em>\u00ab droits des enfants \u00bb<\/em>, lui s\u2019\u00e9tait bel et bien fait traiter d\u2019<em>\u00ab homophobe \u00bb <\/em>par le romancier Dominique Fernandez.<\/p>\n<p>Prenez garde, monsieur l\u2019Acad\u00e9micien ! La pens\u00e9e qui sous-tend cet amalgame brevet\u00e9 LGBT, c\u2019est la \u201cth\u00e9orie du genre\u201d et sa redoutable logique d\u2019indiff\u00e9renciation sexuelle \u2014 qui finira par d\u00e9truire l\u2019homosexualit\u00e9 elle-m\u00eame !<\/p>\n<p>Publi\u00e9 dans Valeurs Actuelles, le 30 janvier 2013<\/p>\n","protected":false},"excerpt":{"rendered":"<p>Parmi les sujets \u00e9voqu\u00e9s \u00e0 Ce soir (ou jamais !) mardi 22 janvier, le \u201cmariage pour tous\u201d. \u201cEncore ? \u201d, diront les ronchons. Mais tout est dans le casting, et j\u2019ai d\u00e9j\u00e0 vant\u00e9 ici le talent du \u201cmaster-chef\u201d Tadde\u00ef pour nous concocter des plateaux t\u00e9l\u00e9 savoureux et originaux. Sa trouvaille, ce soir-l\u00e0 : au milieu [&hellip;]<\/p>\n","protected":false},"author":9,"featured_media":0,"comment_status":"open","ping_status":"open","sticky":false,"template":"","format":"standard","meta":{"footnotes":""},"categories":[1],"tags":[478,477,475,215],"class_list":{"0":"post-1794","1":"post","2":"type-post","3":"status-publish","4":"format-standard","6":"category-non-classe","7":"tag-dominique-fernandez","8":"tag-henri-guaino","9":"tag-mc-jean-gab1","10":"tag-taddei"},"_links":{"self":[{"href":"https:\/\/blog.causeur.fr\/asiledeblog\/wp-json\/wp\/v2\/posts\/1794","targetHints":{"allow":["GET"]}}],"collection":[{"href":"https:\/\/blog.causeur.fr\/asiledeblog\/wp-json\/wp\/v2\/posts"}],"about":[{"href":"https:\/\/blog.causeur.fr\/asiledeblog\/wp-json\/wp\/v2\/types\/post"}],"author":[{"embeddable":true,"href":"https:\/\/blog.causeur.fr\/asiledeblog\/wp-json\/wp\/v2\/users\/9"}],"replies":[{"embeddable":true,"href":"https:\/\/blog.causeur.fr\/asiledeblog\/wp-json\/wp\/v2\/comments?post=1794"}],"version-history":[{"count":0,"href":"https:\/\/blog.causeur.fr\/asiledeblog\/wp-json\/wp\/v2\/posts\/1794\/revisions"}],"wp:attachment":[{"href":"https:\/\/blog.causeur.fr\/asiledeblog\/wp-json\/wp\/v2\/media?parent=1794"}],"wp:term":[{"taxonomy":"category","embeddable":true,"href":"https:\/\/blog.causeur.fr\/asiledeblog\/wp-json\/wp\/v2\/categories?post=1794"},{"taxonomy":"post_tag","embeddable":true,"href":"https:\/\/blog.causeur.fr\/asiledeblog\/wp-json\/wp\/v2\/tags?post=1794"}],"curies":[{"name":"wp","href":"https:\/\/api.w.org\/{rel}","templated":true}]}}