{"id":1801,"date":"2013-02-14T09:21:09","date_gmt":"2013-02-14T09:21:09","guid":{"rendered":"http:\/\/blog.causeur.fr\/asiledeblog\/?p=1801"},"modified":"2021-04-26T12:57:20","modified_gmt":"2021-04-26T10:57:20","slug":"caroline-charrie","status":"publish","type":"post","link":"https:\/\/blog.causeur.fr\/asiledeblog\/caroline-charrie-1801","title":{"rendered":"Caroline charrie"},"content":{"rendered":"<p><a href=\"http:\/\/blog.causeur.fr\/asiledeblog\/caroline-charrie,001801\/caroline-fourest-3977\" rel=\"attachment wp-att-1802\"><img loading=\"lazy\" decoding=\"async\" class=\"alignleft size-medium wp-image-1802\" src=\"http:\/\/blog.causeur.fr\/asiledeblog\/files\/2013\/02\/Caroline-Fourest-3977-300x213.png\" alt=\"\" width=\"300\" height=\"213\" srcset=\"https:\/\/blog.causeur.fr\/asiledeblog\/wp-content\/uploads\/sites\/10\/2013\/02\/Caroline-Fourest-3977-300x213.png 300w, https:\/\/blog.causeur.fr\/asiledeblog\/wp-content\/uploads\/sites\/10\/2013\/02\/Caroline-Fourest-3977.png 600w\" sizes=\"auto, (max-width: 300px) 100vw, 300px\" \/><\/a>Ne ratez pas, ces mardis-ci en prime time sur France 5, la haletante saga sign\u00e9e Caroline Fourest. L\u2019intr\u00e9pide s\u2019y aventure, au p\u00e9ril de son brushing, dans <em>les R\u00e9seaux de l\u2019extr\u00eame<\/em>.<\/p>\n<p>Le premier \u00e9pisode se penche sur le cas douloureux des <em>Obs\u00e9d\u00e9s du complot<\/em>. Ce d\u00e9r\u00e8glement de l\u2019esprit, en plein renouveau depuis les attentats du 11-Septembre, tisse inexorablement ses r\u00e9seaux sur la Toile.<!--more--><\/p>\n<p>&nbsp;<\/p>\n<p>Madame Fourest pose d\u2019embl\u00e9e la bonne question : <em>\u00ab Comment reconna\u00eetre quelqu\u2019un qui doute d\u2019un conspirationniste, puisqu\u2019il y a aussi de vrais complots ? \u00bb <\/em>\u2014 <em>\u00ab La diff\u00e9rence, c\u2019est l\u2019obsession id\u00e9ologique ! \u00bb<\/em>, r\u00e9pond le patron d\u2019un \u201cobservatoire international du conspirationnisme\u201d (Conspiracy Watch). Et d\u2019affiner le portrait de ces dangereux monomaniaques : <em>\u00ab Leurs \u201ccomplots\u201d ne sont jamais vraiment d\u00e9montr\u00e9s\u2026 Rien que des \u00e9l\u00e9ments mis bout \u00e0 bout, avec toujours la m\u00eame question \u00e0 la cl\u00e9 : \u201c\u00c0 qui profite le crime ? \u201d \u00bb<\/em><\/p>\n<p>Obsession id\u00e9ologique, affirmations sans preuves, \u00e7a ne vous dit rien ? Mais c\u2019est Caroline tout enti\u00e8re \u00e0 sa proie attach\u00e9e ! Prenez sa cible actuelle, les adversaires de la loi Taubira. \u00c0 l\u2019entendre, un ramassis de grenouilles de b\u00e9nitier et autres r\u00e9acs, antif\u00e9ministes et homophobes. Un vaste complot r\u00e9unissant Civitas et Sylviane Agacinski, le grand rabbin Bernheim, ma propre \u00e9pouse et mon ami le rappeur MC Jean Gab\u20191.<\/p>\n<p>Mais comment remettre en cause les conclusions de notre enqu\u00eatrice, qui est la mod\u00e9ration faite Femen? En tant qu\u2019\u00e9crivaine-journaliste, elle ne milite jamais que pour de bonnes causes : \u00e9galit\u00e9, la\u00efcit\u00e9 et droits de l\u2019homme \u2014 surtout au niveau de la femme.<\/p>\n<p>Brandissant l\u2019\u00e9p\u00e9e de l\u2019\u201chomophobie\u201d et le bouclier de l\u2019\u201c\u00c9galit\u00e9\u201d, cette chevali\u00e8re-l\u00e0 est tout simplement invincible. Ainsi peut-elle \u00e9cumer \u00e0 loisir plateaux, studios et cerveaux en tranchant souverainement du Bien et du Mal. Quelle \u00e2me bien n\u00e9e \u2014 ou m\u00eame quel animateur t\u00e9l\u00e9 \u2014 songerait \u00e0 critiquer un tel pav\u00e9 de bonnes intentions ?<\/p>\n<p>\u00c0 force d\u2019\u00eatre invit\u00e9e partout et contest\u00e9e nulle part, chacun de ses Jugements sonne comme le Dernier. \u00c0 sa gauche, c\u2019est-\u00e0-dire autour d\u2019elle, les innocentes brebis qui broutent dans le Camp du Progr\u00e8s (LGBT, partis de gauche, bonne presse, intellos, artistes&#8230;). \u00c0 sa droite, vou\u00e9s au Feu \u00e9ternel qui br\u00fble d\u00e9j\u00e0 dans son regard froid, les boucs (\u00e9missaires) qui ont os\u00e9 braver sa Loi.<\/p>\n<p>Les \u201cconspirationnistes\u201d selon Fourest, ce sont ceux qui d\u00e9noncent un autre complot qu\u2019elle. Autant dire que cette nouvelle Hercule ( ? ) doit affronter une Hydre aux multiples t\u00eates. Outre les blogueurs r\u00e9visionnistes du 11-Septembre, d\u00e9pourvus de cerveaux mais pas d\u2019arri\u00e8re-pens\u00e9es, il lui faut ferrailler \u00e0 la fois contre les islamistes, les int\u00e9gristes, les fachos et les antitaubiristes primaires \u2014 tous unis dans un combat douteux contre le Progr\u00e8s et l\u2019\u00c9galit\u00e9\u2026 Vous avez dit <em>\u00ab complot \u00bb <\/em>?<\/p>\n<p>Publi\u00e9 dans Valeurs actuelles, le 14 f\u00e9vrier 2013<\/p>\n","protected":false},"excerpt":{"rendered":"<p>Ne ratez pas, ces mardis-ci en prime time sur France 5, la haletante saga sign\u00e9e Caroline Fourest. L\u2019intr\u00e9pide s\u2019y aventure, au p\u00e9ril de son brushing, dans les R\u00e9seaux de l\u2019extr\u00eame. Le premier \u00e9pisode se penche sur le cas douloureux des Obs\u00e9d\u00e9s du complot. Ce d\u00e9r\u00e8glement de l\u2019esprit, en plein renouveau depuis les attentats du 11-Septembre, [&hellip;]<\/p>\n","protected":false},"author":9,"featured_media":0,"comment_status":"open","ping_status":"open","sticky":false,"template":"","format":"standard","meta":{"footnotes":""},"categories":[1],"tags":[486,489,490,475,488],"class_list":{"0":"post-1801","1":"post","2":"type-post","3":"status-publish","4":"format-standard","6":"category-non-classe","7":"tag-caroline-fourest","8":"tag-le-grand-rabbin-bernheim","9":"tag-loi-taubira","10":"tag-mc-jean-gab1","11":"tag-sylviane-agacinski"},"_links":{"self":[{"href":"https:\/\/blog.causeur.fr\/asiledeblog\/wp-json\/wp\/v2\/posts\/1801","targetHints":{"allow":["GET"]}}],"collection":[{"href":"https:\/\/blog.causeur.fr\/asiledeblog\/wp-json\/wp\/v2\/posts"}],"about":[{"href":"https:\/\/blog.causeur.fr\/asiledeblog\/wp-json\/wp\/v2\/types\/post"}],"author":[{"embeddable":true,"href":"https:\/\/blog.causeur.fr\/asiledeblog\/wp-json\/wp\/v2\/users\/9"}],"replies":[{"embeddable":true,"href":"https:\/\/blog.causeur.fr\/asiledeblog\/wp-json\/wp\/v2\/comments?post=1801"}],"version-history":[{"count":0,"href":"https:\/\/blog.causeur.fr\/asiledeblog\/wp-json\/wp\/v2\/posts\/1801\/revisions"}],"wp:attachment":[{"href":"https:\/\/blog.causeur.fr\/asiledeblog\/wp-json\/wp\/v2\/media?parent=1801"}],"wp:term":[{"taxonomy":"category","embeddable":true,"href":"https:\/\/blog.causeur.fr\/asiledeblog\/wp-json\/wp\/v2\/categories?post=1801"},{"taxonomy":"post_tag","embeddable":true,"href":"https:\/\/blog.causeur.fr\/asiledeblog\/wp-json\/wp\/v2\/tags?post=1801"}],"curies":[{"name":"wp","href":"https:\/\/api.w.org\/{rel}","templated":true}]}}