{"id":1805,"date":"2013-02-21T09:32:38","date_gmt":"2013-02-21T09:32:38","guid":{"rendered":"http:\/\/blog.causeur.fr\/asiledeblog\/?p=1805"},"modified":"2021-04-26T12:57:20","modified_gmt":"2021-04-26T10:57:20","slug":"le-meilleur-dentre-eux","status":"publish","type":"post","link":"https:\/\/blog.causeur.fr\/asiledeblog\/le-meilleur-dentre-eux-1805","title":{"rendered":"Le meilleur d\u2019entre eux"},"content":{"rendered":"<p>Le Jupp\u00e9 mod\u00e8le 2017 a d\u00e9j\u00e0 commenc\u00e9 sa campagne de deuxi\u00e8me tour&#8230; Droit dans ses pantoufles !<\/p>\n<p><a href=\"http:\/\/blog.causeur.fr\/asiledeblog\/le-meilleur-d%e2%80%99entre-eux,001805\/juppe-3978-2\" rel=\"attachment wp-att-1808\"><img loading=\"lazy\" decoding=\"async\" class=\"alignleft size-medium wp-image-1808\" src=\"http:\/\/blog.causeur.fr\/asiledeblog\/files\/2013\/02\/Juppe-39781-300x210.png\" alt=\"\" width=\"300\" height=\"210\" srcset=\"https:\/\/blog.causeur.fr\/asiledeblog\/wp-content\/uploads\/sites\/10\/2013\/02\/Juppe-39781-300x210.png 300w, https:\/\/blog.causeur.fr\/asiledeblog\/wp-content\/uploads\/sites\/10\/2013\/02\/Juppe-39781.png 638w\" sizes=\"auto, (max-width: 300px) 100vw, 300px\" \/><\/a>Tr\u00e8s en forme, Alain Jupp\u00e9, l\u2019autre mercredi sur LCP \u00e0 l\u2019\u00e9mission <em>Questions d\u2019info<\/em>. L\u2019ancien premier ministre de Jacques Chirac est de ces vieux sages auxquels on n\u2019apprend pas \u00e0 faire la grimace, ni m\u00eame quand les faire !<\/p>\n<p>L\u00e0, c\u2019est le moment ou jamais : Jupp\u00e9 joue son va-tout, et il a bien raison. Vu son \u00e2ge, son cursus et l\u2019\u00e9tat de la concurrence, il n\u2019a rien \u00e0 perdre et tout \u00e0 gagner !<br \/>\n<!--more--><br \/>\nBien s\u00fbr il y a l\u2019hypoth\u00e8que Sarkozy, que son ancien ministre l\u00e8ve d\u2019autant plus volontiers qu\u2019il n\u2019a gu\u00e8re le choix. Oui, il se rallierait sans barguigner \u00e0 une nouvelle candidature de l\u2019ex-pr\u00e9sident qui, croit-il m\u00eame savoir, <em>\u00ab en a plus envie que <\/em>[lui] <em>\u00bb<\/em>.<\/p>\n<p>Mais sait-on jamais ? Si d\u2019aventure un peuple de droite orphelin se tournait vers lui, qu\u2019on se le dise, il assumerait pleinement ses responsabilit\u00e9s.<\/p>\n<p>Pour faire quoi ? L\u00e0, \u00e7a devient un peu flou : l\u2019aspiration du <em>\u00ab plus cap\u00e9 \u00bb <\/em>des UMP \u00e0 un destin national est d\u00e9cid\u00e9ment plus claire que son \u201cgrand dessein\u201d pour la France.<\/p>\n<p>Son programme \u00e9conomique ? <em>\u00ab R\u00e9duire les d\u00e9penses publiques sans matraquage fiscal. \u00bb <\/em>Sympa, mais pas de quoi le distinguer de n\u2019importe quel autre pr\u00e9tendant de droite \u2014 y compris Borloo.<\/p>\n<p>Mais attendez, ce n\u2019est pas tout ! Il faudra \u00e9galement, mart\u00e8le-t-il, <em>\u00ab engager un certain nombre de r\u00e9formes structurelles \u00bb<\/em>\u2026 Une attaque \u00e0 peine voil\u00e9e contre les deux pr\u00e9c\u00e9dents pr\u00e9sidents de la R\u00e9publique, qui ont dirig\u00e9 le pays pendant dix-sept ans et, accessoirement, furent ses mentors.<\/p>\n<p>Sur la \u201cd\u00e9mission\u201d du pape aussi, Jupp\u00e9 a un avis, et m\u00eame deux : <em>\u00ab La fonction est sacr\u00e9e, et l\u2019homme qui en est investi doit l\u2019assumer jusqu\u2019au bout \u00bb<\/em>, tranche notre th\u00e9ologien du dimanche. Mais d\u2019un autre c\u00f4t\u00e9, il <em>\u00ab respecte profond\u00e9ment le choix courageux de Beno\u00eet XVI \u00bb<\/em>. C\u2019est fort aimable \u00e0 lui, mais n\u2019emp\u00eache ! Heureusement pour notre bon pape qu\u2019il n\u2019a pas pris conseil du fr\u00e8re Alain. Sinon, il aurait sans doute dissous la curie\u2026<\/p>\n<p>Le beau Jupp\u00e9 nouveau d\u00e9joue ais\u00e9ment le pi\u00e8ge grossier tendu depuis trente ans \u00e0 tout politicien de droite ou assimil\u00e9 : <em>\u00ab Et l\u2019alliance avec le FN ? \u00bb \u00ab Nous vivants, jamais ! \u00bb<\/em>, r\u00e9cite-t-il conform\u00e9ment \u00e0 la vulgate d\u2019origine chiraquienne \u2014 balayant au passage l\u2019hypoth\u00e8se absurde d\u2019une <em>\u00ab droitisation \u00bb <\/em>de l\u2019UMP.<\/p>\n<p>Sauf qu\u2019\u00e0 force de philosopher, cet Alain-l\u00e0 finit par se contredire lui-m\u00eame : <em>\u00ab Au-del\u00e0 du FN, le populisme de droite est un ph\u00e9nom\u00e8ne europ\u00e9en : partout la m\u00eame \u201cd\u00e9monisation\u201d <\/em>[<em>sic<\/em>] <em>de l\u2019immigration et de l\u2019islam ; partout le m\u00eame refus de l\u2019Europe et m\u00eame de l\u2019euro\u2026 \u00bb<\/em><\/p>\n<p>Si les mots ont un sens, cette d\u00e9nonciation-l\u00e0 ne vise pas seulement Marine Le Pen, mais aussi peu ou prou les Dupont-Aignan, Cop\u00e9 et autres Sarkozy \u2014 et vous-m\u00eames si \u00e7a se trouve, amis lecteurs !<\/p>\n<p>Dommage que Fran\u00e7ois Hollande ait ferm\u00e9 le guichet des \u201cministres d\u2019ouverture\u201d. En d\u2019autres circonstances, et si l\u2019int\u00e9r\u00eat sup\u00e9rieur de la nation l\u2019avait exig\u00e9, nul doute qu\u2019Alain aurait examin\u00e9 toutes les propositions avec bienveillance.<\/p>\n<p>Publi\u00e9 dans Valeurs Actuelles, le 21 f\u00e9vrier 2013<\/p>\n<p>&nbsp;<\/p>\n","protected":false},"excerpt":{"rendered":"<p>Le Jupp\u00e9 mod\u00e8le 2017 a d\u00e9j\u00e0 commenc\u00e9 sa campagne de deuxi\u00e8me tour&#8230; Droit dans ses pantoufles ! Tr\u00e8s en forme, Alain Jupp\u00e9, l\u2019autre mercredi sur LCP \u00e0 l\u2019\u00e9mission Questions d\u2019info. L\u2019ancien premier ministre de Jacques Chirac est de ces vieux sages auxquels on n\u2019apprend pas \u00e0 faire la grimace, ni m\u00eame quand les faire ! [&hellip;]<\/p>\n","protected":false},"author":9,"featured_media":0,"comment_status":"open","ping_status":"open","sticky":false,"template":"","format":"standard","meta":{"footnotes":""},"categories":[1],"tags":[],"class_list":{"0":"post-1805","1":"post","2":"type-post","3":"status-publish","4":"format-standard","6":"category-non-classe"},"_links":{"self":[{"href":"https:\/\/blog.causeur.fr\/asiledeblog\/wp-json\/wp\/v2\/posts\/1805","targetHints":{"allow":["GET"]}}],"collection":[{"href":"https:\/\/blog.causeur.fr\/asiledeblog\/wp-json\/wp\/v2\/posts"}],"about":[{"href":"https:\/\/blog.causeur.fr\/asiledeblog\/wp-json\/wp\/v2\/types\/post"}],"author":[{"embeddable":true,"href":"https:\/\/blog.causeur.fr\/asiledeblog\/wp-json\/wp\/v2\/users\/9"}],"replies":[{"embeddable":true,"href":"https:\/\/blog.causeur.fr\/asiledeblog\/wp-json\/wp\/v2\/comments?post=1805"}],"version-history":[{"count":0,"href":"https:\/\/blog.causeur.fr\/asiledeblog\/wp-json\/wp\/v2\/posts\/1805\/revisions"}],"wp:attachment":[{"href":"https:\/\/blog.causeur.fr\/asiledeblog\/wp-json\/wp\/v2\/media?parent=1805"}],"wp:term":[{"taxonomy":"category","embeddable":true,"href":"https:\/\/blog.causeur.fr\/asiledeblog\/wp-json\/wp\/v2\/categories?post=1805"},{"taxonomy":"post_tag","embeddable":true,"href":"https:\/\/blog.causeur.fr\/asiledeblog\/wp-json\/wp\/v2\/tags?post=1805"}],"curies":[{"name":"wp","href":"https:\/\/api.w.org\/{rel}","templated":true}]}}