{"id":1812,"date":"2013-03-01T16:46:44","date_gmt":"2013-03-01T16:46:44","guid":{"rendered":"http:\/\/blog.causeur.fr\/asiledeblog\/?p=1812"},"modified":"2021-04-26T12:57:20","modified_gmt":"2021-04-26T10:57:20","slug":"droites-paralleles","status":"publish","type":"post","link":"https:\/\/blog.causeur.fr\/asiledeblog\/droites-paralleles-1812","title":{"rendered":"Droites parall\u00e8les"},"content":{"rendered":"<p><strong>\u00ab\u00a0Zemmour vs. Boutin : il y a plusieurs demeures dans la maison de la R\u00e9action&#8230;\u00a0\u00bb<\/strong><\/p>\n<p><a href=\"http:\/\/blog.causeur.fr\/asiledeblog\/droites-paralleles,001812\/zemmour-3979-2\" rel=\"attachment wp-att-1814\"><img loading=\"lazy\" decoding=\"async\" class=\"alignleft size-medium wp-image-1814\" src=\"http:\/\/blog.causeur.fr\/asiledeblog\/files\/2013\/03\/zemmour-39791-300x220.png\" alt=\"\" width=\"300\" height=\"220\" srcset=\"https:\/\/blog.causeur.fr\/asiledeblog\/wp-content\/uploads\/sites\/10\/2013\/03\/zemmour-39791-300x220.png 300w, https:\/\/blog.causeur.fr\/asiledeblog\/wp-content\/uploads\/sites\/10\/2013\/03\/zemmour-39791.png 500w\" sizes=\"auto, (max-width: 300px) 100vw, 300px\" \/><\/a><\/p>\n<p>Ambiance rock and roll, l\u2019autre vendredi, sur Paris Premi\u00e8re : le couple Zemmour-Naulleau recevait Christine Boutin. En une demi-heure, on aura entendu l\u00e0 plus de propos d\u00e9coiffants qu\u2019en un an d\u2019Yves Calvi ou un si\u00e8cle de <em>Grand Journal<\/em>.<!--more--><\/p>\n<p>C\u2019est Naulleau qui attaque, au sujet de la renonciation de Beno\u00eet XVI. Ce catho-l\u00e0, ath\u00e9e, certes, mais \u00a0 \u00a0\u00a0 <em>\u00ab baptis\u00e9 \u00e0 trois jours \u00bb<\/em>, se dit choqu\u00e9 par ce pape qui se croit autoris\u00e9 \u00e0 renoncer <em>motu proprio <\/em>\u00e0 <em>\u00ab la part de sacr\u00e9 attach\u00e9e \u00e0 sa fonction \u00bb<\/em>.<\/p>\n<p>Zemmour, un peu plus cr\u00e9dible dans le r\u00f4le de d\u00e9fenseur de la tradition, pr\u00e9cise l\u2019accusation : <em>\u00ab Le pape est l\u00e0 par la volont\u00e9 de Dieu, et c\u2019est \u00e0 Lui seul de mettre fin \u00e0 sa charge ! \u00bb <\/em>(en le rappelant \u00e0 Lui). Alors, <em>\u00ab qu\u2019est-ce que c\u2019est que ce type <\/em>[sic] <em>qui contrevient \u00e0 la Loi divine pour convenances personnelles ? Un moderne ! \u00bb<\/em>\u2026 Et dans sa bouche, on sent bien que ce n\u2019est pas un compliment.<\/p>\n<p>La berg\u00e8re Boutin tente, en vain, de ramener au Bon Pasteur ces brebis \u00e9gar\u00e9es : <em>\u00ab Le Saint-P\u00e8re a pris sa d\u00e9cision en conscience, dans un dialogue intime avec Dieu qui s\u2019appelle la pri\u00e8re\u2026 Vous devriez essayer de prier, tous les deux ! \u00bb <\/em>(Sourires polis.)<\/p>\n<p>Elle aura plus de chance avec Zemmour en \u00e9voquant <em>\u00ab de gros probl\u00e8mes \u00e0 la curie \u00bb<\/em>. Ravi qu\u2019on parle enfin politique, il embraye aussit\u00f4t : <em>\u00ab\u00a0Il y a une vraie opposition entre la curie moderniste et Beno\u00eet XVI, qui veut revenir \u00e0 la tradition. Le pape renonce avant d\u2019\u00eatre trop faible pour mener ce combat\u2026\u00a0\u00bb<br \/>\n<\/em><\/p>\n<p>Sur cette base, Christine et \u00c9ric ne vont pas tarder \u00e0 se r\u00e9concilier\u2026 sur le dos de Naulleau. Il faut dire aussi que l\u2019autre les a un peu cherch\u00e9s, avec sa provoc sur le \u201cmariage pour tous\u201d : <em>\u00ab Depuis le temps qu\u2019on en d\u00e9bat, je n\u2019ai pas entendu un seul argument valable contre cette loi ! \u00bb<\/em><\/p>\n<p><em>\u00ab Mais le mariage, c\u2019est la filiation ! <\/em>s\u2019indigne Boutin. <em>Je l\u2019avais d\u00e9j\u00e0 expliqu\u00e9, il y a quinze ans : aujourd\u2019hui le pacs, demain le mariage et l\u2019adoption ! On y est\u2026 \u00bb <\/em>Zemmour, lui, pr\u00e9f\u00e8re donner dans la m\u00e9taphore sportive : <em>\u00ab Au foot on joue \u00e0 11, pas \u00e0 14, n\u2019est-ce pas ? Eh bien l\u00e0, c\u2019est pareil : le mariage, c\u2019est un homme et une femme, un point c\u2019est tout ! \u00bb.<\/em><\/p>\n<p>Sur le <em>\u00ab changement de civilisation \u00bb <\/em>annonc\u00e9 par Mme Taubira, Christine appelle solennellement le pr\u00e9sident \u00e0 en r\u00e9f\u00e9rer au peuple souverain \u2014 et Naulleau de s\u2019\u00e9touffer : <em>\u00ab Au nom de quoi un lobby confessionnel exigerait-il le retrait d\u2019une loi d\u00e9j\u00e0 vot\u00e9e par l\u2019Assembl\u00e9e ? \u00bb \u00ab C\u2019est pourtant bien un lobby homosexuel qui a impos\u00e9 cette loi ! \u00bb<\/em>, r\u00e9torque Zemmour.<\/p>\n<p><em>\u00ab Mais la famille moderne ne correspond plus \u00e0\u2026 \u00bb<\/em>, tente encore \u00c9ric N., interrompu par son coll\u00e8gue \u00c9ric Z., faussement exasp\u00e9r\u00e9 : <em>\u00ab C\u2019est quoi, \u201cmoderne\u201d, \u00e0 la fin ? M\u00eame Mme Boutin se pr\u00e9tend moderne, maintenant, quand il s\u2019agit du pape ! Tout fout le camp ! \u00bb<\/em><\/p>\n<p>D\u00e9cid\u00e9ment, face \u00e0 la modernitude, l\u2019ironie fait plus que la sainte col\u00e8re!<\/p>\n","protected":false},"excerpt":{"rendered":"<p>\u00ab\u00a0Zemmour vs. Boutin : il y a plusieurs demeures dans la maison de la R\u00e9action&#8230;\u00a0\u00bb Ambiance rock and roll, l\u2019autre vendredi, sur Paris Premi\u00e8re : le couple Zemmour-Naulleau recevait Christine Boutin. En une demi-heure, on aura entendu l\u00e0 plus de propos d\u00e9coiffants qu\u2019en un an d\u2019Yves Calvi ou un si\u00e8cle de Grand Journal.<\/p>\n","protected":false},"author":9,"featured_media":0,"comment_status":"open","ping_status":"open","sticky":false,"template":"","format":"standard","meta":{"footnotes":""},"categories":[1],"tags":[40,492],"class_list":{"0":"post-1812","1":"post","2":"type-post","3":"status-publish","4":"format-standard","6":"category-non-classe","7":"tag-benoit-xvi","8":"tag-paris-premiere"},"_links":{"self":[{"href":"https:\/\/blog.causeur.fr\/asiledeblog\/wp-json\/wp\/v2\/posts\/1812","targetHints":{"allow":["GET"]}}],"collection":[{"href":"https:\/\/blog.causeur.fr\/asiledeblog\/wp-json\/wp\/v2\/posts"}],"about":[{"href":"https:\/\/blog.causeur.fr\/asiledeblog\/wp-json\/wp\/v2\/types\/post"}],"author":[{"embeddable":true,"href":"https:\/\/blog.causeur.fr\/asiledeblog\/wp-json\/wp\/v2\/users\/9"}],"replies":[{"embeddable":true,"href":"https:\/\/blog.causeur.fr\/asiledeblog\/wp-json\/wp\/v2\/comments?post=1812"}],"version-history":[{"count":0,"href":"https:\/\/blog.causeur.fr\/asiledeblog\/wp-json\/wp\/v2\/posts\/1812\/revisions"}],"wp:attachment":[{"href":"https:\/\/blog.causeur.fr\/asiledeblog\/wp-json\/wp\/v2\/media?parent=1812"}],"wp:term":[{"taxonomy":"category","embeddable":true,"href":"https:\/\/blog.causeur.fr\/asiledeblog\/wp-json\/wp\/v2\/categories?post=1812"},{"taxonomy":"post_tag","embeddable":true,"href":"https:\/\/blog.causeur.fr\/asiledeblog\/wp-json\/wp\/v2\/tags?post=1812"}],"curies":[{"name":"wp","href":"https:\/\/api.w.org\/{rel}","templated":true}]}}