{"id":1817,"date":"2013-03-07T13:11:18","date_gmt":"2013-03-07T13:11:18","guid":{"rendered":"http:\/\/blog.causeur.fr\/asiledeblog\/?p=1817"},"modified":"2021-04-26T12:57:20","modified_gmt":"2021-04-26T10:57:20","slug":"orthodoxie-catholique","status":"publish","type":"post","link":"https:\/\/blog.causeur.fr\/asiledeblog\/orthodoxie-catholique-1817","title":{"rendered":"Orthodoxie catholique"},"content":{"rendered":"<p><a href=\"http:\/\/blog.causeur.fr\/asiledeblog\/orthodoxie-catholique,001817\/jean-franc%cc%a7ois-colosimo-3980-2\" rel=\"attachment wp-att-1819\"><img loading=\"lazy\" decoding=\"async\" class=\"alignleft size-medium wp-image-1819\" src=\"http:\/\/blog.causeur.fr\/asiledeblog\/files\/2013\/03\/Jean-Franc%CC%A7ois-Colosimo-39801-300x169.png\" alt=\"\" width=\"300\" height=\"169\" \/><\/a>L<em>es dossiers secrets du Vatican <\/em>: tel \u00e9tait l\u2019intitul\u00e9, all\u00e9chant mais trompeur, du <em>C dans l\u2019air <\/em>diffus\u00e9 mardi pass\u00e9 sur France 5. En fait de \u201csecrets\u201d, par d\u00e9finition, on en est r\u00e9duit aux supputations. Mais qu\u2019importe ! La vraie question martel\u00e9e ce soir-l\u00e0 par Yves Calvi, avec sa batterie de SMS s\u00e9lectionn\u00e9s <em>\u00ab en direct \u00bb<\/em>, c\u2019est plut\u00f4t : \u201cL\u2019\u00c9glise va-t-elle enfin s\u2019adapter au monde, ou pr\u00e9f\u00e8re-t-elle crever ? \u201d<br \/>\n<!--more--><\/p>\n<p>Pour en d\u00e9battre, un plateau assez conforme, somme toute, aux rapports de force actuels entre d\u00e9fenseurs et procureurs du \u201cpape sortant\u201d. \u00c0 droite de l\u2019\u00e9cran donc, la sympathique Isabelle de Gaulmyn <em>(la Croix) <\/em>et Jean-Fran\u00e7ois Colosimo, th\u00e9ologien subtil et pr\u00e9sident du Centre national du livre. Face \u00e0 eux l\u2019\u00e9tonnant historien des religions Odon Vallet, lammenaisien tardif, et surtout le redoutable Christian Terras, directeur de la revue postchr\u00e9tienne <em>Golias<\/em>. Ce mec-l\u00e0, <em>\u00ab il est terrible \u00bb<\/em>, comme disait Johnny Hallyday dans un autre contexte : il croit toujours qu\u2019il sait, et il croit m\u00eame qu\u2019il croit ! Mais en quoi, au juste ?<\/p>\n<p>\u00c9coutons-le r\u00e9pondre aux fameuses <em>\u00ab questions des t\u00e9l\u00e9spectateurs \u00bb<\/em>. La renonciation de Ratzinger ? Rien de plus simple ! L\u2019homme n\u2019\u00e9tait pas seulement vieux et fatigu\u00e9, mais carr\u00e9ment \u00e0 plat. Christian a m\u00eame un scoop : apr\u00e8s Vati-Leaks et l\u2019affaire du \u201clobby gay\u201d, <em>\u00ab certains proches \u00e0 Rome m\u2019ont dit qu\u2019il \u00e9tait tomb\u00e9 en d\u00e9pression \u00bb<\/em>.<\/p>\n<p>Beno\u00eet XVI sous Prozac ? L\u2019hypoth\u00e8se fait sourire Colosimo. Au lieu de sp\u00e9culer vainement sur les \u00e9tats d\u2019\u00e2me putatifs du successeur de Pierre, pourquoi ne pas explorer d\u2019autres pistes ? Puisque ce fut essentiellement un <em>\u00ab pape th\u00e9ologien \u00bb<\/em>, comme on nous le r\u00e9p\u00e8te en boucle depuis trois semaines, pourquoi ne pas chercher une explication th\u00e9ologique \u00e0 sa d\u00e9cision ?<\/p>\n<p>\u00c0 cette aune, dit-il, la renonciation de Beno\u00eet XVI fut tout sauf un renoncement. Il ne s\u2019agissait pas pour lui de <em>\u00ab passer la main au plus vite \u00bb<\/em>, comme croit savoir Christian, mais au contraire d\u2019\u00eatre l\u00e0 pour rendre \u00e0 l\u2019\u00c9glise un ultime service : peser, de son vivant, sur le choix de son successeur. Une t\u00e2che d\u2019autant plus indiqu\u00e9e que notre pape \u00e9m\u00e9rite a lui-m\u00eame \u00e9lu la moiti\u00e9 des votants !<\/p>\n<p>Faute de pouvoir tout raconter, et quitte \u00e0 zapper, h\u00e9las, quelques autres scoops \u201cterrassants\u201d, venons-en au <em>happy ending<\/em>. \u00c0 l\u2019ultime question SMS <em>\u00ab Quel pape pour l\u2019avenir ? \u00bb<\/em>, Mme de Gaulmyn, journaliste de terrain, a sa r\u00e9ponse : <em>\u00ab Que \u00e7a plaise ou non <\/em>[suivez son regard]<em>, les jeunes g\u00e9n\u00e9rations sont plus demandeuses de transcendance et de foi que de r\u00e9formes structurelles. \u00bb <\/em>Traduction du Colos de Paris : le prochain pape devra surtout poursuivre le mouvement engag\u00e9 depuis trente-cinq ans par ses deux pr\u00e9d\u00e9cesseurs : <em>\u00ab r\u00e9inscrire l\u2019\u00c9glise dans la verticalit\u00e9, la discipline et la tradition \u00bb<\/em>.<\/p>\n<p>Rien \u00e0 dire, sauf peut-\u00eatre sur l\u2019\u00e9tat de cette ex-<em>\u00ab fille a\u00een\u00e9e de l\u2019\u00c9glise \u00bb <\/em>qui, pour \u00eatre rappel\u00e9e \u00e0 la vraie foi catholique, a besoin d\u00e9sormais de th\u00e9ologiens orthodoxes\u2026<\/p>\n<p>Publi\u00e9 dans Valeurs Actuelles, le jeudi 7 mars 2013<\/p>\n","protected":false},"excerpt":{"rendered":"<p>Les dossiers secrets du Vatican : tel \u00e9tait l\u2019intitul\u00e9, all\u00e9chant mais trompeur, du C dans l\u2019air diffus\u00e9 mardi pass\u00e9 sur France 5. En fait de \u201csecrets\u201d, par d\u00e9finition, on en est r\u00e9duit aux supputations. Mais qu\u2019importe ! La vraie question martel\u00e9e ce soir-l\u00e0 par Yves Calvi, avec sa batterie de SMS s\u00e9lectionn\u00e9s \u00ab en direct [&hellip;]<\/p>\n","protected":false},"author":9,"featured_media":0,"comment_status":"open","ping_status":"open","sticky":false,"template":"","format":"standard","meta":{"footnotes":""},"categories":[1],"tags":[40,498,497,496,494],"class_list":{"0":"post-1817","1":"post","2":"type-post","3":"status-publish","4":"format-standard","6":"category-non-classe","7":"tag-benoit-xvi","8":"tag-c-dans-lair","9":"tag-christian-terras","10":"tag-jean-francois-colosimo","11":"tag-yves-calvi"},"_links":{"self":[{"href":"https:\/\/blog.causeur.fr\/asiledeblog\/wp-json\/wp\/v2\/posts\/1817","targetHints":{"allow":["GET"]}}],"collection":[{"href":"https:\/\/blog.causeur.fr\/asiledeblog\/wp-json\/wp\/v2\/posts"}],"about":[{"href":"https:\/\/blog.causeur.fr\/asiledeblog\/wp-json\/wp\/v2\/types\/post"}],"author":[{"embeddable":true,"href":"https:\/\/blog.causeur.fr\/asiledeblog\/wp-json\/wp\/v2\/users\/9"}],"replies":[{"embeddable":true,"href":"https:\/\/blog.causeur.fr\/asiledeblog\/wp-json\/wp\/v2\/comments?post=1817"}],"version-history":[{"count":0,"href":"https:\/\/blog.causeur.fr\/asiledeblog\/wp-json\/wp\/v2\/posts\/1817\/revisions"}],"wp:attachment":[{"href":"https:\/\/blog.causeur.fr\/asiledeblog\/wp-json\/wp\/v2\/media?parent=1817"}],"wp:term":[{"taxonomy":"category","embeddable":true,"href":"https:\/\/blog.causeur.fr\/asiledeblog\/wp-json\/wp\/v2\/categories?post=1817"},{"taxonomy":"post_tag","embeddable":true,"href":"https:\/\/blog.causeur.fr\/asiledeblog\/wp-json\/wp\/v2\/tags?post=1817"}],"curies":[{"name":"wp","href":"https:\/\/api.w.org\/{rel}","templated":true}]}}