{"id":1825,"date":"2013-03-14T16:48:56","date_gmt":"2013-03-14T16:48:56","guid":{"rendered":"http:\/\/blog.causeur.fr\/asiledeblog\/?p=1825"},"modified":"2021-04-26T12:57:20","modified_gmt":"2021-04-26T10:57:20","slug":"curee-chez-ruquier","status":"publish","type":"post","link":"https:\/\/blog.causeur.fr\/asiledeblog\/curee-chez-ruquier-1825","title":{"rendered":"Cur\u00e9e chez Ruquier"},"content":{"rendered":"<p><strong>D\u00e9cid\u00e9ment, l\u2019ins\u00e9curit\u00e9 est partout\u00a0: la bande \u00e0 Ruquier a surpris le journaliste Laurent Obertone en flagrant d\u00e9lit d\u2019opinion\u00a0!<\/strong><\/p>\n<p><a href=\"http:\/\/blog.causeur.fr\/asiledeblog\/curee-chez-ruquier,001825\/obertone-2\" rel=\"attachment wp-att-1827\"><img loading=\"lazy\" decoding=\"async\" class=\"alignleft size-medium wp-image-1827\" src=\"http:\/\/blog.causeur.fr\/asiledeblog\/files\/2013\/03\/obertone1-300x172.jpg\" alt=\"\" width=\"300\" height=\"172\" srcset=\"https:\/\/blog.causeur.fr\/asiledeblog\/wp-content\/uploads\/sites\/10\/2013\/03\/obertone1-300x172.jpg 300w, https:\/\/blog.causeur.fr\/asiledeblog\/wp-content\/uploads\/sites\/10\/2013\/03\/obertone1.jpg 606w\" sizes=\"auto, (max-width: 300px) 100vw, 300px\" \/><\/a><\/p>\n<p>Je n\u2019aurais pas aim\u00e9 \u00eatre \u00e0 la place de Laurent Obertone, l\u2019autre samedi \u00e0 <em>On n\u2019est pas couch\u00e9<\/em>. Bien s\u00fbr il devait s\u2019attendre \u00e0 \u00eatre le \u00ab\u00a0r\u00e9ac de service\u00a0\u00bb, en tant qu\u2019auteur de <em>La France Orange m\u00e9canique<\/em> (cf. Valeurs actuelles n\u00b03973). Il y dresse, chiffres \u00e0 l\u2019appui, un tableau d\u00e9sastreux de l\u2019ins\u00e9curit\u00e9, allant jusqu\u2019\u00e0 parler d\u2019\u00a0\u00ab\u00a0<em>ensauvagement<\/em>\u00a0\u00bb de la France.<\/p>\n<p>Malgr\u00e9 un fort mauvais accueil de la bonne presse, le bouquin est en t\u00eate des ventes partout \u2013 sauf \u00e0 la Fnac, qui l\u2019a retir\u00e9 de la liste des best-sellers\u2026 mais pas de ses rayons\u00a0!\u00a0Pour \u00eatre \u00ab\u00a0citoyen\u00a0\u00bb, on n\u2019en est pas moins commer\u00e7ant.<!--more--><\/p>\n<p>M\u00eame d\u00e9marche de la part de Ruquier\u00a0: il assure le show en recevant l\u2019auteur de ce livre \u00e9v\u00e9nement, mais c\u2019est pour mieux le d\u00e9zinguer. Jamais on n\u2019avait vu le gentil animateur sortir \u00e0 ce point de son \u00a0r\u00f4le\u00a0: l\u2019amuseur se fait procureur et conduit lui-m\u00eame l\u2019interrogatoire du pr\u00e9venu, accus\u00e9 des pires arri\u00e8re-pens\u00e9es.<\/p>\n<p>Et d\u2019abord qui est-il vraiment, cet \u00ab\u00a0Obertone\u00a0\u00bb qui se cache derri\u00e8re un pseudo sous pr\u00e9texte de \u00ab\u00a0<em>prot\u00e9ger les siens\u00a0<\/em>\u00bb\u00a0? Ne chercherait-il pas plut\u00f4t \u00e0 dissimuler son pass\u00e9 d\u2019auteur d\u2019un \u00ab\u00a0<em>blog odieux, que je n\u2019ose m\u00eame pas citer<\/em>\u00a0\u00bb\u00a0? , insinue Ruquier \u2013 reprenant ainsi \u00e0 son compte un ragot sign\u00e9 <em>Mediapart\u2026 <\/em>Certes, le vrai blogueur s\u2019est identifi\u00e9 entre temps \u2013 mais il n\u2019y a pas de fum\u00e9e sans feu, n\u2019est ce pas\u00a0? Une chose est s\u00fbre en tout cas\u00a0: sous une avalanche de chiffres, ce pamphlet v\u00e9hicule subliminalement des th\u00e8ses \u00ab\u00a0<em>ultra-s\u00e9curitaires\u00a0<\/em>\u00bb, voire \u00ab\u00a0<em>racistes<\/em>\u00a0\u00bb\u2026<\/p>\n<p>Au terme de cette pr\u00e9sentation nuanc\u00e9e, le meneur de jeu organise en toute innocence un \u00ab\u00a0tour de table\u00a0\u00bb des invit\u00e9s\u00a0: \u00ab<em> \u00c7a vous donne envie de lire ce livre\u00a0?<\/em>\u00a0\u00bb D\u2019une seule voix les cinq com\u00e9diens pr\u00e9sents se r\u00e9crient, et le comique de service en rajoute\u00a0: \u00ab\u00a0<em>haine<\/em>\u00a0\u00bb, \u00ab\u00a0<em>stigmatisation des immigr\u00e9s\u00a0<\/em>\u00bb, \u00ab\u00a0<em>jeu du FN\u00a0<\/em>\u00bb\u2026 Tout y passe\u00a0! Une heure durant, Ruquier va ainsi organiser la cur\u00e9e, multipliant les piques contre la proie et les encouragements aux pr\u00e9dateurs.<\/p>\n<p>C\u00f4t\u00e9 chroniqueurs, Natacha Polony, seule susceptible de r\u00e9\u00e9quilibrer le \u00ab\u00a0d\u00e9bat\u00a0\u00bb, fait cruellement regretter Zemmour. Pas un mot en d\u00e9fense de la victime propitiatoire \u2013 sauf pour l\u2019interroger sur ses \u00ab\u00a0<em>valeurs\u00a0<\/em>\u00bb\u2026<\/p>\n<p>Fameuse prestation en revanche de son coll\u00e8gue Aymeric Caron \u2013 dont la mauvaise foi et la hargne progressistes ne sont jamais prises en d\u00e9faut\u00a0: \u00ab\u00a0<em>Ce livre est absolument odieux\u00a0! C\u2019est un manifeste raciste bourr\u00e9 de haine, et je p\u00e8se mes mots\u00a0!\u00a0<\/em>\u00bb articule-t-il, la voix blanche et les yeux revolver. Avant de conclure par un de ces coups de pied de l\u2019\u00e2ne qui sont aussi sa signature\u00a0:\u00a0\u00ab\u00a0<em>C \u2019est le livre de chevet de Mme Le Pen\u00a0!\u00a0<\/em>\u00bb Que dire \u00e0 cela\u00a0? \u2026 On esp\u00e8re seulement que la dame en question n\u2019appr\u00e9cie pas trop <em>Madame Bovary<\/em> \u2013 auquel cas il nous faudrait sans doute \u00ab\u00a0revisiter\u00a0\u00bb tout Flaubert\u00a0!<\/p>\n<p>Tr\u00eave de plaisanteries, il para\u00eet plus exp\u00e9dient de revisiter le cas du sieur Aymeric lui-m\u00eame, \u00e0 la lumi\u00e8re du jugement de son pr\u00e9d\u00e9cesseur Naulleau\u00a0: \u00ab\u00a0<em>Dans le nom de Caron, il y a deux lettres de trop\u00a0<\/em>\u00bb.<\/p>\n<p>&nbsp;<\/p>\n<p>Article publi\u00e9 dans Valeurs actuelles, le jeudi 14 mars 2013<\/p>\n","protected":false},"excerpt":{"rendered":"<p>D\u00e9cid\u00e9ment, l\u2019ins\u00e9curit\u00e9 est partout\u00a0: la bande \u00e0 Ruquier a surpris le journaliste Laurent Obertone en flagrant d\u00e9lit d\u2019opinion\u00a0! Je n\u2019aurais pas aim\u00e9 \u00eatre \u00e0 la place de Laurent Obertone, l\u2019autre samedi \u00e0 On n\u2019est pas couch\u00e9. Bien s\u00fbr il devait s\u2019attendre \u00e0 \u00eatre le \u00ab\u00a0r\u00e9ac de service\u00a0\u00bb, en tant qu\u2019auteur de La France Orange m\u00e9canique [&hellip;]<\/p>\n","protected":false},"author":9,"featured_media":0,"comment_status":"open","ping_status":"open","sticky":false,"template":"","format":"standard","meta":{"footnotes":""},"categories":[1],"tags":[501,499,264,283,500],"class_list":{"0":"post-1825","1":"post","2":"type-post","3":"status-publish","4":"format-standard","6":"category-non-classe","7":"tag-aymeric-caron","8":"tag-laurent-obertone","9":"tag-laurent-ruquier","10":"tag-natacha-polony","11":"tag-on-nest-pas-couche"},"_links":{"self":[{"href":"https:\/\/blog.causeur.fr\/asiledeblog\/wp-json\/wp\/v2\/posts\/1825","targetHints":{"allow":["GET"]}}],"collection":[{"href":"https:\/\/blog.causeur.fr\/asiledeblog\/wp-json\/wp\/v2\/posts"}],"about":[{"href":"https:\/\/blog.causeur.fr\/asiledeblog\/wp-json\/wp\/v2\/types\/post"}],"author":[{"embeddable":true,"href":"https:\/\/blog.causeur.fr\/asiledeblog\/wp-json\/wp\/v2\/users\/9"}],"replies":[{"embeddable":true,"href":"https:\/\/blog.causeur.fr\/asiledeblog\/wp-json\/wp\/v2\/comments?post=1825"}],"version-history":[{"count":0,"href":"https:\/\/blog.causeur.fr\/asiledeblog\/wp-json\/wp\/v2\/posts\/1825\/revisions"}],"wp:attachment":[{"href":"https:\/\/blog.causeur.fr\/asiledeblog\/wp-json\/wp\/v2\/media?parent=1825"}],"wp:term":[{"taxonomy":"category","embeddable":true,"href":"https:\/\/blog.causeur.fr\/asiledeblog\/wp-json\/wp\/v2\/categories?post=1825"},{"taxonomy":"post_tag","embeddable":true,"href":"https:\/\/blog.causeur.fr\/asiledeblog\/wp-json\/wp\/v2\/tags?post=1825"}],"curies":[{"name":"wp","href":"https:\/\/api.w.org\/{rel}","templated":true}]}}