{"id":1828,"date":"2013-03-21T10:12:37","date_gmt":"2013-03-21T10:12:37","guid":{"rendered":"http:\/\/blog.causeur.fr\/asiledeblog\/?p=1828"},"modified":"2021-04-26T12:57:20","modified_gmt":"2021-04-26T10:57:20","slug":"ciao-borsalino","status":"publish","type":"post","link":"https:\/\/blog.causeur.fr\/asiledeblog\/ciao-borsalino-1828","title":{"rendered":"Ciao \u201cBorsalino\u201d !"},"content":{"rendered":"<p><strong>A Marseille d\u00e9sormais, le moindre diff\u00e9rend commercial entre dealers de shit se r\u00e8gle \u00e0 l&rsquo;arme lourde&#8230;Mais o\u00f9 sont les gangsters d&rsquo;antan ?<\/strong><\/p>\n<p><a href=\"http:\/\/blog.causeur.fr\/asiledeblog\/ciao-%e2%80%9cborsalino%e2%80%9d,001828\/reglement-de-compte-3982-2\" rel=\"attachment wp-att-1832\"><img loading=\"lazy\" decoding=\"async\" class=\"alignleft size-full wp-image-1832\" src=\"http:\/\/blog.causeur.fr\/asiledeblog\/files\/2013\/03\/Reglement-de-compte-39821.png\" alt=\"\" width=\"300\" height=\"194\" \/><\/a>Samedi dernier, vers 1 heure du matin, le corps d\u2019un homme a \u00e9t\u00e9 retrouv\u00e9 carbonis\u00e9 \u00e0 l\u2019int\u00e9rieur d\u2019un v\u00e9hicule, dans une cit\u00e9 des quartiers nord de Marseille. C\u2019\u00e9tait le quatri\u00e8me r\u00e8glement de comptes meurtrier en quinze jours. Au cours de l\u2019ann\u00e9e 2012, on n\u2019en avait d\u00e9nombr\u00e9 \u201cque\u201d vingt-quatre, auxquels il convient quand m\u00eame d\u2019ajouter les trente tentatives rat\u00e9es \u2014 sans parler des onze mille vols avec violence et cinq cents agressions \u00e0 main arm\u00e9e.<br \/>\n<!--more--><\/p>\n<p>Pourquoi un tel d\u00e9cha\u00eenement ? C\u2019est la question que tente de d\u00e9m\u00ealer le documentaire diffus\u00e9 sur Plan\u00e8te Plus, <em>Marseille Story, une histoire de la violence<\/em>. Malgr\u00e9 l\u2019a priori en vogue (pauvret\u00e9 = d\u00e9linquance), une enqu\u00eate s\u00e9rieuse qui donne la parole \u00e0 des sp\u00e9cialistes aux points de vue compl\u00e9mentaires.<\/p>\n<p>La mauvaise r\u00e9putation de Marseille ne date pas d\u2019hier. Louis XIV d\u00e9j\u00e0, \u00e0 la suite d\u2019une insurrection malvenue, y avait fait construire des forts dont les canons pouvaient \u00e0 tout moment se tourner contre la population.<\/p>\n<p>Un si\u00e8cle plus tard, sous pr\u00e9texte de R\u00e9volution fran\u00e7aise, la cit\u00e9 phoc\u00e9enne avait manifest\u00e9 d\u2019incongrues vell\u00e9it\u00e9s d\u2019ind\u00e9pendance \u2014 convenablement r\u00e9prim\u00e9es par le pouvoir jacobin. En 1795, le conventionnel Fr\u00e9ron, recycl\u00e9 par le Directoire, lui adressait un rapport sans appel sur l\u2019\u00e9tat des lieux : <em>\u00ab Marseille est incurable \u00e0 jamais, \u00e0 moins d\u2019une d\u00e9portation massive de tous les habitants et d\u2019une transfusion d\u2019hommes du Nord. \u00bb<\/em><\/p>\n<p>Faute d\u2019une mesure aussi drastique, ce sont plut\u00f4t des hommes du Sud, \u00e0 commencer par des Corses et des Italiens, qui vont d\u00e9barquer \u00e0 Marseille et la d\u00e9barrasser des nervis du Vieux-Port en lui inculquant leur culture mafieuse. Ces bandits-l\u00e0 ont une strat\u00e9gie : prendre le contr\u00f4le de toutes les activit\u00e9s ill\u00e9gales tout en se rendant indispensables aux autorit\u00e9s l\u00e9gales. Un plan qui, pour \u00eatre men\u00e9 \u00e0 bien, exige de la discipline, le respect des anciens et m\u00eame un certain \u201ccode d\u2019honneur\u201d.<\/p>\n<p>Mais tout \u00e7a, c\u2019\u00e9tait au bon vieux temps de <em>Borsalino<\/em>, c\u2019est-\u00e0-dire de Carbone et Spirito \u2014 puis, pour cause de Lib\u00e9ration, de leurs concurrents les fr\u00e8res Gu\u00e9rini, Nick Venturi et autres pointures\u2026<\/p>\n<p>Aujourd\u2019hui, la p\u00e8gre de papa a c\u00e9d\u00e9 la place \u00e0 des petits ca\u00efds, le cran d\u2019arr\u00eat au kalachnikov et la d\u00e9linquance organis\u00e9e \u00e0 l\u2019ultraviolence aveugle. Pour marquer son territoire \u2014 une cit\u00e9, voire un immeuble \u2014, on n\u2019h\u00e9site plus \u00e0 se flinguer entre amis, et certains petits chefs ne durent que trois mois\u2026<\/p>\n<p>Bref, dans la cit\u00e9 phoc\u00e9enne, l\u2019<em>\u201c<\/em>ensauvagement<em>\u201d <\/em>diagnostiqu\u00e9 par Laurent Obertone a commenc\u00e9 par la d\u00e9linquance. Comme le dit fort bien Manuel Valls (<em>la Provence<\/em>, vendredi 15 mars), <em>\u00ab les Marseillais sont en proie au d\u00e9sarroi face \u00e0 la violence meurtri\u00e8re qui gangr\u00e8ne leur ville. Cette violence trouve sa source essentiellement dans certains quartiers totalement soumis aux trafics de stup\u00e9fiants \u00bb<\/em>. Fameux discours d\u2019opposant ! Mais comment en finir avec ces trafics, cette violence meurtri\u00e8re, ce d\u00e9sarroi ? On verra bien quand il sera ministre.<\/p>\n<p>Publi\u00e9 dans Valeurs actuelles, le jeudi 21 mars 2013<\/p>\n","protected":false},"excerpt":{"rendered":"<p>A Marseille d\u00e9sormais, le moindre diff\u00e9rend commercial entre dealers de shit se r\u00e8gle \u00e0 l&rsquo;arme lourde&#8230;Mais o\u00f9 sont les gangsters d&rsquo;antan ? Samedi dernier, vers 1 heure du matin, le corps d\u2019un homme a \u00e9t\u00e9 retrouv\u00e9 carbonis\u00e9 \u00e0 l\u2019int\u00e9rieur d\u2019un v\u00e9hicule, dans une cit\u00e9 des quartiers nord de Marseille. C\u2019\u00e9tait le quatri\u00e8me r\u00e8glement de comptes [&hellip;]<\/p>\n","protected":false},"author":9,"featured_media":0,"comment_status":"open","ping_status":"open","sticky":false,"template":"","format":"standard","meta":{"footnotes":""},"categories":[1],"tags":[499,503],"class_list":{"0":"post-1828","1":"post","2":"type-post","3":"status-publish","4":"format-standard","6":"category-non-classe","7":"tag-laurent-obertone","8":"tag-manuel-valls"},"_links":{"self":[{"href":"https:\/\/blog.causeur.fr\/asiledeblog\/wp-json\/wp\/v2\/posts\/1828","targetHints":{"allow":["GET"]}}],"collection":[{"href":"https:\/\/blog.causeur.fr\/asiledeblog\/wp-json\/wp\/v2\/posts"}],"about":[{"href":"https:\/\/blog.causeur.fr\/asiledeblog\/wp-json\/wp\/v2\/types\/post"}],"author":[{"embeddable":true,"href":"https:\/\/blog.causeur.fr\/asiledeblog\/wp-json\/wp\/v2\/users\/9"}],"replies":[{"embeddable":true,"href":"https:\/\/blog.causeur.fr\/asiledeblog\/wp-json\/wp\/v2\/comments?post=1828"}],"version-history":[{"count":0,"href":"https:\/\/blog.causeur.fr\/asiledeblog\/wp-json\/wp\/v2\/posts\/1828\/revisions"}],"wp:attachment":[{"href":"https:\/\/blog.causeur.fr\/asiledeblog\/wp-json\/wp\/v2\/media?parent=1828"}],"wp:term":[{"taxonomy":"category","embeddable":true,"href":"https:\/\/blog.causeur.fr\/asiledeblog\/wp-json\/wp\/v2\/categories?post=1828"},{"taxonomy":"post_tag","embeddable":true,"href":"https:\/\/blog.causeur.fr\/asiledeblog\/wp-json\/wp\/v2\/tags?post=1828"}],"curies":[{"name":"wp","href":"https:\/\/api.w.org\/{rel}","templated":true}]}}