{"id":1846,"date":"2013-03-27T14:29:06","date_gmt":"2013-03-27T14:29:06","guid":{"rendered":"http:\/\/blog.causeur.fr\/asiledeblog\/?p=1846"},"modified":"2021-04-26T12:57:20","modified_gmt":"2021-04-26T10:57:20","slug":"des-parents-si-je-veux-quand-je-veux","status":"publish","type":"post","link":"https:\/\/blog.causeur.fr\/asiledeblog\/des-parents-si-je-veux-quand-je-veux-1846","title":{"rendered":"Des parents si je veux quand je veux !"},"content":{"rendered":"<p><a href=\"http:\/\/blog.causeur.fr\/asiledeblog\/des-parents-si-je-veux-quand-je-veux,001846\/1-4\" rel=\"attachment wp-att-1850\"><img loading=\"lazy\" decoding=\"async\" class=\"alignleft size-medium wp-image-1850\" src=\"http:\/\/blog.causeur.fr\/asiledeblog\/files\/2013\/03\/13-300x224.jpg\" alt=\"\" width=\"300\" height=\"224\" srcset=\"https:\/\/blog.causeur.fr\/asiledeblog\/wp-content\/uploads\/sites\/10\/2013\/03\/13-300x224.jpg 300w, https:\/\/blog.causeur.fr\/asiledeblog\/wp-content\/uploads\/sites\/10\/2013\/03\/13.jpg 640w\" sizes=\"auto, (max-width: 300px) 100vw, 300px\" \/><\/a>Dimanche 24 mars, Jalons Junior organisait une mini manif pour r\u00e9clamer un R\u00e9f\u00e9rindom d\u2019Iniciative Scol\u00e8re sur l\u2019autod\u00e9termination des enfants.<\/p>\n<p>Un succ\u00e8s objectif : jamais on n\u2019avait vu autant de nains dans nos rangs depuis, euh, 35 ans.<\/p>\n<p>Tout juste les esprits chagrins pourront-ils d\u00e9plorer deux petits probl\u00e8mes d\u2019ennuis :<\/p>\n<p>&#8211; Le caract\u00e8re excessivement statique de l\u2019Autre Manif, qui aura limit\u00e9 le parcours de notre cort\u00e8ge, en deux heures, du 59 au 19 av. de la Grande Arm\u00e9e ;<br \/>\n&#8211; L\u2019absence, surtout, de ces interventions polici\u00e8res contre notre petite troupe qui, le 13 janvier dernier, avaient piment\u00e9 le reportage de notre talentueux ami r\u00e9alisateur Fran\u00e7ois Godard (cf., sur ce m\u00eame site, sa vid\u00e9o \u00ab Le mariage pour personne ! \u00bb)<\/p>\n<p>Bien s\u00fbr, on aurait pu aller se faire gazer sur les Champs comme tout le monde ; mais pour les militants de Jalons Jr, c\u2019\u00e9tait d\u00e9j\u00e0 l\u2019heure du go\u00fbter.<\/p>\n<p><iframe loading=\"lazy\" title=\"Des parents si je veux quand je veux !\" frameborder=\"0\" width=\"696\" height=\"394\" src=\"https:\/\/www.dailymotion.com\/embed\/video\/xyitjz\" allowfullscreen allow=\"autoplay\"><\/iframe><\/p>\n<p>&nbsp;<\/p>\n<p>&nbsp;<\/p>\n","protected":false},"excerpt":{"rendered":"<p>Dimanche 24 mars, Jalons Junior organisait une mini manif pour r\u00e9clamer un R\u00e9f\u00e9rindom d\u2019Iniciative Scol\u00e8re sur l\u2019autod\u00e9termination des enfants. Un succ\u00e8s objectif : jamais on n\u2019avait vu autant de nains dans nos rangs depuis, euh, 35 ans. Tout juste les esprits chagrins pourront-ils d\u00e9plorer deux petits probl\u00e8mes d\u2019ennuis : &#8211; Le caract\u00e8re excessivement statique de [&hellip;]<\/p>\n","protected":false},"author":9,"featured_media":0,"comment_status":"open","ping_status":"open","sticky":false,"template":"","format":"standard","meta":{"footnotes":""},"categories":[1],"tags":[],"class_list":{"0":"post-1846","1":"post","2":"type-post","3":"status-publish","4":"format-standard","6":"category-non-classe"},"_links":{"self":[{"href":"https:\/\/blog.causeur.fr\/asiledeblog\/wp-json\/wp\/v2\/posts\/1846","targetHints":{"allow":["GET"]}}],"collection":[{"href":"https:\/\/blog.causeur.fr\/asiledeblog\/wp-json\/wp\/v2\/posts"}],"about":[{"href":"https:\/\/blog.causeur.fr\/asiledeblog\/wp-json\/wp\/v2\/types\/post"}],"author":[{"embeddable":true,"href":"https:\/\/blog.causeur.fr\/asiledeblog\/wp-json\/wp\/v2\/users\/9"}],"replies":[{"embeddable":true,"href":"https:\/\/blog.causeur.fr\/asiledeblog\/wp-json\/wp\/v2\/comments?post=1846"}],"version-history":[{"count":0,"href":"https:\/\/blog.causeur.fr\/asiledeblog\/wp-json\/wp\/v2\/posts\/1846\/revisions"}],"wp:attachment":[{"href":"https:\/\/blog.causeur.fr\/asiledeblog\/wp-json\/wp\/v2\/media?parent=1846"}],"wp:term":[{"taxonomy":"category","embeddable":true,"href":"https:\/\/blog.causeur.fr\/asiledeblog\/wp-json\/wp\/v2\/categories?post=1846"},{"taxonomy":"post_tag","embeddable":true,"href":"https:\/\/blog.causeur.fr\/asiledeblog\/wp-json\/wp\/v2\/tags?post=1846"}],"curies":[{"name":"wp","href":"https:\/\/api.w.org\/{rel}","templated":true}]}}