{"id":1852,"date":"2013-03-28T10:09:30","date_gmt":"2013-03-28T10:09:30","guid":{"rendered":"http:\/\/blog.causeur.fr\/asiledeblog\/?p=1852"},"modified":"2021-04-26T12:57:20","modified_gmt":"2021-04-26T10:57:20","slug":"patrick-senerve","status":"publish","type":"post","link":"https:\/\/blog.causeur.fr\/asiledeblog\/patrick-senerve-1852","title":{"rendered":"Patrick s\u2019\u00e9nerve"},"content":{"rendered":"<p><strong>Quand Patrick Cohen s&rsquo;attaque \u00e0 Fr\u00e9d\u00e9ric Tadde\u00ef, c&rsquo;est \u00e0 coup de boomerangs&#8230;<\/strong><\/p>\n<p><a href=\"http:\/\/blog.causeur.fr\/asiledeblog\/patrick-s%e2%80%99enerve,001852\/telesubjectif-3983-2\" rel=\"attachment wp-att-1854\"><img loading=\"lazy\" decoding=\"async\" class=\"alignleft size-medium wp-image-1854\" src=\"http:\/\/blog.causeur.fr\/asiledeblog\/files\/2013\/03\/Telesubjectif-39831-300x193.png\" alt=\"\" width=\"300\" height=\"193\" srcset=\"https:\/\/blog.causeur.fr\/asiledeblog\/wp-content\/uploads\/sites\/10\/2013\/03\/Telesubjectif-39831-300x193.png 300w, https:\/\/blog.causeur.fr\/asiledeblog\/wp-content\/uploads\/sites\/10\/2013\/03\/Telesubjectif-39831.png 500w\" sizes=\"auto, (max-width: 300px) 100vw, 300px\" \/><\/a>Connaissez-vous <em>C \u00e0 vous <\/em>? Tous les soirs \u00e0 l\u2019heure de l\u2019ap\u00e9ro, France 5 invite ses t\u00e9l\u00e9spectateurs \u00e0 un d\u00eener-d\u00e9bat convivial comme il sied, anim\u00e9 par Alessandra Sublet, h\u00f4tesse parfaite.<\/p>\n<p>Or voil\u00e0 que, le 12 mars dernier, l\u2019aimable conversation de table s\u2019est chang\u00e9e en proc\u00e8s et la salle \u00e0 manger en pr\u00e9toire. Au banc des accus\u00e9s, Fr\u00e9d\u00e9ric Tadde\u00ef, invit\u00e9 pour parler de son \u00e9mission <em>Ce soir (ou jamais !) <\/em>; et dans le r\u00f4le du procureur, Patrick Cohen, chroniqueur chez Sublet, mais surtout patron de la tranche quotidienne, le \u201c7\/9\u201d sur France Inter.<br \/>\n<!--more--><\/p>\n<p>Sous sa houlette, la matinale d\u2019Inter est devenue un mod\u00e8le de bien-pensance sectaire, aux antipodes de la libert\u00e9 de ton r\u00e9gnant chez Tadde\u00ef ; leur confrontation ne pouvait que faire des \u00e9tincelles, dont je vous ai gard\u00e9 les plus belles\u2026<\/p>\n<p>D\u2019embl\u00e9e, Patrick attaque, d\u2019un large effet de manches : <em>\u00ab Quand on anime des d\u00e9bats sur le service public, on a la responsabilit\u00e9 de ne pas donner la parole \u00e0 des cerveaux malades ! Des gens qui pensent qu\u2019on n\u2019a jamais march\u00e9 sur la Lune ou que le 11-Septembre n\u2019a pas exist\u00e9\u2026 \u00bb<\/em><\/p>\n<p>R\u00e9plique de Fr\u00e9d\u00e9ric : <em>\u00ab Et si je dis, l\u00e0, que j\u2019ai des doutes sur la version officielle concernant l\u2019assassinat de Kennedy, vous faites quoi ? Vous me d\u00e9noncez pour conspirationnisme et vous me faites arr\u00eater par la police ? <\/em><\/p>\n<p>P. C. : \u2014 <em>Euh, non, \u00e9videmment, simplement, je\u2026 Vous dites que toutes les opinions se valent\u2026<\/em><\/p>\n<p>F. T. : \u2014 <em>Je dis qu\u2019en France, tout ce qui n\u2019est pas interdit est autoris\u00e9 ! Si vous ne voulez plus que ces gens-l\u00e0 s\u2019expriment, \u00e9crivez \u00e0 votre d\u00e9put\u00e9 !<\/em><\/p>\n<p>P. C. : <em>\u2014 Dieudonn\u00e9 a quand m\u00eame \u00e9t\u00e9 condamn\u00e9 plusieurs fois\u2026<\/em><\/p>\n<p>F. T. : \u2014 <em>Il y a un certain nombre de personnalit\u00e9s qui ont \u00e9t\u00e9 condamn\u00e9es, y compris pour racisme ! \u00c7a ne vous a pas emp\u00each\u00e9 de les inviter d\u00e8s le lendemain \u2014 parce qu\u2019il se trouve que c\u2019\u00e9taient des ministres ! \u00bb<\/em><\/p>\n<p>Et Alessandra d\u2019intervenir pour calmer le jeu : <em>\u00ab Mais, Patrick, chacun a le droit de penser ce qu\u2019il veut !<\/em><\/p>\n<p>\u2014 <em>NON ! \u00bb<\/em>, rugit l\u2019autre, au comble de la fureur, d\u00e9voilant ainsi le fond de sa pens\u00e9e \u2014 non sans d\u00e9clencher l\u2019hilarit\u00e9 g\u00e9n\u00e9rale.<\/p>\n<p>Ce seront ses derni\u00e8res paroles. (Ce jour-l\u00e0, rassurez-vous !) Faute de procureur, la pr\u00e9sidente Sublet prononce logiquement le non-lieu en faveur de Tadde\u00ef, qui en profite pour transformer son ultime plaidoirie en autopromo mutine : <em>\u00ab <\/em>Ce soir (ou jamais !)<em>, c\u2019est l\u2019\u00e9mission la plus transgressive du Paf ! Des gens qu\u2019on ne voit jamais ailleurs viennent y dire des choses qu\u2019on n\u2019entend pas ailleurs\u2026 et surtout pas chez Patrick !<\/em><\/p>\n<p>\u2014 <em>C\u2019est \u00e7a, <\/em>Ce soir (ou jamais !) <em>! <\/em>s\u2019enthousiasme Alessandra Sublet <em>: retrouvez d\u00e9sormais l\u2019\u00e9mission de Fr\u00e9d\u00e9ric le vendredi \u00e0 22 h 30 sur France 2 ! \u00bb<\/em>, conclut elle devant son chroniqueur chang\u00e9 en statue de sel.<\/p>\n<p>Un grand moment de t\u00e9l\u00e9vision, vous dis-je, h\u00e9las pas rediffus\u00e9\u2026 Seuls pourront le revoir \u00e0 loisir les heureux internautes : comme on dit chez eux, ce clash a fait le <em>buzz <\/em>sur le Web !<\/p>\n<p>http:\/\/youtu.be\/N7W_nzIdtGo<\/p>\n","protected":false},"excerpt":{"rendered":"<p>Quand Patrick Cohen s&rsquo;attaque \u00e0 Fr\u00e9d\u00e9ric Tadde\u00ef, c&rsquo;est \u00e0 coup de boomerangs&#8230; Connaissez-vous C \u00e0 vous ? Tous les soirs \u00e0 l\u2019heure de l\u2019ap\u00e9ro, France 5 invite ses t\u00e9l\u00e9spectateurs \u00e0 un d\u00eener-d\u00e9bat convivial comme il sied, anim\u00e9 par Alessandra Sublet, h\u00f4tesse parfaite. Or voil\u00e0 que, le 12 mars dernier, l\u2019aimable conversation de table s\u2019est chang\u00e9e [&hellip;]<\/p>\n","protected":false},"author":9,"featured_media":0,"comment_status":"open","ping_status":"open","sticky":false,"template":"","format":"standard","meta":{"footnotes":""},"categories":[1],"tags":[506,87,508],"class_list":{"0":"post-1852","1":"post","2":"type-post","3":"status-publish","4":"format-standard","6":"category-non-classe","7":"tag-c-a-vous","8":"tag-frederic-taddei","9":"tag-patrick-cohen"},"_links":{"self":[{"href":"https:\/\/blog.causeur.fr\/asiledeblog\/wp-json\/wp\/v2\/posts\/1852","targetHints":{"allow":["GET"]}}],"collection":[{"href":"https:\/\/blog.causeur.fr\/asiledeblog\/wp-json\/wp\/v2\/posts"}],"about":[{"href":"https:\/\/blog.causeur.fr\/asiledeblog\/wp-json\/wp\/v2\/types\/post"}],"author":[{"embeddable":true,"href":"https:\/\/blog.causeur.fr\/asiledeblog\/wp-json\/wp\/v2\/users\/9"}],"replies":[{"embeddable":true,"href":"https:\/\/blog.causeur.fr\/asiledeblog\/wp-json\/wp\/v2\/comments?post=1852"}],"version-history":[{"count":0,"href":"https:\/\/blog.causeur.fr\/asiledeblog\/wp-json\/wp\/v2\/posts\/1852\/revisions"}],"wp:attachment":[{"href":"https:\/\/blog.causeur.fr\/asiledeblog\/wp-json\/wp\/v2\/media?parent=1852"}],"wp:term":[{"taxonomy":"category","embeddable":true,"href":"https:\/\/blog.causeur.fr\/asiledeblog\/wp-json\/wp\/v2\/categories?post=1852"},{"taxonomy":"post_tag","embeddable":true,"href":"https:\/\/blog.causeur.fr\/asiledeblog\/wp-json\/wp\/v2\/tags?post=1852"}],"curies":[{"name":"wp","href":"https:\/\/api.w.org\/{rel}","templated":true}]}}