{"id":1856,"date":"2013-04-04T13:09:34","date_gmt":"2013-04-04T13:09:34","guid":{"rendered":"http:\/\/blog.causeur.fr\/asiledeblog\/?p=1856"},"modified":"2021-04-26T12:57:20","modified_gmt":"2021-04-26T10:57:20","slug":"pas-si-bete-nabilla","status":"publish","type":"post","link":"https:\/\/blog.causeur.fr\/asiledeblog\/pas-si-bete-nabilla-1856","title":{"rendered":"Pas si b\u00eate, Nabilla !"},"content":{"rendered":"<p><strong>Nabila l&rsquo;a compris : \u00e0 la t\u00e9l\u00e9, mieux vaut \u00eatre une idiote connue qu&rsquo;un g\u00e9nie m\u00e9connu !<\/strong><\/p>\n<p><a href=\"http:\/\/blog.causeur.fr\/asiledeblog\/pas-si-bete-nabilla,001856\/nabilla-3984-2\" rel=\"attachment wp-att-1861\"><img loading=\"lazy\" decoding=\"async\" class=\"alignleft size-medium wp-image-1861\" src=\"http:\/\/blog.causeur.fr\/asiledeblog\/files\/2013\/04\/Nabilla-39841-300x206.png\" alt=\"\" width=\"300\" height=\"206\" srcset=\"https:\/\/blog.causeur.fr\/asiledeblog\/wp-content\/uploads\/sites\/10\/2013\/04\/Nabilla-39841-300x206.png 300w, https:\/\/blog.causeur.fr\/asiledeblog\/wp-content\/uploads\/sites\/10\/2013\/04\/Nabilla-39841.png 500w\" sizes=\"auto, (max-width: 300px) 100vw, 300px\" \/><\/a>L\u2019\u00e9v\u00e9nement t\u00e9l\u00e9 de la saison, \u00e0 coup s\u00fbr, c\u2019est l\u2019apparition sur nos radars de Nabilla, nouvelle \u00e9toile au ciel des <em>Anges de la t\u00e9l\u00e9r\u00e9alit\u00e9 <\/em>(NRJ12). Inconnue du grand public il y a six semaines encore, cette brune coruscante a su s\u2019imposer, en trois coups de confidences dans le \u201cconfessionnal\u201d, comme un incontournable ph\u00e9nom\u00e8ne soci\u00e9tal.<\/p>\n<p>Au passage, bien s\u00fbr, on s\u2019est copieusement moqu\u00e9 de la donzelle et de ses d\u00e9rapages plus ou moins contr\u00f4l\u00e9s. Le plus culte : son coup de col\u00e8re contre une coll\u00e8gue t\u00eate en l\u2019air \u2014 coupable d\u2019\u00eatre partie tourner \u00e0 Miami sans shampoing !<br \/>\n<!--more--><br \/>\n<em>\u00ab All\u00f4, vous m\u2019entendez ? <\/em>dit Nabilla, mimant une conversation t\u00e9l\u00e9phonique brouill\u00e9e. <em>All\u00f4, non mais all\u00f4 quoi ? T\u2019es une fille, t\u2019as pas d\u2019shampoing ? C\u2019est comme si j\u2019te dis, t\u2019es une fille, t\u2019as pas d\u2019cheveux ! \u00bb<\/em><\/p>\n<p>Et tout le monde de ricaner \u2014 \u00e0 commencer par ceux qui, \u00e0 la t\u00e9l\u00e9, ne font gu\u00e8re mieux. Moi, je la comprends, Nabilla ! Bien s\u00fbr, \u00e0 premi\u00e8re vue, l\u2019objet de son ire peut para\u00eetre frivole. Mais \u201crecontextualisons\u201d ! Quand il s\u2019agit d\u2019aller faire la bimbo devant les cam\u00e9ras, en Floride de surcro\u00eet, mieux vaut emporter une valise de shampoings plut\u00f4t que <em>le Monde comme volont\u00e9 et comme repr\u00e9sentation<\/em>, m\u00eame en un seul exemplaire.<\/p>\n<p>Sur le fond donc, Nabilla a raison. Mais c\u2019est aussi la forme qu\u2019on brocarde chez elle ; ce simulacre de coup de fil en solo, songez donc ! Justement : plus j\u2019y songe, plus je trouve subtile cette m\u00e9taphore sur l\u2019incommunicabilit\u00e9. Comment la sage Nabilla pourrait-elle se faire entendre de ces filles \u00e9cervel\u00e9es qui, telles les \u201cvierges folles\u201d de la parabole, oublient l\u2019essentiel au moment d\u00e9cisif ?<\/p>\n<p>Peu lui importe d\u2019\u00eatre \u201cla ris\u00e9e des m\u00e9dias\u201d : elle est devenue l\u2019atout ma\u00eetre du sien. <em>\u00ab Ne vous y fiez pas, Nabilla est intelligente<\/em>, d\u00e9crypte le directeur des programmes de NRJ12. <em>Elle sait ce qu\u2019elle veut. \u00bb<\/em><\/p>\n<p>Ce qu\u2019elle veut, h\u00e9las, c\u2019est \u201c\u00eatre c\u00e9l\u00e8bre\u201d. Je sais, c\u2019est un peu court ; mais c\u2019est aussi fort courant, depuis Loana et Warhol. Le plus de Nabilla, c\u2019est qu\u2019elle a pig\u00e9 le mode d\u2019emploi. Pour avoir son \u201cquart d\u2019heure de c\u00e9l\u00e9brit\u00e9\u201d, elle n\u2019h\u00e9site pas \u00e0 jouer \u00e0 fond son r\u00f4le de Debila.<\/p>\n<p>\u00catre la dinde de service, pourquoi pas \u2014 si c\u2019est le prix \u00e0 payer pour \u00eatre \u201cvue \u00e0 la t\u00e9l\u00e9\u201d\u2026 Tout l\u2019art de notre h\u00e9ro\u00efne tient dans cette rude discipline : parler avant de r\u00e9fl\u00e9chir, sous peine de perdre en spontan\u00e9it\u00e9.<\/p>\n<p>\u00c0 ce jeu-l\u00e0, Nabilla est de loin la meilleure, pulv\u00e9risant ses concurrentes \u00e0 coups de r\u00e9pliques qui tuent et autres impromptus.<\/p>\n<p>Aux derni\u00e8res nouvelles, notre championne serait bient\u00f4t r\u00e9compens\u00e9e de sa pers\u00e9v\u00e9rance. On lui aurait propos\u00e9 d\u2019avoir, d\u00e8s la rentr\u00e9e, sa propre \u00e9mission : un programme de t\u00e9l\u00e9r\u00e9alit\u00e9 dont elle serait l\u2019unique objet !<\/p>\n<p>En attendant cet heureux temps, Nabilla aurait tort de se priver : apr\u00e8s tout, elle au moins est pay\u00e9e pour faire la roue. S\u2019il y a des dindons dans cette farce, ce sont ceux qui la regardent !<\/p>\n<p>Article publi\u00e9 dans Valeurs Actuelles, le jeudi 4 avril 2013<\/p>\n","protected":false},"excerpt":{"rendered":"<p>Nabila l&rsquo;a compris : \u00e0 la t\u00e9l\u00e9, mieux vaut \u00eatre une idiote connue qu&rsquo;un g\u00e9nie m\u00e9connu ! L\u2019\u00e9v\u00e9nement t\u00e9l\u00e9 de la saison, \u00e0 coup s\u00fbr, c\u2019est l\u2019apparition sur nos radars de Nabilla, nouvelle \u00e9toile au ciel des Anges de la t\u00e9l\u00e9r\u00e9alit\u00e9 (NRJ12). Inconnue du grand public il y a six semaines encore, cette brune coruscante [&hellip;]<\/p>\n","protected":false},"author":9,"featured_media":0,"comment_status":"open","ping_status":"open","sticky":false,"template":"","format":"standard","meta":{"footnotes":""},"categories":[1],"tags":[509,510],"class_list":{"0":"post-1856","1":"post","2":"type-post","3":"status-publish","4":"format-standard","6":"category-non-classe","7":"tag-anges-de-la-telerealite","8":"tag-nabilla"},"_links":{"self":[{"href":"https:\/\/blog.causeur.fr\/asiledeblog\/wp-json\/wp\/v2\/posts\/1856","targetHints":{"allow":["GET"]}}],"collection":[{"href":"https:\/\/blog.causeur.fr\/asiledeblog\/wp-json\/wp\/v2\/posts"}],"about":[{"href":"https:\/\/blog.causeur.fr\/asiledeblog\/wp-json\/wp\/v2\/types\/post"}],"author":[{"embeddable":true,"href":"https:\/\/blog.causeur.fr\/asiledeblog\/wp-json\/wp\/v2\/users\/9"}],"replies":[{"embeddable":true,"href":"https:\/\/blog.causeur.fr\/asiledeblog\/wp-json\/wp\/v2\/comments?post=1856"}],"version-history":[{"count":0,"href":"https:\/\/blog.causeur.fr\/asiledeblog\/wp-json\/wp\/v2\/posts\/1856\/revisions"}],"wp:attachment":[{"href":"https:\/\/blog.causeur.fr\/asiledeblog\/wp-json\/wp\/v2\/media?parent=1856"}],"wp:term":[{"taxonomy":"category","embeddable":true,"href":"https:\/\/blog.causeur.fr\/asiledeblog\/wp-json\/wp\/v2\/categories?post=1856"},{"taxonomy":"post_tag","embeddable":true,"href":"https:\/\/blog.causeur.fr\/asiledeblog\/wp-json\/wp\/v2\/tags?post=1856"}],"curies":[{"name":"wp","href":"https:\/\/api.w.org\/{rel}","templated":true}]}}