{"id":1867,"date":"2013-04-16T10:10:44","date_gmt":"2013-04-16T10:10:44","guid":{"rendered":"http:\/\/blog.causeur.fr\/asiledeblog\/?p=1867"},"modified":"2021-04-26T12:57:19","modified_gmt":"2021-04-26T10:57:19","slug":"lettre-a-mon-frere-karl-zero","status":"publish","type":"post","link":"https:\/\/blog.causeur.fr\/asiledeblog\/lettre-a-mon-frere-karl-zero-1867","title":{"rendered":"Lettre \u00e0 mon fr\u00e8re Karl Z\u00e9ro"},"content":{"rendered":"<p><strong>Ne juge pas, et tu ne seras pas jug\u00e9\u00a0<\/strong><\/p>\n<p><a href=\"http:\/\/blog.causeur.fr\/asiledeblog\/lettre-a-mon-frere-karl-zero,001867\/frigide-barjot-karl-zero-2\" rel=\"attachment wp-att-1869\"><img loading=\"lazy\" decoding=\"async\" class=\"alignleft size-medium wp-image-1869\" src=\"http:\/\/blog.causeur.fr\/asiledeblog\/files\/2013\/04\/frigide-barjot-karl-zero1-300x182.jpg\" alt=\"\" width=\"300\" height=\"182\" srcset=\"https:\/\/blog.causeur.fr\/asiledeblog\/wp-content\/uploads\/sites\/10\/2013\/04\/frigide-barjot-karl-zero1-300x182.jpg 300w, https:\/\/blog.causeur.fr\/asiledeblog\/wp-content\/uploads\/sites\/10\/2013\/04\/frigide-barjot-karl-zero1.jpg 460w\" sizes=\"auto, (max-width: 300px) 100vw, 300px\" \/><\/a>Mon bien cher fr\u00e8re,<\/p>\n<p>Concernant le d\u00e9sormais fameux \u00ab engagement n\u00b0 31 \u00bb du candidat Hollande, je savais que la France \u00e9tait coup\u00e9e en deux. Mais voil\u00e0 maintenant que c\u2019est notre famille !<\/p>\n<p>Pour \u00eatre tout \u00e0 fait franc avec toi, je l\u2019ai su il y a trois mois, quand tu es all\u00e9 \u00e0 Europe 1 chez Ruquier pour vendre ton livre sur Luka Magnotta.<\/p>\n<p>Ce jour-l\u00e0, j\u2019ai appris que tu \u00e9tais un chaud partisan du \u00ab mariage pour tous \u00bb \u2013 sauf pour moi. Ma femme, as-tu r\u00e9v\u00e9l\u00e9 dans la bonne humeur g\u00e9n\u00e9rale, avait tous les d\u00e9fauts : f\u00eal\u00e9e, opportuniste et m\u00eame pas catho comme toi ! Mais si tu savais tout \u00e7a avant, Karl, t\u2019aurais quand m\u00eame pu me pr\u00e9venir\u2026<br \/>\n<!--more--><br \/>\nBref, quand on en a reparl\u00e9 tous les deux (hors micros, il est vrai), tu m\u2019as assur\u00e9 qu\u2019en l\u2019occurrence tu t\u2019\u00e9tais \u00ab laiss\u00e9 prendre par l\u2019ambiance \u00bb, et qu\u2019on ne t\u2019y reprendrait plus. Pourquoi a-t-il fallu alors que, lundi dernier, tu refasses le m\u00eame sketch sur un mode \u00ab s\u00e9rieux \u00bb \u2013 dans une Lettre ouverte \u00e0 ma belle-s\u0153ur \u00e9videmment destin\u00e9e \u00e0 tout le monde sauf \u00e0 elle ? Les gens civilis\u00e9s ne sont-ils pas cens\u00e9s laver leur \u00e9ventuel linge sale en famille ?<\/p>\n<p>Mais c\u2019est que ce linge-l\u00e0 est virtuellement sanglant, et qu\u2019il y a urgence r\u00e9publicaine ! \u00c0 te lire, Barjot serait devenue \u00e0 elle seule un danger pour nos libert\u00e9s.<\/p>\n<p>Frigide ligueuse, factieuse, fasciste, terroriste ? Allons donc ! L\u2019histoire est plus simple que \u00e7a : en apprenant comment le pouvoir voulait enterrer \u00e0 la sauvette son mouvement, elle a tout simplement p\u00e9t\u00e9 un fusible. Bien s\u00fbr je lui ai conseill\u00e9 de le changer aussit\u00f4t, mais sans succ\u00e8s : dans son \u00e9tat, quelque connerie qu\u2019elle ait pu balancer, pas question pour elle de faire des excuses \u00e0 qui que ce soit !<\/p>\n<p>Des excuses, figure-toi mon cher fr\u00e8re, elle en attend encore elle-m\u00eame, apr\u00e8s six mois d\u2019insultes, de diffamations et d\u2019attaques de toutes sortes \u2013 et pas toujours des plus belles. Des excuses, elle en r\u00e9clame aussi au nom des millions de Fran\u00e7ais hostiles au projet Taubira, qui s\u2019\u00e9taient pris \u00e0 r\u00eaver que finalement Hollande entendrait leurs voix \u2013 comme Mitterrand ou m\u00eame Chirac dans des circonstances comparables.<\/p>\n<p>Au contraire ! Sur les \u00ab soixante engagements \u00bb du candidat Hollande, s\u2019il n\u2019en reste qu\u2019un ce sera celui-l\u00e0. Et pour cause : c\u2019est le seul que puisse encore tenir le parti du Progr\u00e8s ! \u00c7a a l\u2019air \u00e9galitaire, et \u00e7a co\u00fbte pas un rond.<\/p>\n<p>Donc on fonce, chef ! Quitte \u00e0 humilier par tous moyens les \u00ab cathos \u00e0 poussette \u00bb, comme tu dis joliment. Cort\u00e8ges coup\u00e9s en trois et statistiques en quatre ; 700 000 p\u00e9titions \u00e0 la poubelle du C.E.S.E. (inutile de retenir le nom) ; amalgame syst\u00e9matique entre l\u2019immense masse des manifestants, \u00e9nerv\u00e9s mais pacifiques, et quelques dizaines d\u2019excit\u00e9s acn\u00e9iques\u2026 Sans compter l\u2019arme fatale, ce taser moral qu\u2019est devenu l\u2019accusation d\u2019 \u00ab homophobie \u00bb \u2013 d\u00e9lit d\u00fbment sanctionn\u00e9 par la loi.<\/p>\n<p>Comme disait l\u2019excellent Jean-Pierre Michel, vice-pr\u00e9sident de la commission des lois du S\u00e9nat, pour justifier son refus de recevoir la bande \u00e0 Barjot : \u00ab Vous repr\u00e9sentez la pire des homophobies, celle qui est dans le d\u00e9ni \u00bb. En d\u2019autres termes, la preuve de votre culpabilit\u00e9, c\u2019est que vous plaidez l\u2019innocence !<\/p>\n<p>De la Terreur \u00e0 Orwell, le refrain n\u2019est pas nouveau. Si en revanche il est un inqui\u00e9tant signe des temps, c\u2019est la diff\u00e9rence de traitement m\u00e9diatique entre le d\u00e9rapage incontr\u00f4l\u00e9 de Frigide et l\u2019appel au meurtre froidement retweet\u00e9 par Pierre Berg\u00e9 : \u00ab Si une bombe explose sur les Champs \u00e0 cause de la Manif pour tous, c\u2019est pas moi qui vais pleurer ! \u00bb. Mais \u00e7a c\u2019est plut\u00f4t dr\u00f4le, hein fr\u00e9rot ?<\/p>\n<p>Quant \u00e0 la \u00ab radicalisation \u00bb barjotienne, objet de tes angoisses, elle co\u00efncide tout juste avec la brusque acc\u00e9l\u00e9ration du processus parlementaire, dans une d\u00e9mocratie de moins en moins repr\u00e9sentative. Hop ! un vote \u00e0 main lev\u00e9e au S\u00e9nat, et paf ! on renvoie la balle \u00e0 l\u2019Assembl\u00e9e avec un mois d\u2019avance \u2013 juste pour siffler la fin de la r\u00e9cr\u00e9.<\/p>\n<p>Rassure-toi, Karl : en vrai, ma femme ne veut la mort de personne. Elle n\u2019a parl\u00e9 de sang que parce qu\u2019elle a vu rouge, comme tant de citoyens trait\u00e9s en sous-dou\u00e9s du dernier rang.<\/p>\n<p>Et voil\u00e0 ! Gr\u00e2ce \u00e0 ce petit compl\u00e9ment d\u2019info \u2013 que d\u2019ailleurs tu aurais pu d\u00e9nicher toi-m\u00eame, avec un habile travail d\u2019investigation comme tu sais les mener \u2013 je ne doute pas que tu reviennes \u00e0 de meilleurs sentiments envers ta belle-s\u0153ur. En tout cas, \u00e7a m\u2019arrangerait.<\/p>\n<p>Bien s\u00fbr il y a entre elle et toi des divergences, th\u00e9ologiques et autres, qu\u2019on devine insurmontables. Mais puisque tu fr\u00e9quentes volontiers les \u00c9critures, n\u2019oublie pas non plus Jean, 14, 2 : \u00ab Il y a de nombreuses demeures dans la maison de mon P\u00e8re. \u00bb<\/p>\n<p>On ne peut pas voir la m\u00eame chose quand on ne regarde pas du m\u00eame endroit. Frigide se jette comme une folle en mini-jupe au milieu de la m\u00eal\u00e9e, quand toi tu pr\u00e9f\u00e8res cultiver l\u2019ironie citoyenne du haut de ton Aventin. M\u2019est avis que c\u2019est une affaire de temp\u00e9raments dont, comme pour les go\u00fbts et les couleurs, on ne dispute point.<\/p>\n<p>Par bonheur, au milieu de tes r\u00e9quisitions, tu sugg\u00e8res toi-m\u00eame \u00e0 ma femme une id\u00e9e que je serais mal venu d\u2019ignorer : \u00ab Je me suis dit, paraphrasant ton mari : Ouh l\u00e0 ! On se calme et on boit frais \u00e0 Saint-Tropez ! \u00bb<\/p>\n<p>Rendons \u00e0 Max P\u00e9cas ce qui est \u00e0 Max P\u00e9cas, comme tu dirais ! N\u2019emp\u00eache que c\u2019est O.K. pour moi : reste plus qu\u2019\u00e0 fixer la date. D\u2019ailleurs \u00e0 ce propos, pourquoi attendre l\u2019\u00e9t\u00e9 ? On a tant de choses \u00e0 se dire, on dirait\u2026<\/p>\n<p><em>*Photo : DR.<\/em><\/p>\n<p>&nbsp;<\/p>\n","protected":false},"excerpt":{"rendered":"<p>Ne juge pas, et tu ne seras pas jug\u00e9\u00a0 Mon bien cher fr\u00e8re, Concernant le d\u00e9sormais fameux \u00ab engagement n\u00b0 31 \u00bb du candidat Hollande, je savais que la France \u00e9tait coup\u00e9e en deux. Mais voil\u00e0 maintenant que c\u2019est notre famille ! Pour \u00eatre tout \u00e0 fait franc avec toi, je l\u2019ai su il y [&hellip;]<\/p>\n","protected":false},"author":9,"featured_media":0,"comment_status":"open","ping_status":"open","sticky":false,"template":"","format":"standard","meta":{"footnotes":""},"categories":[1],"tags":[518,519,517,264,520],"class_list":{"0":"post-1867","1":"post","2":"type-post","3":"status-publish","4":"format-standard","6":"category-non-classe","7":"tag-frigide-barjot","8":"tag-jean-pierre-michel","9":"tag-karl-zero","10":"tag-laurent-ruquier","11":"tag-pierre-berge"},"_links":{"self":[{"href":"https:\/\/blog.causeur.fr\/asiledeblog\/wp-json\/wp\/v2\/posts\/1867","targetHints":{"allow":["GET"]}}],"collection":[{"href":"https:\/\/blog.causeur.fr\/asiledeblog\/wp-json\/wp\/v2\/posts"}],"about":[{"href":"https:\/\/blog.causeur.fr\/asiledeblog\/wp-json\/wp\/v2\/types\/post"}],"author":[{"embeddable":true,"href":"https:\/\/blog.causeur.fr\/asiledeblog\/wp-json\/wp\/v2\/users\/9"}],"replies":[{"embeddable":true,"href":"https:\/\/blog.causeur.fr\/asiledeblog\/wp-json\/wp\/v2\/comments?post=1867"}],"version-history":[{"count":0,"href":"https:\/\/blog.causeur.fr\/asiledeblog\/wp-json\/wp\/v2\/posts\/1867\/revisions"}],"wp:attachment":[{"href":"https:\/\/blog.causeur.fr\/asiledeblog\/wp-json\/wp\/v2\/media?parent=1867"}],"wp:term":[{"taxonomy":"category","embeddable":true,"href":"https:\/\/blog.causeur.fr\/asiledeblog\/wp-json\/wp\/v2\/categories?post=1867"},{"taxonomy":"post_tag","embeddable":true,"href":"https:\/\/blog.causeur.fr\/asiledeblog\/wp-json\/wp\/v2\/tags?post=1867"}],"curies":[{"name":"wp","href":"https:\/\/api.w.org\/{rel}","templated":true}]}}