{"id":1871,"date":"2013-04-18T12:51:20","date_gmt":"2013-04-18T12:51:20","guid":{"rendered":"http:\/\/blog.causeur.fr\/asiledeblog\/?p=1871"},"modified":"2021-04-26T12:57:19","modified_gmt":"2021-04-26T10:57:19","slug":"morale-normale","status":"publish","type":"post","link":"https:\/\/blog.causeur.fr\/asiledeblog\/morale-normale-1871","title":{"rendered":"Morale normale"},"content":{"rendered":"<p><a href=\"http:\/\/blog.causeur.fr\/asiledeblog\/morale-normale,001871\/franois-hollande-3986\" rel=\"attachment wp-att-1872\"><img loading=\"lazy\" decoding=\"async\" class=\"alignleft size-medium wp-image-1872\" src=\"http:\/\/blog.causeur.fr\/asiledeblog\/files\/2013\/04\/Franois-hollande-3986-300x223.png\" alt=\"\" width=\"300\" height=\"223\" srcset=\"https:\/\/blog.causeur.fr\/asiledeblog\/wp-content\/uploads\/sites\/10\/2013\/04\/Franois-hollande-3986-300x223.png 300w, https:\/\/blog.causeur.fr\/asiledeblog\/wp-content\/uploads\/sites\/10\/2013\/04\/Franois-hollande-3986.png 500w\" sizes=\"auto, (max-width: 300px) 100vw, 300px\" \/><\/a>Ces temps-ci, dans les d\u00e9bats t\u00e9l\u00e9, il n\u2019est question que du \u201cchoc de moralisation\u201d solennellement annonc\u00e9 par le pr\u00e9sident de la R\u00e9publique, et de ses contrecoups. Mais comme \u00e7a change tous les jours, que diable vous raconter qui ne risque pas d\u2019\u00eatre d\u00e9mod\u00e9 avant publication ? Mes id\u00e9es, bien s\u00fbr !<br \/>\n<!--more--><br \/>\n<em>A priori<\/em>, l\u2019intention de moraliser la vie publique semble bonne. Si bonne, m\u00eame, qu\u2019elle figurait d\u00e9j\u00e0 il y a seize mois dans \u201cLes 60 engagements pour la France\u201d du candidat Hollande. <em>\u00ab Je veux une R\u00e9publique exemplaire \u00bb<\/em>, proclamait-il fi\u00e8rement en lettres capitales avant de d\u00e9tailler les moyens drastiques qu\u2019il entendait mettre en oeuvre pour y parvenir (engagements nos 47, 48, 49 et 53 \u2014 \u00e0 moins que je n\u2019en aie rat\u00e9 un). Par la suite, comme on sait, le pr\u00e9sident \u00e9lu estimera plus urgent de tenir d\u2019abord son engagement n\u00b0 31 sur le mariage et l\u2019adoption pour tous. Mais qui sommes-nous pour juger ?<\/p>\n<p>Toujours est-il qu\u2019aujourd\u2019hui, il y a le feu au lac ! D\u00e9j\u00e0 le coup du ministre \u201ctechnicien\u201d de la fraude fiscale n\u2019avait pas amus\u00e9 tout le monde\u2026 Et voil\u00e0 que de proche en proche, d\u2019accusations de na\u00efvet\u00e9 en soup\u00e7ons de complicit\u00e9, l\u2019ex-\u201caffaire Cahuzac\u201d est devenue celle du gouvernement, du premier ministre et du pr\u00e9sident lui-m\u00eame. Bref, une affaire d\u2019\u00c9tat.<\/p>\n<p>L\u2019autre mercredi, donc, le chef dudit \u00c9tat a pris son ton le plus grave et sorti les drapeaux pour r\u00e9it\u00e9rer ses promesses d\u2019antan sur la \u201ctransparence\u201d. Et d\u2019annoncer un catalogue de mesures propres \u00e0 \u00e9radiquer la corruption politique pour au moins cent ans.<\/p>\n<p><em>\u00ab Je sais, <\/em>a-t-il martel\u00e9, <em>combien les Fran\u00e7ais veulent le changement par rapport \u00e0 cette triste succession d\u2019affaires ! \u00bb <\/em>C\u2019\u00e9tait beau comme un discours de candidat \u00e0 la tribune du Bourget. Sauf que, depuis bient\u00f4t un an, l\u2019orateur est lui-m\u00eame \u201caux affaires\u201d\u2026<\/p>\n<p>Du coup, loin d\u2019apaiser la temp\u00eate, son intervention a d\u00e9clench\u00e9 une tornade de critiques tous azimuts. \u201cTrop tard !\u201d, ricanent certains, pour qui cette nouvelle pouss\u00e9e de moraline pr\u00e9sidentielle vise surtout \u00e0 faire oublier sa propre responsabilit\u00e9 (ou irresponsabilit\u00e9) dans l\u2019affaire gigogne o\u00f9 le voil\u00e0 emp\u00eatr\u00e9. \u201cTrop vite !\u201d, s\u2019inqui\u00e8tent les plus aimables qui, sans critiquer l\u2019objectif, craignent qu\u2019un bricolage aussi h\u00e2tif ne s\u2019av\u00e8re inapplicable, voire contre-productif. \u201cTrop loin !\u201d, jugent d\u2019autres enfin, qui redoutent une \u201cdictature de la transparence\u201d. Pour eux, \u201cjeter les \u00e9lus en p\u00e2ture \u00e0 l\u2019opinion\u201d ne peut qu\u2019\u201calimenter le populisme\u201d. Le pire, c\u2019est que ces mots-l\u00e0 n\u2019ont pas \u00e9t\u00e9 prononc\u00e9s par on ne sait quel opposant born\u00e9, mais par Claude Bartolone, pr\u00e9sident (PS) de l\u2019Assembl\u00e9e. <em>Tu quoque<\/em>\u2026<\/p>\n<p>Bref <em>\u00ab la situation est insaisissable \u00bb<\/em>, comme disait de Gaulle avant de s\u2019envoler pour Baden-Baden. Quant \u00e0 Hollande, Dieu sait o\u00f9 il va et s\u2019il en reviendra. Je ne suis pas politologue, ni m\u00eame pythonisse\u2026 \u00c0 l\u2019heure o\u00f9 vous lirez ces lignes, peut-\u00eatre m\u00eame aura-t-il repris la France en main, et moi gagn\u00e9 \u00e0 l\u2019Euro Millions.<\/p>\n<p>Article publi\u00e9 dans Valeurs Actuelles, le jeudi 18 avril 2013<\/p>\n<p>Photo \u00a9 AFP<\/p>\n","protected":false},"excerpt":{"rendered":"<p>Ces temps-ci, dans les d\u00e9bats t\u00e9l\u00e9, il n\u2019est question que du \u201cchoc de moralisation\u201d solennellement annonc\u00e9 par le pr\u00e9sident de la R\u00e9publique, et de ses contrecoups. Mais comme \u00e7a change tous les jours, que diable vous raconter qui ne risque pas d\u2019\u00eatre d\u00e9mod\u00e9 avant publication ? Mes id\u00e9es, bien s\u00fbr !<\/p>\n","protected":false},"author":9,"featured_media":0,"comment_status":"open","ping_status":"open","sticky":false,"template":"","format":"standard","meta":{"footnotes":""},"categories":[1],"tags":[523,62,82],"class_list":{"0":"post-1871","1":"post","2":"type-post","3":"status-publish","4":"format-standard","6":"category-non-classe","7":"tag-claude-bartolone","8":"tag-de-gaulle","9":"tag-francois-hollande"},"_links":{"self":[{"href":"https:\/\/blog.causeur.fr\/asiledeblog\/wp-json\/wp\/v2\/posts\/1871","targetHints":{"allow":["GET"]}}],"collection":[{"href":"https:\/\/blog.causeur.fr\/asiledeblog\/wp-json\/wp\/v2\/posts"}],"about":[{"href":"https:\/\/blog.causeur.fr\/asiledeblog\/wp-json\/wp\/v2\/types\/post"}],"author":[{"embeddable":true,"href":"https:\/\/blog.causeur.fr\/asiledeblog\/wp-json\/wp\/v2\/users\/9"}],"replies":[{"embeddable":true,"href":"https:\/\/blog.causeur.fr\/asiledeblog\/wp-json\/wp\/v2\/comments?post=1871"}],"version-history":[{"count":0,"href":"https:\/\/blog.causeur.fr\/asiledeblog\/wp-json\/wp\/v2\/posts\/1871\/revisions"}],"wp:attachment":[{"href":"https:\/\/blog.causeur.fr\/asiledeblog\/wp-json\/wp\/v2\/media?parent=1871"}],"wp:term":[{"taxonomy":"category","embeddable":true,"href":"https:\/\/blog.causeur.fr\/asiledeblog\/wp-json\/wp\/v2\/categories?post=1871"},{"taxonomy":"post_tag","embeddable":true,"href":"https:\/\/blog.causeur.fr\/asiledeblog\/wp-json\/wp\/v2\/tags?post=1871"}],"curies":[{"name":"wp","href":"https:\/\/api.w.org\/{rel}","templated":true}]}}