{"id":1874,"date":"2013-04-25T14:58:45","date_gmt":"2013-04-25T14:58:45","guid":{"rendered":"http:\/\/blog.causeur.fr\/asiledeblog\/?p=1874"},"modified":"2021-04-26T12:57:19","modified_gmt":"2021-04-26T10:57:19","slug":"pas-si-fous-ces-romains","status":"publish","type":"post","link":"https:\/\/blog.causeur.fr\/asiledeblog\/pas-si-fous-ces-romains-1874","title":{"rendered":"Pas si fous, ces Romains !"},"content":{"rendered":"<p><strong>Durant toute la campagne, les m\u00e9dias italiens ont vou\u00e9 Beppe Grillo aux g\u00e9monies\u2026 En vain\u00a0! Le proscrit s\u2019est impos\u00e9 comme tribun de la pl\u00e8be.<\/strong><\/p>\n<p><a href=\"http:\/\/blog.causeur.fr\/asiledeblog\/pas-si-fous-ces-romains,001874\/beppe-3987_0-2\" rel=\"attachment wp-att-1876\"><img loading=\"lazy\" decoding=\"async\" class=\"alignleft size-medium wp-image-1876\" src=\"http:\/\/blog.causeur.fr\/asiledeblog\/files\/2013\/04\/Beppe-3987_01-300x212.png\" alt=\"\" width=\"300\" height=\"212\" srcset=\"https:\/\/blog.causeur.fr\/asiledeblog\/wp-content\/uploads\/sites\/10\/2013\/04\/Beppe-3987_01-300x212.png 300w, https:\/\/blog.causeur.fr\/asiledeblog\/wp-content\/uploads\/sites\/10\/2013\/04\/Beppe-3987_01.png 430w\" sizes=\"auto, (max-width: 300px) 100vw, 300px\" \/><\/a>Qui n\u2019a pas entendu parler de Beppe Grillo ? En quelques ann\u00e9es, rien qu\u2019en changeant de sc\u00e8ne, l\u2019ex-humoriste et acteur italien est devenu un personnage de premier plan sur celle de la vie politique transalpine. Au mois de f\u00e9vrier, pour sa premi\u00e8re exp\u00e9rience \u00e9lectorale, son Mouvement 5 \u00e9toiles a m\u00eame \u00e9t\u00e9 propuls\u00e9 au rang de deuxi\u00e8me parti d\u2019Italie, avec 25 % des suffrages.<\/p>\n<p>Soucieux d\u2019en savoir plus, j\u2019ai visionn\u00e9 l\u2019enqu\u00eate que consacrait jeudi dernier le magazine <em>Envoy\u00e9 sp\u00e9cial <\/em>\u00e0 ce ph\u00e9nom\u00e8ne. H\u00e9las ! Ce qu\u2019on apprend en trois quarts d\u2019heure tient en quelques lignes : voil\u00e0 un \u201cn\u00e9opopuliste\u201d surgi de nulle part qui manie la provoc tous azimuts sans qu\u2019on sache o\u00f9 il va\u2026 Quant aux raisons de son succ\u00e8s, qui justifient quand m\u00eame le sujet, on n\u2019en saura pas plus.<br \/>\n<!--more--><\/p>\n<p>Certes le programme du M5S sent encore un peu son impro : anticorruption et antipartis, \u00e9colo et \u201ccyberd\u00e9mocratique\u201d, souverainiste et altermondialiste, allez y retrouver vos petits ! Mais l\u2019essentiel est ailleurs : le mouvement de Grillo n\u2019a pas gagn\u00e9 ses galons \u00e9lectoraux malgr\u00e9 l\u2019hostilit\u00e9 g\u00e9n\u00e9rale des m\u00e9dias bien-pensants, qui d\u2019instinct l\u2019ont combattu, mais gr\u00e2ce \u00e0 leur acharnement.<\/p>\n<p>Il aura suffi pour cela de traiter son leader de \u201cclown\u201d et ses partisans de \u201ccr\u00e9tins\u201d. Il y a des gens comme \u00e7a qui se vexent\u2026 Ainsi, en r\u00e9ponse, le Beppe a-t-il fond\u00e9 toute sa campagne sur un mot d\u2019ordre simple : <em>\u00ab Les m\u00e9dias nous boycottent ? Boycottons les m\u00e9dias ! \u00bb <\/em>Et de refuser toute interview, et d\u2019exiger le m\u00eame engagement de tous ses candidats : on ne communique que par Internet !<\/p>\n<p>Les sans-culottes du Web ont d\u00e9fi\u00e9 l\u2019aristocratie m\u00e9diatique et, \u00e0 la surprise g\u00e9n\u00e9rale, \u00e7a a march\u00e9 ! Dans le monde politique d\u2019avant, impossible d\u2019exister sans passer par les fourches Caudines des m\u00e9dias auto-autoris\u00e9s. Dans celui qu\u2019annonce \u00e0 sa fa\u00e7on Grillo, la tendance semble s\u2019inverser : et si, d\u00e9sormais, la hargne du paf l\u00e9gal devenait un s\u00e9same n\u00e9cessaire pour emporter l\u2019adh\u00e9sion populaire ? Bref, je n\u2019ai pas appris grand-chose sur le mouvement de Beppe Grillo, mais sa perc\u00e9e donne \u00e0 penser\u2026 \u00c0 force de m\u00e9priser, de caricaturer, voire de diaboliser un mouvement d\u2019opinion naissant, qui n\u2019a encore commis d\u2019autre crime que celui d\u2019exister, on prend le risque de le renforcer.<\/p>\n<p>Vous, je ne sais pas, mais moi, \u00e7a m\u2019a fait irr\u00e9sistiblement penser \u00e0 cette \u201cmanif pour tous\u201d que j\u2019ai connue toute petite ! D\u2019abord impr\u00e9vue, puis conspu\u00e9e par tout ce qui pense pour nous, la r\u00e9volte contre la loi Taubira n\u2019en a pas pour autant cess\u00e9 de grandir dans les profondeurs du pays. Avec un peu de chance, elle survivra m\u00eame \u00e0 ce gouvernement et \u00e0 ses \u201cchangements de civilisation\u201d de circonstance. Vive la \u201cmanif 5 \u00e9toiles\u201d !<\/p>\n<p>Publi\u00e9 dans Valeurs Actuelles, le 25 avril 2013<\/p>\n","protected":false},"excerpt":{"rendered":"<p>Durant toute la campagne, les m\u00e9dias italiens ont vou\u00e9 Beppe Grillo aux g\u00e9monies\u2026 En vain\u00a0! Le proscrit s\u2019est impos\u00e9 comme tribun de la pl\u00e8be. Qui n\u2019a pas entendu parler de Beppe Grillo ? En quelques ann\u00e9es, rien qu\u2019en changeant de sc\u00e8ne, l\u2019ex-humoriste et acteur italien est devenu un personnage de premier plan sur celle de [&hellip;]<\/p>\n","protected":false},"author":9,"featured_media":0,"comment_status":"open","ping_status":"open","sticky":false,"template":"","format":"standard","meta":{"footnotes":""},"categories":[1],"tags":[524,490],"class_list":{"0":"post-1874","1":"post","2":"type-post","3":"status-publish","4":"format-standard","6":"category-non-classe","7":"tag-beppe-grillo","8":"tag-loi-taubira"},"_links":{"self":[{"href":"https:\/\/blog.causeur.fr\/asiledeblog\/wp-json\/wp\/v2\/posts\/1874","targetHints":{"allow":["GET"]}}],"collection":[{"href":"https:\/\/blog.causeur.fr\/asiledeblog\/wp-json\/wp\/v2\/posts"}],"about":[{"href":"https:\/\/blog.causeur.fr\/asiledeblog\/wp-json\/wp\/v2\/types\/post"}],"author":[{"embeddable":true,"href":"https:\/\/blog.causeur.fr\/asiledeblog\/wp-json\/wp\/v2\/users\/9"}],"replies":[{"embeddable":true,"href":"https:\/\/blog.causeur.fr\/asiledeblog\/wp-json\/wp\/v2\/comments?post=1874"}],"version-history":[{"count":0,"href":"https:\/\/blog.causeur.fr\/asiledeblog\/wp-json\/wp\/v2\/posts\/1874\/revisions"}],"wp:attachment":[{"href":"https:\/\/blog.causeur.fr\/asiledeblog\/wp-json\/wp\/v2\/media?parent=1874"}],"wp:term":[{"taxonomy":"category","embeddable":true,"href":"https:\/\/blog.causeur.fr\/asiledeblog\/wp-json\/wp\/v2\/categories?post=1874"},{"taxonomy":"post_tag","embeddable":true,"href":"https:\/\/blog.causeur.fr\/asiledeblog\/wp-json\/wp\/v2\/tags?post=1874"}],"curies":[{"name":"wp","href":"https:\/\/api.w.org\/{rel}","templated":true}]}}