{"id":1879,"date":"2013-05-03T10:35:17","date_gmt":"2013-05-03T10:35:17","guid":{"rendered":"http:\/\/blog.causeur.fr\/asiledeblog\/?p=1879"},"modified":"2021-04-26T12:57:19","modified_gmt":"2021-04-26T10:57:19","slug":"compagnons-de-deroute","status":"publish","type":"post","link":"https:\/\/blog.causeur.fr\/asiledeblog\/compagnons-de-deroute-1879","title":{"rendered":"Compagnons de d\u00e9route"},"content":{"rendered":"<p><strong>\u00c0 l\u2019instar du couple Montand-Signoret, de nombreux artistes et intellectuels fran\u00e7ais ont soutenu mordicus l\u2019Union sovi\u00e9tique, de Staline \u00e0 Brejnev, malgr\u00e9 son bilan globalement sanguinaire.<\/strong><\/p>\n<p><a href=\"http:\/\/blog.causeur.fr\/asiledeblog\/compagnons-de-deroute,001879\/montant-et-signoret-a%cc%80-moscou-3988\" rel=\"attachment wp-att-1880\"><img loading=\"lazy\" decoding=\"async\" class=\"alignleft size-medium wp-image-1880\" src=\"http:\/\/blog.causeur.fr\/asiledeblog\/files\/2013\/05\/Montant-et-Signoret-a%CC%80-Moscou-3988-300x210.png\" alt=\"\" width=\"300\" height=\"210\" \/><\/a>L<em>es artistes et le Parti, 1945-1968 <\/em>: sous ce titre, France 5 diffusait l\u2019autre dimanche un documentaire consacr\u00e9 aux relations passionn\u00e9es entre notre intelligentsia et le Parti communiste fran\u00e7ais, du temps o\u00f9 celui-ci n\u2019avait pas besoin d\u2019\u00e9pith\u00e8tes.<\/p>\n<p>Sur la forme, rien \u00e0 dire : les t\u00e9moignages d\u2019anciens compagnons de route sont \u00e9mouvants \u00e0 souhait, et l\u2019empathie du commentaire contagieuse. Seul le fond p\u00e8che un peu par les libert\u00e9s qu\u2019il prend avec la v\u00e9rit\u00e9 historique.<\/p>\n<p>Et d\u2019abord, pourquoi faire commencer toute l\u2019affaire en 1945 ? Artistes et intellectuels n\u2019ont pas attendu cette date pour \u00eatre s\u00e9duits en masse par le PCF, pas plus que celui-ci pour soutenir inconditionnellement le totalitarisme sovi\u00e9tique.<br \/>\n<!--more--><br \/>\nAu lendemain de la Seconde Guerre mondiale, voir encore dans l\u2019empire stalinien et sa succursale locale l\u2019incarnation d\u2019un \u201cavenir radieux\u201d ne rel\u00e8ve pas de l\u2019esp\u00e9rance l\u00e9gitime mais d\u2019un aveuglement coupable doubl\u00e9 d\u2019une surdit\u00e9 volontaire.<\/p>\n<p>\u00c0 en croire les auteurs, c\u2019est seulement en 1956, avec l\u2019\u00e9crasement de l\u2019insurrection hongroise, que les yeux auraient commenc\u00e9 \u00e0 se dessiller : <em>\u00ab Le doute s\u2019est install\u00e9 \u00bb, <\/em>dit sans rire Juliette Gr\u00e9co, comme si Budapest avait \u00e9t\u00e9 le premier manquement \u00e0 la d\u00e9mocratie de la part du Kremlin.<\/p>\n<p>Quant \u00e0 Yves Montand, ses doutes sont si forts que, pour se faire une id\u00e9e, il pousse la conscience (professionnelle) jusqu\u2019\u00e0 entreprendre une vaste tourn\u00e9e dans les pays de l\u2019Est. Il en reviendra fort d\u00e9pit\u00e9 : ses admonestations n\u2019ont pas convaincu Khrouchtchev ! Mais pour le parti, l\u2019essentiel est sauf : Jean Vilar et G\u00e9rard Philipe se disent <em>\u00ab atterr\u00e9s \u00bb<\/em>, mais sans plus ; Picasso garde sa carte, et Aragon sait trouver les mots pour \u00e9voquer <em>\u00ab la fin sublime qui excuse les moyens horribles \u00bb<\/em>.<\/p>\n<p>Et notre documentaire de finir comme il a commenc\u00e9 : par une entorse \u00e0 la v\u00e9rit\u00e9. La rupture irr\u00e9m\u00e9diable entre communisme et intelligentsia daterait du printemps de Prague et de sa r\u00e9pression \u2014 pourtant d\u00e9nonc\u00e9e par le PCF, m\u00eame mollement. Si \u00e7a se trouve au contraire, dans ces ann\u00e9es de bouillonnement soixante-huitard, c\u2019est le ramollissement du Parti qui le ringardise d\u00e9finitivement aux yeux de nos \u00e9lites, face \u00e0 une nouvelle extr\u00eame gauche plus jeune, plus \u201csexy\u201d et autrement plus r\u00e9volutionnaire.<\/p>\n<p>J\u2019en veux pour preuve la sid\u00e9rante maol\u00e2trie qui, malgr\u00e9 le d\u00e9lire sanglant de la R\u00e9volution culturelle, s\u2019empare alors de nombre d\u2019intellectuels, de Sartre &amp; Beauvoir \u00e0 Sollers et Godard, pour ne citer que les plus fameux.<\/p>\n<p>Il leur faudra dix bonnes ann\u00e9es encore, et la mode des \u201cnouveaux philosophes\u201d, pour d\u00e9couvrir les vertus des droits de l\u2019homme et donner au monde entier, mais un peu tard, des le\u00e7ons d\u2019antitotalitarisme pur et dur\u2026 \u00c0 la notable exception d\u2019Alain Badiou qui, imperturbablement, \u00e0 76 ans pass\u00e9s, continue de plancher sur <em>\u00ab l\u2019hypoth\u00e8se communiste \u00bb<\/em>.<\/p>\n<p>Article publi\u00e9 dans Valeurs Actuelles, le jeudi 2 mai 2013<\/p>\n<p>Photo \u00a9 AFP<\/p>\n","protected":false},"excerpt":{"rendered":"<p>\u00c0 l\u2019instar du couple Montand-Signoret, de nombreux artistes et intellectuels fran\u00e7ais ont soutenu mordicus l\u2019Union sovi\u00e9tique, de Staline \u00e0 Brejnev, malgr\u00e9 son bilan globalement sanguinaire. Les artistes et le Parti, 1945-1968 : sous ce titre, France 5 diffusait l\u2019autre dimanche un documentaire consacr\u00e9 aux relations passionn\u00e9es entre notre intelligentsia et le Parti communiste fran\u00e7ais, du [&hellip;]<\/p>\n","protected":false},"author":9,"featured_media":0,"comment_status":"open","ping_status":"open","sticky":false,"template":"","format":"standard","meta":{"footnotes":""},"categories":[1],"tags":[21,533,527],"class_list":{"0":"post-1879","1":"post","2":"type-post","3":"status-publish","4":"format-standard","6":"category-non-classe","7":"tag-alain-badiou","8":"tag-gerard-philipe","9":"tag-yves-montand"},"_links":{"self":[{"href":"https:\/\/blog.causeur.fr\/asiledeblog\/wp-json\/wp\/v2\/posts\/1879","targetHints":{"allow":["GET"]}}],"collection":[{"href":"https:\/\/blog.causeur.fr\/asiledeblog\/wp-json\/wp\/v2\/posts"}],"about":[{"href":"https:\/\/blog.causeur.fr\/asiledeblog\/wp-json\/wp\/v2\/types\/post"}],"author":[{"embeddable":true,"href":"https:\/\/blog.causeur.fr\/asiledeblog\/wp-json\/wp\/v2\/users\/9"}],"replies":[{"embeddable":true,"href":"https:\/\/blog.causeur.fr\/asiledeblog\/wp-json\/wp\/v2\/comments?post=1879"}],"version-history":[{"count":0,"href":"https:\/\/blog.causeur.fr\/asiledeblog\/wp-json\/wp\/v2\/posts\/1879\/revisions"}],"wp:attachment":[{"href":"https:\/\/blog.causeur.fr\/asiledeblog\/wp-json\/wp\/v2\/media?parent=1879"}],"wp:term":[{"taxonomy":"category","embeddable":true,"href":"https:\/\/blog.causeur.fr\/asiledeblog\/wp-json\/wp\/v2\/categories?post=1879"},{"taxonomy":"post_tag","embeddable":true,"href":"https:\/\/blog.causeur.fr\/asiledeblog\/wp-json\/wp\/v2\/tags?post=1879"}],"curies":[{"name":"wp","href":"https:\/\/api.w.org\/{rel}","templated":true}]}}