{"id":1883,"date":"2013-05-10T07:57:46","date_gmt":"2013-05-10T07:57:46","guid":{"rendered":"http:\/\/blog.causeur.fr\/asiledeblog\/?p=1883"},"modified":"2021-04-26T12:57:19","modified_gmt":"2021-04-26T10:57:19","slug":"france-capitale-bruxelles","status":"publish","type":"post","link":"https:\/\/blog.causeur.fr\/asiledeblog\/france-capitale-bruxelles-1883","title":{"rendered":"France, capitale Bruxelles"},"content":{"rendered":"<p><a href=\"http:\/\/blog.causeur.fr\/asiledeblog\/france-capitale-bruxelles,001883\/bruxelles-3989\" rel=\"attachment wp-att-1884\"><img loading=\"lazy\" decoding=\"async\" class=\"alignleft size-medium wp-image-1884\" src=\"http:\/\/blog.causeur.fr\/asiledeblog\/files\/2013\/05\/Bruxelles-3989-300x199.png\" alt=\"\" width=\"300\" height=\"199\" srcset=\"https:\/\/blog.causeur.fr\/asiledeblog\/wp-content\/uploads\/sites\/10\/2013\/05\/Bruxelles-3989-300x199.png 300w, https:\/\/blog.causeur.fr\/asiledeblog\/wp-content\/uploads\/sites\/10\/2013\/05\/Bruxelles-3989.png 500w\" sizes=\"auto, (max-width: 300px) 100vw, 300px\" \/><\/a>A quoi bon voter encore en France, quand tout se d\u00e9cide ailleurs ? C\u2019est la conclusion \u00e0 laquelle aboutit le t\u00e9l\u00e9spectateur moyen (moi, en l\u2019occurrence) au vu du documentaire diffus\u00e9 l\u2019autre mardi par France 5 : <em>Bruxelles, le vrai pouvoir<\/em>.<\/p>\n<p>\u00c0 ce qu\u2019il para\u00eet, ce ne sont plus nos \u00e9lus qui d\u00e9cident du destin de notre pays, mais \u201cla Commission\u201d. Sommet apr\u00e8s sommet, vingt-sept chefs d\u2019\u00c9tat et de gouvernement d\u00e9filent, pour faire valoir leurs int\u00e9r\u00eats nationaux respectifs, aupr\u00e8s de commissaires qui ne les entendent gu\u00e8re, investis qu\u2019ils sont d\u2019une myst\u00e9rieuse autorit\u00e9 sup\u00e9rieure : des suzerains face \u00e0 leurs vassaux.<br \/>\n<!--more--><\/p>\n<p>Soumission volontaire : au fil du temps, nos politiques ont abandonn\u00e9 \u00e0 la Commission un droit de contr\u00f4le toujours plus grand sur notre budget et nos lois. D\u00e9sormais c\u2019est un droit de veto, et pas seulement \u201csuspensif\u201d comme celui de ce pauvre Louis XVI.<\/p>\n<p>Viviane Reding, vice-pr\u00e9sidente du machin, ne l\u2019a pas envoy\u00e9 dire aux d\u00e9put\u00e9s fran\u00e7ais qui la recevaient \u2014 trait\u00e9s comme de vulgaires cancres : <em>\u00ab Il faut, lentement mais s\u00fbrement, comprendre qu\u2019il n\u2019y a plus de politiques int\u00e9rieures nationales. Il n\u2019y a plus que des politiques europ\u00e9ennes partag\u00e9es dans une souverainet\u00e9 commune. \u00bb<\/em><\/p>\n<p>Par ce tour de passe-passe, on fait dispara\u00eetre d\u2019un coup la d\u00e9mocratie, le politique et le r\u00f4le de l\u2019\u00c9tat. Et au profit de quoi, sinon d\u2019une chim\u00e8re ? La pr\u00e9tendue \u201csouverainet\u00e9 commune\u201d entre des \u00c9tats comme l\u2019Allemagne et la Gr\u00e8ce, avec la France au milieu !<\/p>\n<p>En tout cas la machine, elle, est redoutablement efficace. Au service de nos aimables commissaires travaille une arm\u00e9e de six cents experts, charg\u00e9s de surveiller nuit et jour les comptes publics de chaque pays. Parmi eux, quinze sp\u00e9cialistes sont affect\u00e9s \u00e0 la section \u201cFrance\u201d. \u00c0 la lumi\u00e8re de leurs ordinateurs, ces gens-l\u00e0 \u00e9mettent des \u201crecommandations\u201d qui, si elles sont valid\u00e9es par la Commission, prennent aussit\u00f4t force de superlois enjambant les n\u00f4tres. <em>\u00ab Leur non-respect par la France pourrait lui valoir une amende de 4 millions d\u2019euros \u00bb<\/em>, explique non sans fiert\u00e9 une de ces t\u00eates d\u2019oeuf. Mais peut-\u00eatre toucherait-il sur cette somme une prime de rendement ?<\/p>\n<p>Comment en est-on arriv\u00e9 l\u00e0 ? <em>\u00ab Nous n\u2019avons jamais consenti <\/em>[\u2026] <em>au syst\u00e8me dit \u201csupranational\u201d, qui noierait la France dans un ensemble apatride \u00bb<\/em>, disait de Gaulle dans une conf\u00e9rence de presse le 9 septembre 1968. Un demi-si\u00e8cle plus tard, on y est, et de notre propre fait.<\/p>\n<p>Si la France est aujourd\u2019hui sous surveillance, voire sous tutelle, c\u2019est \u00e0 force d\u2019abandons de souverainet\u00e9 successivement consentis \u2014 sans qu\u2019on voie bien ce qu\u2019elle y a gagn\u00e9 en contrepartie.<\/p>\n<p>Il y aurait bien s\u00fbr une solution \u00e0 tout \u00e7a : consulter les Fran\u00e7ais pour savoir s\u2019ils veulent que les d\u00e9cisions concernant leur quotidien et leur avenir soient prises \u00e0 Paris ou \u00e0 Bruxelles. Mais le risque, s\u2019ils r\u00e9pondent mal, c\u2019est qu\u2019on ne tienne pas compte de leur avis. Non seulement c\u2019est d\u2019usage en mati\u00e8re europ\u00e9enne, mais l\u00e0, en plus, \u00e7a nous \u00e9viterait une forte amende de la Commission\u2026<\/p>\n<p>Article publi\u00e9 dans Valeurs Actuelles, le jeudi 09 mai 2013<\/p>\n","protected":false},"excerpt":{"rendered":"<p>A quoi bon voter encore en France, quand tout se d\u00e9cide ailleurs ? C\u2019est la conclusion \u00e0 laquelle aboutit le t\u00e9l\u00e9spectateur moyen (moi, en l\u2019occurrence) au vu du documentaire diffus\u00e9 l\u2019autre mardi par France 5 : Bruxelles, le vrai pouvoir. \u00c0 ce qu\u2019il para\u00eet, ce ne sont plus nos \u00e9lus qui d\u00e9cident du destin de [&hellip;]<\/p>\n","protected":false},"author":9,"featured_media":0,"comment_status":"open","ping_status":"open","sticky":false,"template":"","format":"standard","meta":{"footnotes":""},"categories":[1],"tags":[536,62,535,534],"class_list":{"0":"post-1883","1":"post","2":"type-post","3":"status-publish","4":"format-standard","6":"category-non-classe","7":"tag-bruxelles","8":"tag-de-gaulle","9":"tag-france-5","10":"tag-viviane-reding"},"_links":{"self":[{"href":"https:\/\/blog.causeur.fr\/asiledeblog\/wp-json\/wp\/v2\/posts\/1883","targetHints":{"allow":["GET"]}}],"collection":[{"href":"https:\/\/blog.causeur.fr\/asiledeblog\/wp-json\/wp\/v2\/posts"}],"about":[{"href":"https:\/\/blog.causeur.fr\/asiledeblog\/wp-json\/wp\/v2\/types\/post"}],"author":[{"embeddable":true,"href":"https:\/\/blog.causeur.fr\/asiledeblog\/wp-json\/wp\/v2\/users\/9"}],"replies":[{"embeddable":true,"href":"https:\/\/blog.causeur.fr\/asiledeblog\/wp-json\/wp\/v2\/comments?post=1883"}],"version-history":[{"count":0,"href":"https:\/\/blog.causeur.fr\/asiledeblog\/wp-json\/wp\/v2\/posts\/1883\/revisions"}],"wp:attachment":[{"href":"https:\/\/blog.causeur.fr\/asiledeblog\/wp-json\/wp\/v2\/media?parent=1883"}],"wp:term":[{"taxonomy":"category","embeddable":true,"href":"https:\/\/blog.causeur.fr\/asiledeblog\/wp-json\/wp\/v2\/categories?post=1883"},{"taxonomy":"post_tag","embeddable":true,"href":"https:\/\/blog.causeur.fr\/asiledeblog\/wp-json\/wp\/v2\/tags?post=1883"}],"curies":[{"name":"wp","href":"https:\/\/api.w.org\/{rel}","templated":true}]}}