{"id":1886,"date":"2013-05-16T12:46:20","date_gmt":"2013-05-16T12:46:20","guid":{"rendered":"http:\/\/blog.causeur.fr\/asiledeblog\/?p=1886"},"modified":"2021-04-26T12:57:19","modified_gmt":"2021-04-26T10:57:19","slug":"limitation-de-jesus-christ","status":"publish","type":"post","link":"https:\/\/blog.causeur.fr\/asiledeblog\/limitation-de-jesus-christ-1886","title":{"rendered":"Limitation de J\u00e9sus-Christ"},"content":{"rendered":"<p><strong>\u00c0 en croire \u00ab\u00a0Secrets d\u2019histoire\u00a0\u00bb, J\u00e9sus \u00e9tait un type comme vous et moi. Allez savoir pourquoi, deux mille ans apr\u00e8s, on en fait encore tout un plat\u2026<\/strong><\/p>\n<p><a href=\"http:\/\/blog.causeur.fr\/asiledeblog\/limitation-de-jesus-christ,001886\/oxygen-volume-13\" rel=\"attachment wp-att-1946\"><img loading=\"lazy\" decoding=\"async\" class=\"alignleft size-medium wp-image-1946\" src=\"http:\/\/blog.causeur.fr\/asiledeblog\/files\/2013\/05\/47555e64-300x225.jpg\" alt=\"\" width=\"300\" height=\"225\" srcset=\"https:\/\/blog.causeur.fr\/asiledeblog\/wp-content\/uploads\/sites\/10\/2013\/05\/47555e64-300x225.jpg 300w, https:\/\/blog.causeur.fr\/asiledeblog\/wp-content\/uploads\/sites\/10\/2013\/05\/47555e64.jpg 1024w\" sizes=\"auto, (max-width: 300px) 100vw, 300px\" \/><\/a>U<em>n homme nomm\u00e9 J\u00e9sus <\/em>: c\u2019est sous ce titre \u2014 on ne peut plus neutre \u2014 qu\u2019\u00e9tait diffus\u00e9, mardi pass\u00e9, un nouveau volet de <em>Secrets d\u2019Histoire <\/em>(France 2). D\u00e8s son introduction, St\u00e9phane Bern tient \u00e0 nous rassurer sur le s\u00e9rieux de l\u2019entreprise : il ne s\u2019agit pas d\u2019<em>\u00ab ouvrir un livre d\u2019images pieuses \u00bb <\/em>mais de faire oeuvre d\u2019historien, en \u00e9voquant <em>\u00ab une succession de faits souvent indiscutables \u00bb<\/em>. Sur cette base, l\u2019animateur va-t-il parvenir \u00e0 satisfaire l\u2019ensemble de son public, des saucissonneurs du vendredi saint aux cathos pur porc ?<br \/>\n<!--more--><\/p>\n<p><em>\u00ab L\u2019histoire nous montre un J\u00e9sus bien diff\u00e9rent du cat\u00e9chisme traditionnel \u00bb<\/em>, insiste d\u2019embl\u00e9e le documentaire. Et d\u2019abord, est-il n\u00e9 \u00e0 Bethl\u00e9em ou \u00e0 Nazareth ? Les diff\u00e9rents sp\u00e9cialistes consult\u00e9s nous donnent la r\u00e9ponse : on ne sait pas trop ! En revanche, ils sont formels sur un point, amusant certes, mais gu\u00e8re nouveau et qui ne change rien : en vrai, J\u00e9sus est n\u00e9 entre l\u2019an 7 et l\u2019an 4 avant lui-m\u00eame.<\/p>\n<p>Avait-il des fr\u00e8res et des soeurs ? Des mentions scripturaires vont dans ce sens, mais un bibliste catholique nuance :<em> \u00ab Le terme \u201cfr\u00e8re\u201d veut dire aussi \u201cproche parent\u201d. \u00bb <\/em>Cependant, l\u2019ex\u00e9g\u00e8te protestant de service et un ancien moine, qui a quitt\u00e9 l\u2019habit en m\u00eame temps que la foi, n\u2019en d\u00e9mordent pas : J\u00e9sus a bien appartenu \u00e0 une fratrie, m\u00eame s\u2019<em>\u00ab il ne s\u2019est pas tr\u00e8s bien entendu avec eux \u00bb<\/em>. Comme quoi, il est toujours pr\u00e9f\u00e9rable de ne pas parler politique ou religion \u00e0 table.<\/p>\n<p>\u00c0 quoi ressemblait-il donc ? Certainement pas aux <em>\u00ab images sulpiciennes \u00bb (sic) <\/em>auxquelles on nous a habitu\u00e9s depuis des si\u00e8cles. Plut\u00f4t \u00e0 ce portrait-robot qu\u2019on nous donne \u00e0 voir d\u2019un <em>\u00ab homme moyen de l\u2019\u00e9poque dans la r\u00e9gion \u00bb<\/em>. \u00c0 coup s\u00fbr, ce gaillard-l\u00e0 fait moins penser au fils de Dieu qu\u2019\u00e0 un repris de justice.<\/p>\n<p>Et pourtant J\u00e9sus avait <em>\u00ab un charme fou \u00bb<\/em>, assure l\u2019un des intervenants, s\u2019appuyant sans doute sur les images d\u2019\u00e9poque film\u00e9es par Zeffirelli. \u00c7a expliquerait, encha\u00eene le doc, la v\u00e9ritable cour de femmes qui le suivait partout \u2014 contrairement aux bonnes moeurs alors en vigueur.<\/p>\n<p>Et d\u2019encha\u00eener tout naturellement sur les relations ambigu\u00ebs du Christ avec Marie-Madeleine ; apr\u00e8s tout, on est sur une cha\u00eene publique la\u00efque et obligatoire et le t\u00e9l\u00e9spectateur en veut pour sa redevance ! \u00c7a tombe bien : les <em>Secrets d\u2019Histoire <\/em>de Bern n\u2019ont jamais \u00e9t\u00e9 avares en secrets d\u2019alc\u00f4ve.<\/p>\n<p>Le Messie et la p\u00e9cheresse sont-ils all\u00e9s jusqu\u2019\u00e0 convoler en justes noces ? L\u2019hypoth\u00e8se semble hautement fantaisiste \u00e0 ceux qui s\u2019en tiennent aux \u00c9critures ; elle est, en revanche, tout \u00e0 fait plausible pour ceux qui se r\u00e9f\u00e8rent aux travaux plus r\u00e9cents d\u2019un Martin Scorsese ou d\u2019un Dan Brown.<\/p>\n<p>Pour le reste, c\u2019est-\u00e0-dire l\u2019essentiel, <em>\u00ab il est impossible \u00e0 l\u2019historien de conclure \u00bb<\/em>. Ce qui ne l\u2019emp\u00eache pas, <em>\u00ab l\u2019historien \u00bb<\/em>, d\u2019avoir sa petite id\u00e9e : rien n\u2019est inexplicable. Quant \u00e0 la croyance en la divinit\u00e9 du Christ, c\u2019est une affaire de foi, figurez-vous. Au moins aura-t-on appris, au terme de ces cent dix minutes d\u2019enqu\u00eate serr\u00e9e, que J\u00e9sus \u00e9tait plut\u00f4t un chic type.<\/p>\n<p><em>Publi\u00e9 dans Valeurs Actuelles, le jeudi 16 mai 2013<\/em><\/p>\n","protected":false},"excerpt":{"rendered":"<p>\u00c0 en croire \u00ab\u00a0Secrets d\u2019histoire\u00a0\u00bb, J\u00e9sus \u00e9tait un type comme vous et moi. Allez savoir pourquoi, deux mille ans apr\u00e8s, on en fait encore tout un plat\u2026 Un homme nomm\u00e9 J\u00e9sus : c\u2019est sous ce titre \u2014 on ne peut plus neutre \u2014 qu\u2019\u00e9tait diffus\u00e9, mardi pass\u00e9, un nouveau volet de Secrets d\u2019Histoire (France 2). [&hellip;]<\/p>\n","protected":false},"author":9,"featured_media":0,"comment_status":"open","ping_status":"open","sticky":false,"template":"","format":"standard","meta":{"footnotes":""},"categories":[1],"tags":[544,540,542,543,538],"class_list":{"0":"post-1886","1":"post","2":"type-post","3":"status-publish","4":"format-standard","7":"tag-dan-brown","8":"tag-jesus","9":"tag-marie-madeleine","10":"tag-martin-scorsese","11":"tag-stephane-bern"},"_links":{"self":[{"href":"https:\/\/blog.causeur.fr\/asiledeblog\/wp-json\/wp\/v2\/posts\/1886","targetHints":{"allow":["GET"]}}],"collection":[{"href":"https:\/\/blog.causeur.fr\/asiledeblog\/wp-json\/wp\/v2\/posts"}],"about":[{"href":"https:\/\/blog.causeur.fr\/asiledeblog\/wp-json\/wp\/v2\/types\/post"}],"author":[{"embeddable":true,"href":"https:\/\/blog.causeur.fr\/asiledeblog\/wp-json\/wp\/v2\/users\/9"}],"replies":[{"embeddable":true,"href":"https:\/\/blog.causeur.fr\/asiledeblog\/wp-json\/wp\/v2\/comments?post=1886"}],"version-history":[{"count":0,"href":"https:\/\/blog.causeur.fr\/asiledeblog\/wp-json\/wp\/v2\/posts\/1886\/revisions"}],"wp:attachment":[{"href":"https:\/\/blog.causeur.fr\/asiledeblog\/wp-json\/wp\/v2\/media?parent=1886"}],"wp:term":[{"taxonomy":"category","embeddable":true,"href":"https:\/\/blog.causeur.fr\/asiledeblog\/wp-json\/wp\/v2\/categories?post=1886"},{"taxonomy":"post_tag","embeddable":true,"href":"https:\/\/blog.causeur.fr\/asiledeblog\/wp-json\/wp\/v2\/tags?post=1886"}],"curies":[{"name":"wp","href":"https:\/\/api.w.org\/{rel}","templated":true}]}}