{"id":1903,"date":"2013-06-17T08:26:59","date_gmt":"2013-06-17T08:26:59","guid":{"rendered":"http:\/\/blog.causeur.fr\/asiledeblog\/?p=1903"},"modified":"2021-04-26T12:57:19","modified_gmt":"2021-04-26T10:57:19","slug":"finkielkraut-fait-le-buzz","status":"publish","type":"post","link":"https:\/\/blog.causeur.fr\/asiledeblog\/finkielkraut-fait-le-buzz-1903","title":{"rendered":"Finkielkraut fait le \u201cbuzz\u201d !"},"content":{"rendered":"<p><strong>\u00ab\u00a0Manif pour tous\u00a0\u00bb : quand Zemmmour recentre Finkielkraut, c&rsquo;est en l&rsquo; attaquant sur sa droite !<\/strong><\/p>\n<p><a href=\"http:\/\/blog.causeur.fr\/asiledeblog\/finkielkraut-fait-le-%e2%80%9cbuzz%e2%80%9d,001903\/finkielkraut\" rel=\"attachment wp-att-1941\"><img loading=\"lazy\" decoding=\"async\" class=\"alignleft size-medium wp-image-1941\" src=\"http:\/\/blog.causeur.fr\/asiledeblog\/files\/2013\/06\/finkielkraut-300x230.jpg\" alt=\"\" width=\"300\" height=\"230\" srcset=\"https:\/\/blog.causeur.fr\/asiledeblog\/wp-content\/uploads\/sites\/10\/2013\/06\/finkielkraut-300x230.jpg 300w, https:\/\/blog.causeur.fr\/asiledeblog\/wp-content\/uploads\/sites\/10\/2013\/06\/finkielkraut.jpg 538w\" sizes=\"auto, (max-width: 300px) 100vw, 300px\" \/><\/a>La semaine pass\u00e9e, Zemmour et Naulleau pr\u00e9sentaient leur derni\u00e8re \u00e9mission de la saison, RTT oblige. Pour tirer les le\u00e7ons du d\u00e9bat sur le \u201cmariage-pour-tous\u201d, qui a domin\u00e9 l\u2019actualit\u00e9 des six derniers mois, nos deux comp\u00e8res avaient invit\u00e9 Alain Finkielkraut. (Pierre Berg\u00e9 devait \u00eatre pris.) Du coup, on a eu droit \u00e0 un int\u00e9ressant d\u00e9bat droite-droite entre Zemmour et lui, arbitr\u00e9 par un Naulleau d\u00e9bonnaire.<br \/>\n<!--more--><br \/>\n<em>\u00ab La Manif pour tous, un anti-Mai 68 ? \u00bb<\/em>, interroge celui-ci d\u2019embl\u00e9e. Sur le fond sans doute, mais pas sur la forme, r\u00e9pondent en choeur l\u2019intellectuel et le pol\u00e9miste. Pour eux, ce mouvement a su retourner les armes de Mai 68 contre la g\u00e9n\u00e9ration des soixante-huitards \u2014 notamment gr\u00e2ce \u00e0 une <em>\u201cBarjot touch\u201d <\/em>festive et d\u00e9cal\u00e9e. S\u2019ils le disent, qui suis-je pour pr\u00e9tendre le contraire ?<\/p>\n<p>\u00c0 l\u2019inverse de Zemmour, Finkielkraut est favorable \u00e0 l\u2019id\u00e9e d\u2019union civile : <em>\u00ab Si on \u00e9tait rest\u00e9 \u00e0 l\u2019id\u00e9e d\u2019un mariage, c\u2019est-\u00e0-dire de la publication d\u2019un amour, il n\u2019y aurait pas eu de manifestation aussi massive \u00bb<\/em>, estime-t-il.<\/p>\n<p>Autrement dit, si les Fran\u00e7ais sont descendus dans la rue, c\u2019est qu\u2019ils ont vu l\u2019embrouille. Malgr\u00e9 son emballage \u00e9galitaire, le paquet-cadeau \u201cmariage-pour-tous\u201d ne concerne pas essentiellement les droits des couples, mais la filiation. Avec l\u2019adoption pl\u00e9ni\u00e8re, s\u2019inqui\u00e8te l\u2019ami Alain, la loi Taubira ouvre in\u00e9luctablement la voie \u00e0 la PMA et la GPA : <em>\u00ab On entre dans le post-humain ! \u00bb<\/em><\/p>\n<p>Responsable de cette d\u00e9rive, \u00e0 l\u2019en croire : cette <em>\u00ab Gauche divine \u00bb <\/em>dont parlait Baudrillard. Persuad\u00e9e d\u2019incarner \u00e0 elle seule l\u2019Avenir et tous les Progr\u00e8s dont il est lourd, elle ne saurait tol\u00e9rer aucune contradiction. Cette divinit\u00e9 autoproclam\u00e9e a m\u00eame son temple grotesque avec <em>le Grand Journal <\/em>de Canal Plus \u2014 la b\u00eate noire de Finkie. On n\u2019y convoque des h\u00e9r\u00e9tiques que pour mieux les excommunier, \u00e0 grand renfort de ricanements.<\/p>\n<p>C\u2019\u00e9tait aussi \u00e7a La Manif pour tous, explique Alain : <em>\u00ab une France qui refuse d\u2019\u00eatre r\u00e9duite \u00e0 l\u2019alliance du show-biz et des banlieues ; une France des provinces qui en a marre d\u2019\u00eatre m\u00e9pris\u00e9e et maltrait\u00e9e \u00bb<\/em>.<\/p>\n<p><em>\u00ab L\u2019avenir est-il donc \u00e0 la r\u00e9action ? \u00bb<\/em>, relance malicieusement Naulleau. Finkielkraut pr\u00e9f\u00e8re en appeler \u00e0 <em>\u00ab la pens\u00e9e des limites \u00bb<\/em>, mais au moins s\u2019explique-t-il. L\u2019homme ne cesse de transgresser ses propres limites ; or aujourd\u2019hui, avec les progr\u00e8s de la science, <em>\u00ab les g\u00e9n\u00e9rations pr\u00e9sentes ont un pouvoir accru sur les g\u00e9n\u00e9rations \u00e0 venir, et c\u2019est un abus de pouvoir \u00bb <\/em>!<\/p>\n<p>Zemmour ne trouve rien \u00e9videmment \u00e0 redire \u00e0 cela, sauf un petit reproche \u00e0 l\u2019invit\u00e9 : <em>\u00ab Pourquoi refusez-vous le mot \u201cr\u00e9action\u201d ? Affronter les progressistes qui nous emm\u00e8nent dans le mur, c\u2019est r\u00e9agir ! \u00bb <\/em>Et de se faire taquin : <em>\u00ab C\u2019est comme si, par une pudeur ultime, votre surmoi d\u2019homme de gauche vous disait : \u201cNon, mon petit Alain, tu n\u2019iras pas jusque-l\u00e0\u2026\u201d \u00bb<\/em><\/p>\n<p>\u00c0 ces mots, Alain Finkielkraut ne se sent plus de joie : <em>\u00ab C\u2019est bien la premi\u00e8re fois qu\u2019on me parle de mon surmoi de gauche\u2026 J\u2019esp\u00e8re que \u00e7a va faire le <\/em>buzz <em>! \u00bb<\/em><\/p>\n<p><em>Article publi\u00e9 dans Valeurs Actuelles, le 14 juin 2013<\/em><\/p>\n<p><strong>Retrouver les extraits de l&rsquo;intervention d&rsquo;Alain Finkielkraut sur : http:\/\/bit.ly\/125X2au<\/strong><\/p>\n<p>&nbsp;<\/p>\n","protected":false},"excerpt":{"rendered":"<p>\u00ab\u00a0Manif pour tous\u00a0\u00bb : quand Zemmmour recentre Finkielkraut, c&rsquo;est en l&rsquo; attaquant sur sa droite ! La semaine pass\u00e9e, Zemmour et Naulleau pr\u00e9sentaient leur derni\u00e8re \u00e9mission de la saison, RTT oblige. Pour tirer les le\u00e7ons du d\u00e9bat sur le \u201cmariage-pour-tous\u201d, qui a domin\u00e9 l\u2019actualit\u00e9 des six derniers mois, nos deux comp\u00e8res avaient invit\u00e9 Alain Finkielkraut. [&hellip;]<\/p>\n","protected":false},"author":9,"featured_media":0,"comment_status":"open","ping_status":"open","sticky":false,"template":"","format":"standard","meta":{"footnotes":""},"categories":[1],"tags":[552,490,370,473],"class_list":{"0":"post-1903","1":"post","2":"type-post","3":"status-publish","4":"format-standard","6":"category-non-classe","7":"tag-gpa","8":"tag-loi-taubira","9":"tag-mai-68","10":"tag-pma"},"_links":{"self":[{"href":"https:\/\/blog.causeur.fr\/asiledeblog\/wp-json\/wp\/v2\/posts\/1903","targetHints":{"allow":["GET"]}}],"collection":[{"href":"https:\/\/blog.causeur.fr\/asiledeblog\/wp-json\/wp\/v2\/posts"}],"about":[{"href":"https:\/\/blog.causeur.fr\/asiledeblog\/wp-json\/wp\/v2\/types\/post"}],"author":[{"embeddable":true,"href":"https:\/\/blog.causeur.fr\/asiledeblog\/wp-json\/wp\/v2\/users\/9"}],"replies":[{"embeddable":true,"href":"https:\/\/blog.causeur.fr\/asiledeblog\/wp-json\/wp\/v2\/comments?post=1903"}],"version-history":[{"count":0,"href":"https:\/\/blog.causeur.fr\/asiledeblog\/wp-json\/wp\/v2\/posts\/1903\/revisions"}],"wp:attachment":[{"href":"https:\/\/blog.causeur.fr\/asiledeblog\/wp-json\/wp\/v2\/media?parent=1903"}],"wp:term":[{"taxonomy":"category","embeddable":true,"href":"https:\/\/blog.causeur.fr\/asiledeblog\/wp-json\/wp\/v2\/categories?post=1903"},{"taxonomy":"post_tag","embeddable":true,"href":"https:\/\/blog.causeur.fr\/asiledeblog\/wp-json\/wp\/v2\/tags?post=1903"}],"curies":[{"name":"wp","href":"https:\/\/api.w.org\/{rel}","templated":true}]}}