{"id":1908,"date":"2013-06-27T10:30:36","date_gmt":"2013-06-27T10:30:36","guid":{"rendered":"http:\/\/blog.causeur.fr\/asiledeblog\/?p=1908"},"modified":"2021-04-26T12:57:19","modified_gmt":"2021-04-26T10:57:19","slug":"femen-sans-soutien","status":"publish","type":"post","link":"https:\/\/blog.causeur.fr\/asiledeblog\/femen-sans-soutien-1908","title":{"rendered":"Femen sans soutien"},"content":{"rendered":"<p><strong>L\u2019autre samedi, <em>On n\u2019est pas couch\u00e9 <\/em>affichait en vedette ukrainienne Inna Shevchenko, cofondatrice des Femen (terme latin qui signifie \u201cfemme\u201d selon Caroline Fourest et \u201ccuisse\u201d selon Gaffiot).<\/strong><\/p>\n<p><a href=\"http:\/\/blog.causeur.fr\/asiledeblog\/femen-sans-soutien,001908\/les-femen-s-etaient-deja-rendues-a-notre\" rel=\"attachment wp-att-1940\"><img loading=\"lazy\" decoding=\"async\" class=\"alignleft size-medium wp-image-1940\" src=\"http:\/\/blog.causeur.fr\/asiledeblog\/files\/2013\/06\/les-femen-s-etaient-deja-rendues-a-notre-300x168.jpg\" alt=\"\" width=\"300\" height=\"168\" srcset=\"https:\/\/blog.causeur.fr\/asiledeblog\/wp-content\/uploads\/sites\/10\/2013\/06\/les-femen-s-etaient-deja-rendues-a-notre-300x168.jpg 300w, https:\/\/blog.causeur.fr\/asiledeblog\/wp-content\/uploads\/sites\/10\/2013\/06\/les-femen-s-etaient-deja-rendues-a-notre.jpg 930w\" sizes=\"auto, (max-width: 300px) 100vw, 300px\" \/><\/a>Raison de sa pr\u00e9sence chez nous : des tracas d\u2019ordre judiciaire dans son pays, apr\u00e8s le tron\u00e7onnage d\u2019une croix monumentale \u00e0 Kiev. Ici au moins, un commando de Femen en tenue de combat, c\u2019est-\u00e0-dire seins nus, peut sans risque envahir Notre-Dame de Paris en hurlant des slogans blasph\u00e9matoires. Mais l\u2019actualit\u00e9 d\u2019Inna, c\u2019est l\u2019incarc\u00e9ration de quatre militantes en Tunisie, o\u00f9 malgr\u00e9 le \u201cprintemps arabe\u201d ce genre de blagues passe toujours mal.<br \/>\n<!--more--><br \/>\nAmina, militante locale, a \u00e9t\u00e9 arr\u00eat\u00e9e pour exhibitionnisme et graffitis sur le mur d\u2019un cimeti\u00e8re ; elle risque deux ans et demi de prison. Aussit\u00f4t, un trio de coll\u00e8gues europ\u00e9ennes sans peur et sans soutif d\u00e9cident de voler \u00e0 son secours en allant manifester \u00e0 Tunis dans leur costume traditionnel\u2026 R\u00e9sultat : quatre mois de prison pour chacune, et l\u2019aggravation des charges retenues contre celle qu\u2019elles \u00e9taient venues soutenir !<\/p>\n<p>Tout en reconnaissant leur \u201ccourage\u201d, Ruquier se demande si en l\u2019occurrence il ne frise pas l\u2019inconscience. Les Femen n\u2019ont-elles pas <em>\u00ab un autre moyen de manifester \u00bb <\/em>? Non, r\u00e9torque Inna, in\u00e9branlable ; pour elle, c\u2019est le seul moyen d\u2019<em>\u00ab ouvrir le d\u00e9bat \u00bb <\/em>(<em>sic<\/em>). Elle balaiera du m\u00eame revers toutes les critiques de Natacha Polony et d\u2019Aymeric Caron, qui jugent contre-productives les m\u00e9thodes du mouvement <em>\u00ab sextr\u00eamiste \u00bb<\/em>.<\/p>\n<p>Sur l\u2019irresponsabilit\u00e9 du \u201ccoup de main\u201d tunisien \u2014 condamn\u00e9 m\u00eame par les associations f\u00e9ministes locales \u2014, Mlle Shevchenko r\u00e9plique d\u2019une phrase d\u00e9finitive : <em>\u00ab On ne se laisse pas d\u00e9monter par la peur ! \u00bb <\/em>Par la r\u00e9flexion non plus, apparemment.<\/p>\n<p>La militante, qui d\u2019habitude s\u2019exprime avec deux mots peints sur sa poitrine, est \u00e0 la peine lors qu\u2019elle doit garder son tee-shirt. Au fur et \u00e0 mesure qu\u2019elle d\u00e9veloppe sa pens\u00e9e et sa strat\u00e9gie, la pauvre se retrouve de plus en plus isol\u00e9e sur le plateau. M\u00eame les autres invit\u00e9s, <em>a priori <\/em>bien dispos\u00e9s \u00e0 l\u2019\u00e9gard du f\u00e9minisme, \u00e9mettent des doutes. <em>\u00ab Je ne comprends pas bien le projet de ces femmes<\/em>, avoue le chef cuisinier Thierry Marx <em>; s\u2019agiter, ce n\u2019est pas agir. \u00bb <\/em>De son c\u00f4t\u00e9, le rappeur Akhenaton prodigue en vain des conseils de mod\u00e9ration : <em>\u00ab Il faut adapter les actions selon les pays. Et surtout ne pas heurter la croyance des gens. \u00bb<\/em><\/p>\n<p>Quant au Dr Leibowitch, sp\u00e9cialiste de la trith\u00e9rapie, plong\u00e9 qu\u2019il est dans ses travaux, il n\u2019a jamais entendu parler des Femen. Ainsi d\u00e9pourvu de pr\u00e9jug\u00e9s, il va pourtant se f\u00e2cher tout rouge en d\u00e9couvrant les images du \u201cchahut\u201d de Notre-Dame : <em>\u00ab C\u2019est de la profanation ! Je ne suis pas sp\u00e9cialement croyant, mais je ne vais pas \u00e0 l\u2019\u00e9glise pour leur dire \u201cVous \u00eates une bande de cons !\u201d \u00bb<\/em><\/p>\n<p>Apr\u00e8s trois quarts d\u2019heure, Inna finit par \u00eatre rel\u00e2ch\u00e9e. Sur ce plateau t\u00e9l\u00e9 qu\u2019elle quitte, elle vient de passer un moment bien plus rude que lors de sa derni\u00e8re interpellation polici\u00e8re.<\/p>\n<p>Article publi\u00e9 dans Valeurs Actuelles, le 20 juin 2013<\/p>\n","protected":false},"excerpt":{"rendered":"<p>L\u2019autre samedi, On n\u2019est pas couch\u00e9 affichait en vedette ukrainienne Inna Shevchenko, cofondatrice des Femen (terme latin qui signifie \u201cfemme\u201d selon Caroline Fourest et \u201ccuisse\u201d selon Gaffiot). Raison de sa pr\u00e9sence chez nous : des tracas d\u2019ordre judiciaire dans son pays, apr\u00e8s le tron\u00e7onnage d\u2019une croix monumentale \u00e0 Kiev. Ici au moins, un commando de [&hellip;]<\/p>\n","protected":false},"author":9,"featured_media":0,"comment_status":"open","ping_status":"open","sticky":false,"template":"","format":"standard","meta":{"footnotes":""},"categories":[1],"tags":[501,486,554,283],"class_list":{"0":"post-1908","1":"post","2":"type-post","3":"status-publish","4":"format-standard","6":"category-non-classe","7":"tag-aymeric-caron","8":"tag-caroline-fourest","9":"tag-femen","10":"tag-natacha-polony"},"_links":{"self":[{"href":"https:\/\/blog.causeur.fr\/asiledeblog\/wp-json\/wp\/v2\/posts\/1908","targetHints":{"allow":["GET"]}}],"collection":[{"href":"https:\/\/blog.causeur.fr\/asiledeblog\/wp-json\/wp\/v2\/posts"}],"about":[{"href":"https:\/\/blog.causeur.fr\/asiledeblog\/wp-json\/wp\/v2\/types\/post"}],"author":[{"embeddable":true,"href":"https:\/\/blog.causeur.fr\/asiledeblog\/wp-json\/wp\/v2\/users\/9"}],"replies":[{"embeddable":true,"href":"https:\/\/blog.causeur.fr\/asiledeblog\/wp-json\/wp\/v2\/comments?post=1908"}],"version-history":[{"count":0,"href":"https:\/\/blog.causeur.fr\/asiledeblog\/wp-json\/wp\/v2\/posts\/1908\/revisions"}],"wp:attachment":[{"href":"https:\/\/blog.causeur.fr\/asiledeblog\/wp-json\/wp\/v2\/media?parent=1908"}],"wp:term":[{"taxonomy":"category","embeddable":true,"href":"https:\/\/blog.causeur.fr\/asiledeblog\/wp-json\/wp\/v2\/categories?post=1908"},{"taxonomy":"post_tag","embeddable":true,"href":"https:\/\/blog.causeur.fr\/asiledeblog\/wp-json\/wp\/v2\/tags?post=1908"}],"curies":[{"name":"wp","href":"https:\/\/api.w.org\/{rel}","templated":true}]}}