{"id":1928,"date":"2013-09-09T08:26:23","date_gmt":"2013-09-09T08:26:23","guid":{"rendered":"http:\/\/blog.causeur.fr\/asiledeblog\/?p=1928"},"modified":"2021-04-26T12:57:19","modified_gmt":"2021-04-26T10:57:19","slug":"laugure-obscur","status":"publish","type":"post","link":"https:\/\/blog.causeur.fr\/asiledeblog\/laugure-obscur-1928","title":{"rendered":"L\u2019augure obscur"},"content":{"rendered":"<p><strong>Personne n\u2019a jamais pu pr\u00e9dire l\u2019avenir gr\u00e2ce \u00e0 Nostradamus. C\u2019est quand m\u00eame emb\u00eatant pour un \u00ab\u00a0proph\u00e8te\u00a0\u00bb\u2026<\/strong><\/p>\n<p><a href=\"http:\/\/blog.causeur.fr\/asiledeblog\/l%e2%80%99augure-obscur,001928\/nostradamus-2\" rel=\"attachment wp-att-1936\"><img loading=\"lazy\" decoding=\"async\" class=\"alignleft size-medium wp-image-1936\" src=\"http:\/\/blog.causeur.fr\/asiledeblog\/files\/2013\/09\/nostradamus-2-209x300.jpg\" alt=\"\" width=\"209\" height=\"300\" srcset=\"https:\/\/blog.causeur.fr\/asiledeblog\/wp-content\/uploads\/sites\/10\/2013\/09\/nostradamus-2-209x300.jpg 209w, https:\/\/blog.causeur.fr\/asiledeblog\/wp-content\/uploads\/sites\/10\/2013\/09\/nostradamus-2.jpg 254w\" sizes=\"auto, (max-width: 209px) 100vw, 209px\" \/><\/a>Le mois dernier, France 3 rediffusait un num\u00e9ro de <em>L\u2019ombre d\u2019un doute<\/em>, le magazine historique de Franck Ferrand, consacr\u00e9 \u00e0 Nostradamus.<\/p>\n<p>On ne pr\u00e9sente plus Michel de Nostredame, (1509 \u2013 1566), au moins depuis Henri II. N\u2019avait-il pas annonc\u00e9 dit-on, dans un quatrain rest\u00e9 fameux, la mort atroce du roi dans un tournoi\u00a0? Depuis lors et jusqu\u2019\u00e0 nos jours, ses adeptes n\u2019en d\u00e9mordent pas\u00a0: il aurait pr\u00e9dit certains des \u00e9v\u00e9nements les plus importants de l\u2019histoire r\u00e9cente, de l\u2019arrestation de Louis XVI \u00e0 l\u2019arriv\u00e9e au pouvoir d\u2019Hitler en passant par la perc\u00e9e de Napol\u00e9on d\u00e9j\u00e0 sous Bonaparte. Seul probl\u00e8me, c\u2019est toujours apr\u00e8s coup que l\u2019on songe \u00e0 relier certains faits avec des visions du Mage\u2026 Depuis quatre cent cinquante ans, personne n\u2019a jamais pu deviner l\u2019avenir gr\u00e2ce \u00e0 elles\u00a0!<br \/>\n<!--more--><\/p>\n<p>Il est vrai que l\u2019annonce, plus de deux si\u00e8cles avant, de l\u2019arrestation du roi \u00e0 Varennes est troublante. Mais la proph\u00e9tie n\u2019est pas dat\u00e9e et quant au lieu, il existe alors dans le royaume de France trente et une communes et vingt-neuf lieux dits \u00ab\u00a0Varennes\u00a0\u00bb, rappellent les sceptiques. Cette impr\u00e9cision des <em>Centuries<\/em> et leur style volontairement obscur sont somme toute bien pratiques, insinuent-ils&#8230;<\/p>\n<p>A contrario, on se demande encore ce qui a pris Nostradamus de dater, contrairement \u00e0 son habitude, sa terrible pr\u00e9diction\u00a0:\u00a0 \u00ab\u00a0<em>L\u2019an mil neuf cent nonante neuf sept mois. Du ciel viendra son grand Roy d\u2019effrayeur\u2026\u00a0<\/em>\u00bb<\/p>\n<p>D\u2019apr\u00e8s les plus\u00a0enthousiastes de ses ex\u00e9g\u00e8tes, il annon\u00e7ait ainsi tout simplement la Fin du monde. On attend toujours (m\u00eame ceux qui ne sont pas press\u00e9s.)\u2026 Mais en attendant, ce \u00ab\u00a0<em>Pschitt<\/em>\u00a0\u00bb a port\u00e9 un sacr\u00e9 coup \u00e0 la e-r\u00e9putation de Nostradamus, sans m\u00eame parler de Paco Rabanne.<\/p>\n<p>\u00ab\u00a0<em>Terrible malentendu\u00a0!\u00a0<\/em>\u00bb plaide aujourd\u2019hui le dernier carr\u00e9 des nostradamistes. Savants calculs astrologiques \u00e0 l\u2019appui, ils nous expliquent dor\u00e9navent que le Ma\u00eetre parlait en r\u00e9alit\u00e9 de\u2026 1792\u00a0!<\/p>\n<p>Bref on peut faire dire tout, le contraire et n\u2019importnawak \u00e0 un quatrain de Michel, sans m\u00eame le trahir\u2026 En quelque sorte il pr\u00e9figure Mallarm\u00e9, qui du moins ne se pr\u00e9tendait que po\u00e8te. C\u2019est d\u00e9j\u00e0 plus emb\u00eatant pour qui se pique d\u2019\u00eatre \u00ab\u00a0<em>proph\u00e8te<\/em>\u00a0\u00bb&#8230;<\/p>\n<p>Chez la plupart des historiens, le doute a aujourd\u2019hui fait place au scepticisme caract\u00e9ris\u00e9. Les plus indulgents plaident qu\u2019\u00e0 d\u00e9faut de voir l\u2019avenir, Nostradamus a pu \u00ab\u00a0<em>l\u2019entrevoir<\/em>\u00a0\u00bb parfois par flashs. D\u2019autres affirment, non sans exemples \u00e0 l\u2019appui, qu\u2019il aurait relat\u00e9 au futur des \u00e9v\u00e9nements pass\u00e9s. Pourquoi pas\u00a0? Sauf qu\u2019on voit mal l\u2019int\u00e9r\u00eat de l\u2019exercice\u2026 S\u2019il s\u2019agit seulement de faire des proph\u00e9ties bidons, \u00e0 quoi bon se prendre ainsi la t\u00eate, au lieu de raconter carr\u00e9ment n\u2019importe quoi, au prix o\u00f9 est la Centurie\u00a0?<\/p>\n<p>Quoiqu\u2019il en soit, Nostradamus l\u2019a promis\u00a0: cinq cents ans apr\u00e8s sa mort, soit en 2066, toutes ses proph\u00e9ties deviendront soudain claires aux yeux du monde entier\u2026 Sauf qu\u2019il n\u2019a pas pr\u00e9cis\u00e9 comment (une Centurie in\u00e9dite\u00a0? Une lettre chez le notaire\u00a0? ) Et puis de toute fa\u00e7on, vous je ne sais pas, mais moi je ne me sens pas d\u2019avoir \u00e0 attendre encore cinquante-trois ans.<\/p>\n<p><em>Publi\u00e9 dans Valeurs Actuelles, le 5 septembre 2013<\/em><\/p>\n","protected":false},"excerpt":{"rendered":"<p>Personne n\u2019a jamais pu pr\u00e9dire l\u2019avenir gr\u00e2ce \u00e0 Nostradamus. C\u2019est quand m\u00eame emb\u00eatant pour un \u00ab\u00a0proph\u00e8te\u00a0\u00bb\u2026 Le mois dernier, France 3 rediffusait un num\u00e9ro de L\u2019ombre d\u2019un doute, le magazine historique de Franck Ferrand, consacr\u00e9 \u00e0 Nostradamus. On ne pr\u00e9sente plus Michel de Nostredame, (1509 \u2013 1566), au moins depuis Henri II. N\u2019avait-il pas annonc\u00e9 [&hellip;]<\/p>\n","protected":false},"author":9,"featured_media":0,"comment_status":"open","ping_status":"open","sticky":false,"template":"","format":"standard","meta":{"footnotes":""},"categories":[1],"tags":[567,568,566],"class_list":{"0":"post-1928","1":"post","2":"type-post","3":"status-publish","4":"format-standard","6":"category-non-classe","7":"tag-franck-ferrand","8":"tag-lombre-dun-doute","9":"tag-nostradamus"},"_links":{"self":[{"href":"https:\/\/blog.causeur.fr\/asiledeblog\/wp-json\/wp\/v2\/posts\/1928","targetHints":{"allow":["GET"]}}],"collection":[{"href":"https:\/\/blog.causeur.fr\/asiledeblog\/wp-json\/wp\/v2\/posts"}],"about":[{"href":"https:\/\/blog.causeur.fr\/asiledeblog\/wp-json\/wp\/v2\/types\/post"}],"author":[{"embeddable":true,"href":"https:\/\/blog.causeur.fr\/asiledeblog\/wp-json\/wp\/v2\/users\/9"}],"replies":[{"embeddable":true,"href":"https:\/\/blog.causeur.fr\/asiledeblog\/wp-json\/wp\/v2\/comments?post=1928"}],"version-history":[{"count":0,"href":"https:\/\/blog.causeur.fr\/asiledeblog\/wp-json\/wp\/v2\/posts\/1928\/revisions"}],"wp:attachment":[{"href":"https:\/\/blog.causeur.fr\/asiledeblog\/wp-json\/wp\/v2\/media?parent=1928"}],"wp:term":[{"taxonomy":"category","embeddable":true,"href":"https:\/\/blog.causeur.fr\/asiledeblog\/wp-json\/wp\/v2\/categories?post=1928"},{"taxonomy":"post_tag","embeddable":true,"href":"https:\/\/blog.causeur.fr\/asiledeblog\/wp-json\/wp\/v2\/tags?post=1928"}],"curies":[{"name":"wp","href":"https:\/\/api.w.org\/{rel}","templated":true}]}}