{"id":1947,"date":"2013-09-17T09:34:30","date_gmt":"2013-09-17T09:34:30","guid":{"rendered":"http:\/\/blog.causeur.fr\/asiledeblog\/?p=1947"},"modified":"2021-04-26T12:57:19","modified_gmt":"2021-04-26T10:57:19","slug":"acteurs-tres-occupes","status":"publish","type":"post","link":"https:\/\/blog.causeur.fr\/asiledeblog\/acteurs-tres-occupes-1947","title":{"rendered":"Acteurs tr\u00e8s occup\u00e9s"},"content":{"rendered":"<p><strong>Bien peu d\u2019artistes s\u2019engag\u00e8rent , tels Jean Gabin, contre le III<sup>\u00e8me<\/sup> Reich. La plupart\u00a0 firent comme si de rien n\u2019\u00e9tait, \u00e0 l\u2019instar de Fernandel et de Jean-Paul Sartre\u2026<\/strong><\/p>\n<p><a href=\"http:\/\/blog.causeur.fr\/asiledeblog\/acteurs-tres-occupes,001947\/400x300_18063_vignette_loccupationsansrelache\" rel=\"attachment wp-att-1948\"><img loading=\"lazy\" decoding=\"async\" class=\"alignleft size-medium wp-image-1948\" src=\"http:\/\/blog.causeur.fr\/asiledeblog\/files\/2013\/09\/400x300_18063_vignette_LOCCUPATIONSANSRELACHE-300x225.jpg\" alt=\"\" width=\"300\" height=\"225\" srcset=\"https:\/\/blog.causeur.fr\/asiledeblog\/wp-content\/uploads\/sites\/10\/2013\/09\/400x300_18063_vignette_LOCCUPATIONSANSRELACHE-300x225.jpg 300w, https:\/\/blog.causeur.fr\/asiledeblog\/wp-content\/uploads\/sites\/10\/2013\/09\/400x300_18063_vignette_LOCCUPATIONSANSRELACHE.jpg 400w\" sizes=\"auto, (max-width: 300px) 100vw, 300px\" \/><\/a>Comme son titre l\u2019indique, <em>l\u2019Occupation sans rel\u00e2che<\/em>, documentaire rediffus\u00e9 sur France 5 l\u2019autre dimanche, raconte la vie artistique \u00e9tonnamment florissante en France durant ces ann\u00e9es sombres. Pour l\u2019auteur, Yves Riou, le comportement de nos stars est \u00e0 l\u2019image de celui des Fran\u00e7ais dans leur grande majorit\u00e9 : attentiste. Rares sont ceux qui s\u2019engagent dans une collaboration autre qu\u2019alimentaire et plus rares encore, bien s\u00fbr, ceux qui refusent tout accommodement avec l\u2019occupant.<!--more--><\/p>\n<p>Jos\u00e9phine Baker et Jean Gabin rejoindront les FFL et le jeune premier Robert Lynen, engag\u00e9 dans le r\u00e9seau Alliance, sera supplici\u00e9 et assassin\u00e9 par la Gestapo. Mais pour la plupart des artistes, malgr\u00e9 les circonstances, <em>\u00ab le spectacle continue \u00bb<\/em>.<\/p>\n<p>Ainsi Clouzot tourne-t-il sous l\u2019\u00e9gide de la compagnie allemande Continental <em>le Corbeau<\/em>, o\u00f9 beaucoup verront une m\u00e9taphore du climat de suspicion et de d\u00e9lation qui r\u00e8gne alors en France.<\/p>\n<p>Quant \u00e0 Jouvet, la tourn\u00e9e th\u00e9\u00e2trale g\u00e9ante qui le retient hors de France ces quatre ann\u00e9es durant ressemble \u00e0 un sc\u00e9nario de Guitry ! Lanc\u00e9e officiellement sous les auspices du Mar\u00e9chal, elle reviendra triomphalement \u00e0 la Lib\u00e9ration avec les f\u00e9licitations du G\u00e9n\u00e9ral\u2026<\/p>\n<p>C\u2019est Sacha Guitry, justement, qui, avec Arletty, incarne le mieux cette contradiction entre un esprit fran\u00e7ais naturellement et culturellement \u201cantiboche\u201d et, disons, les contraintes de l\u2019heure\u2026 Arr\u00eat\u00e9 en ao\u00fbt 1944 et inculp\u00e9 d\u2019\u201cintelligence avec l\u2019ennemi\u201d, il r\u00e9pond : <em>\u00ab Il me semble en effet n\u2019en avoir pas manqu\u00e9. \u00bb <\/em>Apr\u00e8s deux mois au V\u00e9l\u2019d\u2019Hiv puis \u00e0 Drancy, il est lib\u00e9r\u00e9 sans jugement. Les comit\u00e9s d\u2019\u00e9puration seront plus s\u00e9v\u00e8res avec Arletty. Pourtant, on ne lui reproche aucun fait de collaboration ; elle a m\u00eame sauv\u00e9 de la d\u00e9portation, entre autres, Tristan Bernard et Alexandre Trauner. Ce qu\u2019on ne lui pardonne pas, c\u2019est d\u2019avoir entretenu une liaison avec un officier allemand.<\/p>\n<p>D\u2019autres, qui s\u2019\u00e9taient nettement plus compromis avec l\u2019occupant, s\u2019en tirent mieux \u00e0 l\u2019heure des r\u00e8glements de comptes. \u00c0 cet \u00e9gard au moins, Tino Rossi est le meilleur ! Quatre ans durant, il n\u2019a pas m\u00e9nag\u00e9 sa peine pour s\u2019attirer les bonnes gr\u00e2ces des autorit\u00e9s et engranger du bl\u00e9 aux quatre coins de la Gross Europa. Arr\u00eat\u00e9 en 1944 sous l\u2019inculpation d\u2019\u201cavoir chant\u00e9 pour la LVF\u201d, il est lib\u00e9r\u00e9 quelques semaines plus tard\u2026 avec des excuses officielles. La classe !<\/p>\n<p>Pas de gros probl\u00e8me non plus pour Piaf et Tr\u00e9net, qui ont pouss\u00e9 la chansonnette jusqu\u2019au coeur du Reich, ni pour Fernandel et Chevalier, joyeux animateurs des soir\u00e9es de Radio-Paris. Moins encore pour Simone de Beauvoir, productrice notamment sur les m\u00eames ondes d\u2019une s\u00e9rie documentaire engag\u00e9e sur <em>l\u2019Histoire du music-hall<\/em>.<\/p>\n<p>Son comp\u00e8re Sartre, lui-m\u00eame \u00e9dit\u00e9 et jou\u00e9 sans rel\u00e2che, y compris devant des parterres vert-de-gris, justifiera ainsi apr\u00e8s la Lib\u00e9ration l\u2019\u00e9tat d\u2019esprit du couple durant ces ann\u00e9es noires : <em>\u00ab Me comprendra-t-on si je dis \u00e0 la fois que l\u2019Occupation \u00e9tait intol\u00e9rable et que nous nous en accommodions fort bien ? \u00bb <\/em>Mais oui, Jean-Paul, c\u2019est parfaitement clair !<\/p>\n<p><em>Publi\u00e9 dans Valeurs Actuelles, le jeudi 12 septembre 2013<\/em><\/p>\n","protected":false},"excerpt":{"rendered":"<p>Bien peu d\u2019artistes s\u2019engag\u00e8rent , tels Jean Gabin, contre le III\u00e8me Reich. La plupart\u00a0 firent comme si de rien n\u2019\u00e9tait, \u00e0 l\u2019instar de Fernandel et de Jean-Paul Sartre\u2026 Comme son titre l\u2019indique, l\u2019Occupation sans rel\u00e2che, documentaire rediffus\u00e9 sur France 5 l\u2019autre dimanche, raconte la vie artistique \u00e9tonnamment florissante en France durant ces ann\u00e9es sombres. Pour [&hellip;]<\/p>\n","protected":false},"author":9,"featured_media":0,"comment_status":"open","ping_status":"open","sticky":false,"template":"","format":"standard","meta":{"footnotes":""},"categories":[1],"tags":[575,573,570,578,577,571,582],"class_list":{"0":"post-1947","1":"post","2":"type-post","3":"status-publish","4":"format-standard","6":"category-non-classe","7":"tag-arletty","8":"tag-edith-piaf","9":"tag-fernandel","10":"tag-jean-gabin","11":"tag-louis-jouvet","12":"tag-sartre","13":"tag-simone-de-beauvoir"},"_links":{"self":[{"href":"https:\/\/blog.causeur.fr\/asiledeblog\/wp-json\/wp\/v2\/posts\/1947","targetHints":{"allow":["GET"]}}],"collection":[{"href":"https:\/\/blog.causeur.fr\/asiledeblog\/wp-json\/wp\/v2\/posts"}],"about":[{"href":"https:\/\/blog.causeur.fr\/asiledeblog\/wp-json\/wp\/v2\/types\/post"}],"author":[{"embeddable":true,"href":"https:\/\/blog.causeur.fr\/asiledeblog\/wp-json\/wp\/v2\/users\/9"}],"replies":[{"embeddable":true,"href":"https:\/\/blog.causeur.fr\/asiledeblog\/wp-json\/wp\/v2\/comments?post=1947"}],"version-history":[{"count":0,"href":"https:\/\/blog.causeur.fr\/asiledeblog\/wp-json\/wp\/v2\/posts\/1947\/revisions"}],"wp:attachment":[{"href":"https:\/\/blog.causeur.fr\/asiledeblog\/wp-json\/wp\/v2\/media?parent=1947"}],"wp:term":[{"taxonomy":"category","embeddable":true,"href":"https:\/\/blog.causeur.fr\/asiledeblog\/wp-json\/wp\/v2\/categories?post=1947"},{"taxonomy":"post_tag","embeddable":true,"href":"https:\/\/blog.causeur.fr\/asiledeblog\/wp-json\/wp\/v2\/tags?post=1947"}],"curies":[{"name":"wp","href":"https:\/\/api.w.org\/{rel}","templated":true}]}}