{"id":1950,"date":"2013-09-23T13:28:54","date_gmt":"2013-09-23T13:28:54","guid":{"rendered":"http:\/\/blog.causeur.fr\/asiledeblog\/?p=1950"},"modified":"2021-04-26T12:57:19","modified_gmt":"2021-04-26T10:57:19","slug":"villepin-sen-va-ten-paix","status":"publish","type":"post","link":"https:\/\/blog.causeur.fr\/asiledeblog\/villepin-sen-va-ten-paix-1950","title":{"rendered":"Villepin s\u2019en va-t\u2019en paix"},"content":{"rendered":"<p><strong>Irak 2003-Syrie 2013\u00a0: l\u2019ancien premier ministre sait faire preuve d\u2019une vision politique \u00e0 long terme &#8211; h\u00e9las seulement quand il s\u2019agit du Proche-Orient \u2026<\/strong><\/p>\n<p><a href=\"http:\/\/blog.causeur.fr\/asiledeblog\/villepin-s%e2%80%99en-va-t%e2%80%99en-paix-001950.html\/maxresdefault\" rel=\"attachment wp-att-1951\"><img loading=\"lazy\" decoding=\"async\" class=\"alignleft size-medium wp-image-1951\" src=\"http:\/\/blog.causeur.fr\/asiledeblog\/files\/2013\/09\/maxresdefault-300x168.jpg\" alt=\"\" width=\"300\" height=\"168\" srcset=\"https:\/\/blog.causeur.fr\/asiledeblog\/wp-content\/uploads\/sites\/10\/2013\/09\/maxresdefault-300x168.jpg 300w, https:\/\/blog.causeur.fr\/asiledeblog\/wp-content\/uploads\/sites\/10\/2013\/09\/maxresdefault-1024x576.jpg 1024w, https:\/\/blog.causeur.fr\/asiledeblog\/wp-content\/uploads\/sites\/10\/2013\/09\/maxresdefault.jpg 1280w\" sizes=\"auto, (max-width: 300px) 100vw, 300px\" \/><\/a>Je ne doutais pas que Fr\u00e9d\u00e9ric Tadde\u00ef, toujours en qu\u00eate de ce dissensus sans lequel il n\u2019est pas de bon d\u00e9bat, mettrait au menu de <em>Ce soir ou jamais<\/em> l\u2019affaire syrienne.<\/p>\n<p>C\u2019est ce qu\u2019il a fait d\u00e8s son \u00e9mission de rentr\u00e9e, soit trois jours avant l\u2019initiative russe. \u00c0 l\u2019\u00e9poque (!), une intervention militaire franco-am\u00e9ricaine semblait in\u00e9vitable \u00e0 tous, et m\u00eame indispensable aux yeux de certains.<br \/>\n<!--more--><br \/>\nCe soir-l\u00e0, donc, le match s\u2019engage entre deux <em>expertologues <\/em>aux opinions radicalement contradictoires. D\u2019un c\u00f4t\u00e9,\u00a0 Fr\u00e9d\u00e9ric Encel, \u00ab\u00a0<em>d\u00e9j\u00e0 favorable aux interventions en Irak, en Libye, en Afghanistan, au Kosovo et au Kowe\u00eft<\/em>\u00a0\u00bb, comme le pr\u00e9sente malignement Tadde\u00ef.<\/p>\n<p>Face \u00e0 lui, son coll\u00e8gue Michel Collon, pour qui il ne saurait y avoir de \u00ab\u00a0guerre juste\u00a0\u00bb\u00a0: elles cachent toujours leurs v\u00e9ritables objectifs, savez-vous, en fonction des intangibles \u00ab\u00a0<em>cinq principes de la propagande de guerre<\/em>\u00a0\u00bb que je ne vous ferai pas l\u2019affront de rappeler ici.<\/p>\n<p>Les deux Syriens pr\u00e9sents sur le plateau, bien qu\u2019hostiles l\u2019un et l\u2019autre \u00e0 Bachar el Assad, d\u00e9veloppent des points de vue tout aussi irr\u00e9conciliables.<\/p>\n<p>Du c\u00f4t\u00e9 des politiques, Elisabeth Guigou est tr\u00e8s en beaut\u00e9 mais, sans mentir, son ramage ne se rapporte gu\u00e8re \u00e0 son plumage. Elle plaide mollement pour \u00ab\u00a0<em>une intervention proportionn\u00e9e, cibl\u00e9e, qui contraigne Assad \u00e0 n\u00e9gocier<\/em>\u00a0\u00bb &#8211; \u00e9tant entendu qu\u2019au vu des circonstances, \u00ab\u00a0<em>le pire serait de ne rien faire<\/em>.\u00a0\u00bb<\/p>\n<p>Reprenant la balle au bond, Dominique de Villepin<span style=\"text-decoration: underline\">,<\/span> lui aussi rajeuni, rappelle utilement quelles sont ces \u00ab\u00a0circonstances\u00a0\u00bb\u00a0: \u00ab\u00a0<em>En fixant une <\/em>\u00ab\u00a0ligne rouge\u00a0\u00bb<em>, Obama s\u2019est li\u00e9 les mains<\/em>\u00a0\u00bb, et d\u00e9sormais tout le monde est bien embarrass\u00e9\u00a0! \u00ab\u00a0<em>Punir<\/em>\u00a0\u00bb, explique l\u2019ancien premier ministre et h\u00f4te du quai d\u2019Orsay, \u00ab\u00a0<em>c\u2019est du vocabulaire moral\u00a0; s\u00fbrement pas diplomatique ni strat\u00e9gique<\/em>\u00a0\u00bb. Sinon, qui se souviendrait du nom de Talleyrand\u00a0?<\/p>\n<p>La communaut\u00e9 internationale, poursuit-il, est tout enti\u00e8re suspendue \u00e0 l\u2019attente d\u2019un \u00ab\u00a0<em>fait nouveau<\/em>\u00a0\u00bb qui permettrait d\u2019\u00e9viter les cons\u00e9quences pr\u00e9visibles \u2013 et impr\u00e9visibles \u2013 de cette erreur d\u2019appr\u00e9ciation originelle.<\/p>\n<p>On n\u2019est pas plus visionnaire\u00a0! Le lundi suivant, Obama sera le premier \u00e0 saisir au vol la proposition russe de d\u00e9sarmement chimique de la Syrie.<\/p>\n<p>Sans \u00eatre un villepiniste fanatique (si \u00e7a existe), force est donc de reconna\u00eetre que le Galouzeau a tenu ce soir-l\u00e0 le langage de la raison. \u00c0 mes yeux, c\u2019est m\u00eame le meilleur r\u00f4le de sa carri\u00e8re\u00a0: une reprise de celui qui avait fait son succ\u00e8s en 2003, face \u00e0 George W. Bush, \u00e0 l\u2019affiche de <em>Operation Iraqi Freedom<\/em>.<\/p>\n<p>Pour le reste, il faut bien le dire, le \u00ab\u00a0spectateur engag\u00e9\u00a0\u00bb que je suis ne l\u2019a vu que dans des nanars dispensables comme la tragi-com\u00e9die <em>Une seule solution, la dissolution\u00a0!<\/em> (1997), le ballet-fantaisie <em>Le CPE, ou Comment s\u2019en d\u00e9barrasser<\/em>, ou l\u2019interminable thriller politico-judiciare <em>Clearstream 2<\/em>. Un feuilleton \u00e9tal\u00e9 de 2004 \u00e0 2010, et dont les spectateurs lambda comme moi n\u2019ont toujours pas compris le fin mot\u2026<\/p>\n<p>Mais bon, ce soir-l\u00e0 sur le plateau de Tadde\u00ef, Villepin fut un homme d\u2019Etat. Ne boudons pas notre plaisir\u00a0!<\/p>\n<p>Article publi\u00e9 dans Valeurs Actuelles, le jeudi 19 septembre 2013<\/p>\n","protected":false},"excerpt":{"rendered":"<p>Irak 2003-Syrie 2013\u00a0: l\u2019ancien premier ministre sait faire preuve d\u2019une vision politique \u00e0 long terme &#8211; h\u00e9las seulement quand il s\u2019agit du Proche-Orient \u2026 Je ne doutais pas que Fr\u00e9d\u00e9ric Tadde\u00ef, toujours en qu\u00eate de ce dissensus sans lequel il n\u2019est pas de bon d\u00e9bat, mettrait au menu de Ce soir ou jamais l\u2019affaire syrienne. [&hellip;]<\/p>\n","protected":false},"author":9,"featured_media":0,"comment_status":"open","ping_status":"open","sticky":false,"template":"","format":"standard","meta":{"footnotes":""},"categories":[1],"tags":[588,586,585],"class_list":{"0":"post-1950","1":"post","2":"type-post","3":"status-publish","4":"format-standard","6":"category-non-classe","7":"tag-bachar-el-assad","8":"tag-dominique-de-villepin","9":"tag-elisabeth-guigou"},"_links":{"self":[{"href":"https:\/\/blog.causeur.fr\/asiledeblog\/wp-json\/wp\/v2\/posts\/1950","targetHints":{"allow":["GET"]}}],"collection":[{"href":"https:\/\/blog.causeur.fr\/asiledeblog\/wp-json\/wp\/v2\/posts"}],"about":[{"href":"https:\/\/blog.causeur.fr\/asiledeblog\/wp-json\/wp\/v2\/types\/post"}],"author":[{"embeddable":true,"href":"https:\/\/blog.causeur.fr\/asiledeblog\/wp-json\/wp\/v2\/users\/9"}],"replies":[{"embeddable":true,"href":"https:\/\/blog.causeur.fr\/asiledeblog\/wp-json\/wp\/v2\/comments?post=1950"}],"version-history":[{"count":0,"href":"https:\/\/blog.causeur.fr\/asiledeblog\/wp-json\/wp\/v2\/posts\/1950\/revisions"}],"wp:attachment":[{"href":"https:\/\/blog.causeur.fr\/asiledeblog\/wp-json\/wp\/v2\/media?parent=1950"}],"wp:term":[{"taxonomy":"category","embeddable":true,"href":"https:\/\/blog.causeur.fr\/asiledeblog\/wp-json\/wp\/v2\/categories?post=1950"},{"taxonomy":"post_tag","embeddable":true,"href":"https:\/\/blog.causeur.fr\/asiledeblog\/wp-json\/wp\/v2\/tags?post=1950"}],"curies":[{"name":"wp","href":"https:\/\/api.w.org\/{rel}","templated":true}]}}