{"id":1954,"date":"2013-09-27T14:19:28","date_gmt":"2013-09-27T14:19:28","guid":{"rendered":"http:\/\/blog.causeur.fr\/asiledeblog\/?p=1954"},"modified":"2021-04-26T12:57:19","modified_gmt":"2021-04-26T10:57:19","slug":"valls-ou-la-gauche-adroite","status":"publish","type":"post","link":"https:\/\/blog.causeur.fr\/asiledeblog\/valls-ou-la-gauche-adroite-1954","title":{"rendered":"Valls ou la gauche adroite"},"content":{"rendered":"<p><strong>Fini le minist\u00e8re de la Parole\u00a0: avant de songer \u00e0 l\u2019Elys\u00e9e, le jeune Manuel devra faire ses preuves \u00e0 Beauvau\u00a0!<\/strong><\/p>\n<p><a href=\"http:\/\/blog.causeur.fr\/asiledeblog\/valls-ou-la-gauche-adroite,001954\/manuel-valls-lors-de-son-discours-a-l-universite-d-ete-du-ps-photo-afp\" rel=\"attachment wp-att-1955\"><img loading=\"lazy\" decoding=\"async\" class=\"alignleft size-medium wp-image-1955\" src=\"http:\/\/blog.causeur.fr\/asiledeblog\/files\/2013\/09\/manuel-valls-lors-de-son-discours-a-l-universite-d-ete-du-ps-photo-afp-300x199.jpg\" alt=\"\" width=\"300\" height=\"199\" srcset=\"https:\/\/blog.causeur.fr\/asiledeblog\/wp-content\/uploads\/sites\/10\/2013\/09\/manuel-valls-lors-de-son-discours-a-l-universite-d-ete-du-ps-photo-afp-300x199.jpg 300w, https:\/\/blog.causeur.fr\/asiledeblog\/wp-content\/uploads\/sites\/10\/2013\/09\/manuel-valls-lors-de-son-discours-a-l-universite-d-ete-du-ps-photo-afp.jpg 670w\" sizes=\"auto, (max-width: 300px) 100vw, 300px\" \/><\/a>L\u2019autre jeudi, <em>Compl\u00e9ment d\u2019enqu\u00eate<\/em> consacrait son num\u00e9ro de rentr\u00e9e \u00e0 <em>Manuel Valls, l\u2019affranchi<\/em>. Rassurez-vous\u00a0: il ne s\u2019agissait pas de comparer le \u00ab\u00a0<em>premier flic de France<\/em>\u00a0\u00bb aux<em> <\/em>voyous du film de Scorsese\u2026 Ce titre r\u00e9sume seulement le nouvel \u00e9tat d\u2019esprit de notre ministre de l\u2019Int\u00e9rieur tel qu\u2019il ressort du documentaire. Le militant politique qui avait adh\u00e9r\u00e9 au Parti socialiste \u00e0 l\u2019\u00e2ge de dix-sept ans se sent enfin \u00e9mancip\u00e9 de la discipline qui avait si longtemps brid\u00e9 son ambition.<br \/>\n<!--more--><br \/>\nDepuis quatre ans au moins, Valls n\u2019en fait plus myst\u00e8re\u00a0: il n\u2019aspire qu\u2019\u00e0 l\u2019Elys\u00e9e, et le plus vite possible\u00a0! Mettez-vous \u00e0 sa place : trois d\u00e9cennies \u00e0 avaler des couleuvres dans les couloirs du PS, \u00e7a suffit\u00a0! Pour un homme de sa valeur, c\u2019est m\u00eame du g\u00e2chis\u2026 L\u2019heure est venue de donner aux Fran\u00e7ais le meilleur pr\u00e9sident que la terre catalane ait port\u00e9.<\/p>\n<p>Si c\u2019est vrai, le documentaire de Beno\u00eet Duquesne tombe \u00e0 point nomm\u00e9 pour apprendre \u00e0 mieux faire connaissance avec notre futur de chef de l\u2019Etat\u2026 Les t\u00e9moignages de proches, de journalistes et d\u2019adversaires (notamment dans son propre parti) concourent \u00e0 dessiner le portrait d\u2019un homme brillant, col\u00e9rique et \u00ab\u00a0<em>dominateur\u00a0<\/em>\u00bb \u2013 comme dit Marie-No\u00eblle Lienemann, et comme sugg\u00e8rent tous les autres\u2026 Nous voil\u00e0 pr\u00e9venus.<\/p>\n<p>Quant \u00e0 son parcours, il est marqu\u00e9 par \u00ab<em>\u00a0la t\u00e9nacit\u00e9\u00a0dans la coh\u00e9rence\u00a0<\/em>\u00bb \u2013 comme dira sans doute son affiche de 2017.<\/p>\n<p>Fid\u00e8le \u00e0 ses convictions socialo-lib\u00e9rales depuis la \u00ab\u00a0<em>deuxi\u00e8me <\/em>gauche\u00a0\u00bb rocardienne, Valls y a rajout\u00e9 entretemps un solide volet s\u00e9curitaire, \u00e0 l\u2019attention d\u2019une opinion de plus en plus inqui\u00e8te \u00e0 ce sujet.<\/p>\n<p>Fid\u00e8le surtout \u00e0 lui-m\u00eame et \u00e0 une foi in\u00e9branlable dans son \u00ab\u00a0destin national\u00a0\u00bb, il a pour l\u2019accomplir un plan audacieux\u00a0: escalader la France par la face droite de la gauche.<\/p>\n<p>Pour notre \u00ab\u00a0<em>humaniste \u00e0 poigne\u00a0<\/em>\u00bb, jusqu\u2019ici tout va bien. En mai 2012, \u00e0 cinquante ans \u00e0 peine, Valls acc\u00e8de \u00e0 l\u2019avant-derni\u00e8re marche de son ascension programm\u00e9e\u00a0: Beauvau. Cinq mois plus tard, il devient l\u2019homme politique pr\u00e9f\u00e9r\u00e9 des Fran\u00e7ais, s\u00e9duisant \u00e0 droite autant qu\u2019\u00e0 gauche.<\/p>\n<p>Un seul probl\u00e8me\u00a0: le minist\u00e8re de l\u2019Int\u00e9rieur n\u2019est pas le minist\u00e8re de la Parole\u00a0! \u00c0 ce poste, les Fran\u00e7ais attendent de lui des r\u00e9sultats, surtout dans une p\u00e9riode o\u00f9 les probl\u00e8mes de d\u00e9linquance se retrouvent constamment sous les feux de l\u2019actualit\u00e9.<\/p>\n<p>Difficile pour Valls de se d\u00e9fausser sur Taubira, Ayrault et Hollande \u2013 sous peine d\u2019admettre qu\u2019il ne sert \u00e0 rien. Or les r\u00e9sultats tardent \u00e0 venir, et on commence \u00e0 le lui reprocher\u00a0! La semaine derni\u00e8re, dans un sondage Ipsos publi\u00e9 par <em>Le Point<\/em>, il perdait pour la premi\u00e8re fois depuis un an sa place de n\u00b01 dans le c\u0153ur des Fran\u00e7ais.<\/p>\n<p>Tel est le risque de sa strat\u00e9gie du grand \u00e9cart\u00a0: tomber dans le vide, comme le soulignent aimablement tour \u00e0 tour le filloniste droitier Eric Ciotti et la socialiste \u00e9carlate Marie-No\u00eblle Lienemann.<\/p>\n<p>D\u2019un autre c\u00f4t\u00e9, vous me direz, un homme qui a su r\u00e9concilier ainsi contre lui la gauche du PS et la droite de l\u2019UMP doit \u00eatre capable de tous les miracles\u2026<\/p>\n<p><em>Article publi\u00e9 dans Valeurs Actuelles, le 26 septembre 2013<\/em><\/p>\n","protected":false},"excerpt":{"rendered":"<p>Fini le minist\u00e8re de la Parole\u00a0: avant de songer \u00e0 l\u2019Elys\u00e9e, le jeune Manuel devra faire ses preuves \u00e0 Beauvau\u00a0! L\u2019autre jeudi, Compl\u00e9ment d\u2019enqu\u00eate consacrait son num\u00e9ro de rentr\u00e9e \u00e0 Manuel Valls, l\u2019affranchi. Rassurez-vous\u00a0: il ne s\u2019agissait pas de comparer le \u00ab\u00a0premier flic de France\u00a0\u00bb aux voyous du film de Scorsese\u2026 Ce titre r\u00e9sume seulement [&hellip;]<\/p>\n","protected":false},"author":9,"featured_media":0,"comment_status":"open","ping_status":"open","sticky":false,"template":"","format":"standard","meta":{"footnotes":""},"categories":[1],"tags":[245,592,503,589],"class_list":{"0":"post-1954","1":"post","2":"type-post","3":"status-publish","4":"format-standard","6":"category-non-classe","7":"tag-benoit-duquesne","8":"tag-hollande","9":"tag-manuel-valls","10":"tag-marie-noelle-lienemann"},"_links":{"self":[{"href":"https:\/\/blog.causeur.fr\/asiledeblog\/wp-json\/wp\/v2\/posts\/1954","targetHints":{"allow":["GET"]}}],"collection":[{"href":"https:\/\/blog.causeur.fr\/asiledeblog\/wp-json\/wp\/v2\/posts"}],"about":[{"href":"https:\/\/blog.causeur.fr\/asiledeblog\/wp-json\/wp\/v2\/types\/post"}],"author":[{"embeddable":true,"href":"https:\/\/blog.causeur.fr\/asiledeblog\/wp-json\/wp\/v2\/users\/9"}],"replies":[{"embeddable":true,"href":"https:\/\/blog.causeur.fr\/asiledeblog\/wp-json\/wp\/v2\/comments?post=1954"}],"version-history":[{"count":0,"href":"https:\/\/blog.causeur.fr\/asiledeblog\/wp-json\/wp\/v2\/posts\/1954\/revisions"}],"wp:attachment":[{"href":"https:\/\/blog.causeur.fr\/asiledeblog\/wp-json\/wp\/v2\/media?parent=1954"}],"wp:term":[{"taxonomy":"category","embeddable":true,"href":"https:\/\/blog.causeur.fr\/asiledeblog\/wp-json\/wp\/v2\/categories?post=1954"},{"taxonomy":"post_tag","embeddable":true,"href":"https:\/\/blog.causeur.fr\/asiledeblog\/wp-json\/wp\/v2\/tags?post=1954"}],"curies":[{"name":"wp","href":"https:\/\/api.w.org\/{rel}","templated":true}]}}